{"id":745489,"date":"2025-06-08T15:02:23","date_gmt":"2025-06-08T13:02:23","guid":{"rendered":"https:\/\/www.hashtag.al\/?p=745489"},"modified":"2025-06-08T15:02:23","modified_gmt":"2025-06-08T13:02:23","slug":"gjermania-planifikon-zgjerim-te-shpejte-te-bunkereve-mes-frikes-nga-nje-sulm-rus","status":"publish","type":"post","link":"https:\/\/www.hashtag.al\/index.php\/2025\/06\/08\/gjermania-planifikon-zgjerim-te-shpejte-te-bunkereve-mes-frikes-nga-nje-sulm-rus\/","title":{"rendered":"Gjermania planifikon zgjerim t\u00eb shpejt\u00eb t\u00eb bunker\u00ebve mes frik\u00ebs nga nj\u00eb sulm rus","gt_translate_keys":[{"key":"rendered","format":"text"}]},"content":{"rendered":"<p><span style=\"color: #000000;\"><img loading=\"lazy\" decoding=\"async\" class=\"alignnone size-medium wp-image-745490\" src=\"https:\/\/www.hashtag.al\/wp-content\/uploads\/2025\/06\/Screenshot-2025-06-08-142036-300x171.png\" alt=\"\" width=\"300\" height=\"171\" srcset=\"https:\/\/www.hashtag.al\/wp-content\/uploads\/2025\/06\/Screenshot-2025-06-08-142036-300x171.png 300w, https:\/\/www.hashtag.al\/wp-content\/uploads\/2025\/06\/Screenshot-2025-06-08-142036-768x438.png 768w, https:\/\/www.hashtag.al\/wp-content\/uploads\/2025\/06\/Screenshot-2025-06-08-142036.png 775w\" sizes=\"auto, (max-width: 300px) 100vw, 300px\" \/><\/span><\/p>\n<p><span style=\"color: #000000;\">Gjermania po p\u00ebrgatit plane p\u00ebr t\u00eb zgjeruar me urgjenc\u00eb rrjetin e saj t\u00eb bunker\u00ebve dhe strehimeve kund\u00ebr bombardimeve, mes shqet\u00ebsimeve n\u00eb rritje p\u00ebr nj\u00eb sulm t\u00eb mundsh\u00ebm nga Rusia brenda kat\u00ebr viteve t\u00eb ardhshme.<\/span><\/p>\n<p><span style=\"color: #000000;\">Ralph Tiesler, drejtori i Zyr\u00ebs Federale p\u00ebr Mbrojtjen Civile dhe Asistenc\u00ebn ndaj Katastrofave (BBK), deklaroi se vendi m\u00eb i madh ekonomikisht n\u00eb Evrop\u00eb \u00ebsht\u00eb i pap\u00ebrgatitur p\u00ebr nj\u00eb konflikt t\u00eb till\u00eb dhe duhet t\u00eb zgjohet p\u00ebrball\u00eb realitetit t\u00eb nj\u00eb lufte t\u00eb mundshme.<\/span><\/p>\n<p><span style=\"color: #000000;\"><em>\u201cP\u00ebr nj\u00eb koh\u00eb t\u00eb gjat\u00eb n\u00eb Gjermani ka mbizot\u00ebruar bindja se lufta nuk ishte nj\u00eb skenar p\u00ebr t\u00eb cilin duhej t\u00eb p\u00ebrgatiteshim. Kjo ka ndryshuar. Jemi t\u00eb shqet\u00ebsuar p\u00ebr rrezikun e nj\u00eb lufte t\u00eb madhe agresioni n\u00eb Evrop\u00eb,\u201d<\/em> tha Tiesler p\u00ebr gazet\u00ebn <em>S\u00fcddeutsche Zeitung<\/em>, p\u00ebrcjell <span style=\"color: #0000ff;\"><a style=\"color: #0000ff;\" href=\"https:\/\/www.theguardian.com\/world\/2025\/jun\/07\/germany-plans-rapid-bunker-expansion-amid-fears-of-russian-attack\">The Guardian.<\/a><\/span><\/span><\/p>\n<p><span style=\"color: #000000;\">Ai b\u00ebri thirrje p\u00ebr nj\u00eb p\u00ebrpjekje komb\u00ebtare p\u00ebr t\u00eb kthyer tunelet, stacionet e metros\u00eb, garazhet n\u00ebntok\u00ebsore, vendparkimet dhe bodrumet e godinave publike n\u00eb strehimore mbrojt\u00ebse, me q\u00ebllim q\u00eb t\u00eb krijohet sa m\u00eb shpejt hap\u00ebsir\u00eb p\u00ebr 1 milion njer\u00ebz. BBK do t\u00eb prezantoj\u00eb nj\u00eb plan t\u00eb detajuar m\u00eb von\u00eb gjat\u00eb ver\u00ebs.<\/span><\/p>\n<p><span style=\"color: #000000;\">Sipas Tiesler, nd\u00ebrtimi i bunker\u00ebve t\u00eb rinj do t\u00eb k\u00ebrkonte koh\u00eb dhe kosto t\u00eb larta, prandaj duhet t\u00eb shfryt\u00ebzohen menj\u00ebher\u00eb strukturat ekzistuese.<\/span><\/p>\n<p><span style=\"color: #000000;\">Lufta e vazhdueshme e Rusis\u00eb n\u00eb Ukrain\u00eb ka shkaktuar frik\u00eb n\u00eb vendet baltike, Poloni dhe Gjermani, se Moska mund t\u00eb hap\u00eb fronte t\u00eb reja n\u00eb Evrop\u00eb. Vet\u00ebm nat\u00ebn e kaluar, Rusia goditi me raketa dhe bomba qytetin e Kharkivit n\u00eb Ukrain\u00eb, duke l\u00ebn\u00eb tre t\u00eb vdekur dhe 22 t\u00eb plagosur.<\/span><\/p>\n<p><span style=\"color: #000000;\">Nga rreth 2,000 bunker\u00eb dhe dhoma mbrojt\u00ebse t\u00eb mbetura n\u00eb Gjermani q\u00eb nga Lufta e Ftoht\u00eb, vet\u00ebm rreth 580 jan\u00eb funksionale, dhe shumica kan\u00eb nevoj\u00eb p\u00ebr investime prej miliona eurosh p\u00ebr rinovim.<\/span><\/p>\n<p><span style=\"color: #000000;\">Ato mund t\u00eb strehojn\u00eb vet\u00ebm rreth 480,000 persona \u2013 m\u00eb pak se 0.5% e popullsis\u00eb s\u00eb Gjermanis\u00eb. N\u00eb krahasim, Finlanda ka 50,000 dhoma mbrojt\u00ebse p\u00ebr 4.8 milion banor\u00eb, q\u00eb mbulojn\u00eb rreth 85% t\u00eb popullsis\u00eb s\u00eb saj.<\/span><\/p>\n<p><span style=\"color: #000000;\">Tiesler theksoi gjithashtu nevoj\u00ebn p\u00ebr p\u00ebrmir\u00ebsimin e sistemeve t\u00eb informacionit publik, si aplikacione, tabela rrugore dhe sirena paralajm\u00ebruese. Ai shtoi se aplikacionet ekzistuese t\u00eb alarmit duhet t\u00eb mbrohen m\u00eb mir\u00eb nga haker\u00ebt.<\/span><\/p>\n<p><span style=\"color: #000000;\">Ai i k\u00ebrkoi qeveris\u00eb s\u00eb Friedrich Merz q\u00eb t\u00eb siguroj\u00eb fondet e nevojshme p\u00ebr zbatimin e k\u00ebtyre planeve. Megjith\u00ebse qeveria ka pranuar domosdoshm\u00ebrin\u00eb e tyre, nuk ka miratuar ende zyrtarisht financimin p\u00ebrkat\u00ebs.<\/span><\/p>\n<p><span style=\"color: #000000;\">Fondet pritet t\u00eb vijn\u00eb nga miliardat q\u00eb jan\u00eb v\u00ebn\u00eb n\u00eb dispozicion pasi parlamenti gjerman pezulloi kufirin e borxhit n\u00eb mars, duke mund\u00ebsuar investime t\u00eb m\u00ebdha n\u00eb ushtri, infrastruktur\u00eb strategjike (si rrug\u00ebt dhe urat q\u00eb mund t\u00eb mbajn\u00eb tanke) dhe mbrojtje civile.<\/span><\/p>\n<p><span style=\"color: #000000;\">Edhe sh\u00ebrbimet inteligjente dhe strukturat p\u00ebr siguri kibernetike, q\u00eb jan\u00eb n\u00eb nevoj\u00eb t\u00eb madhe p\u00ebr investime, po garojn\u00eb p\u00ebr t\u00eb nj\u00ebjtat fonde.<\/span><\/p>\n<p><span style=\"color: #000000;\">Tiesler vler\u00ebson se Gjermanis\u00eb do t\u2019i duhen t\u00eb pakt\u00ebn 10 miliard\u00eb euro gjat\u00eb kat\u00ebr viteve t\u00eb ardhshme dhe t\u00eb pakt\u00ebn 30 miliard\u00eb euro brenda nj\u00eb dekade p\u00ebr t\u00eb mbuluar nevojat e mbrojtjes civile.<\/span><\/p>\n<p><span style=\"color: #000000;\">Ai gjithashtu b\u00ebri thirrje p\u00ebr krijimin e nj\u00eb sh\u00ebrbimi t\u00eb detyruesh\u00ebm ose vullnetar p\u00ebr mbrojtjen civile dhe inkurajoi qytetar\u00ebt q\u00eb t\u00eb rrisin q\u00ebndrueshm\u00ebrin\u00eb e tyre, duke mbledhur furnizime emergjente p\u00ebr t\u00eb pakt\u00ebn 10 dit\u00eb, n\u00eb rast t\u00eb mungesave t\u00eb energjis\u00eb apo ujit.<\/span><\/p>\n<p><span style=\"color: #000000;\"><em>\u201cThirrja jon\u00eb \u00ebsht\u00eb: krijoni rezerva p\u00ebr 10 dit\u00eb, n\u00ebse \u00ebsht\u00eb e mundur<\/em>,\u201d tha Tiesler, duke theksuar se \u201c<em>edhe furnizimet p\u00ebr 72 or\u00eb do t\u00eb ishin shum\u00eb t\u00eb dobishme p\u00ebr t\u00eb p\u00ebrballuar nd\u00ebrprerjet e vogla t\u00eb jet\u00ebs s\u00eb p\u00ebrditshme.\u201d<\/em><\/span><\/p>\n","protected":false,"gt_translate_keys":[{"key":"rendered","format":"html"}]},"excerpt":{"rendered":"<p>Gjermania po p\u00ebrgatit plane p\u00ebr t\u00eb zgjeruar me urgjenc\u00eb rrjetin e saj t\u00eb bunker\u00ebve dhe strehimeve kund\u00ebr bombardimeve, mes shqet\u00ebsimeve n\u00eb rritje p\u00ebr nj\u00eb sulm t\u00eb mundsh\u00ebm nga Rusia brenda kat\u00ebr viteve t\u00eb ardhshme. Ralph Tiesler, drejtori i Zyr\u00ebs Federale p\u00ebr Mbrojtjen Civile dhe Asistenc\u00ebn ndaj Katastrofave (BBK), deklaroi se vendi m\u00eb i madh ekonomikisht [&hellip;]<\/p>\n","protected":false,"gt_translate_keys":[{"key":"rendered","format":"html"}]},"author":32,"featured_media":745490,"comment_status":"closed","ping_status":"open","sticky":false,"template":"","format":"standard","meta":{"footnotes":""},"categories":[53],"tags":[],"class_list":["post-745489","post","type-post","status-publish","format-standard","has-post-thumbnail","hentry","category-fast-foodi"],"gt_translate_keys":[{"key":"link","format":"url"}],"_links":{"self":[{"href":"https:\/\/www.hashtag.al\/index.php\/wp-json\/wp\/v2\/posts\/745489","targetHints":{"allow":["GET"]}}],"collection":[{"href":"https:\/\/www.hashtag.al\/index.php\/wp-json\/wp\/v2\/posts"}],"about":[{"href":"https:\/\/www.hashtag.al\/index.php\/wp-json\/wp\/v2\/types\/post"}],"author":[{"embeddable":true,"href":"https:\/\/www.hashtag.al\/index.php\/wp-json\/wp\/v2\/users\/32"}],"replies":[{"embeddable":true,"href":"https:\/\/www.hashtag.al\/index.php\/wp-json\/wp\/v2\/comments?post=745489"}],"version-history":[{"count":99999,"href":"https:\/\/www.hashtag.al\/index.php\/wp-json\/wp\/v2\/posts\/745489\/revisions"}],"predecessor-version":[{"id":745491,"href":"https:\/\/www.hashtag.al\/index.php\/wp-json\/wp\/v2\/posts\/745489\/revisions\/745491"}],"wp:featuredmedia":[{"embeddable":true,"href":"https:\/\/www.hashtag.al\/index.php\/wp-json\/wp\/v2\/media\/745490"}],"wp:attachment":[{"href":"https:\/\/www.hashtag.al\/index.php\/wp-json\/wp\/v2\/media?parent=745489"}],"wp:term":[{"taxonomy":"category","embeddable":true,"href":"https:\/\/www.hashtag.al\/index.php\/wp-json\/wp\/v2\/categories?post=745489"},{"taxonomy":"post_tag","embeddable":true,"href":"https:\/\/www.hashtag.al\/index.php\/wp-json\/wp\/v2\/tags?post=745489"}],"curies":[{"name":"wp","href":"https:\/\/api.w.org\/{rel}","templated":true}]}}