{"id":745478,"date":"2025-06-08T13:22:45","date_gmt":"2025-06-08T11:22:45","guid":{"rendered":"https:\/\/www.hashtag.al\/?p=745478"},"modified":"2025-06-08T13:22:45","modified_gmt":"2025-06-08T11:22:45","slug":"balliu-ne-berlin-farsa-elektorale-e-rames-nuk-mund-te-ndaloje-aspiraten-europiane-te-shqiptareve","status":"publish","type":"post","link":"https:\/\/www.hashtag.al\/index.php\/2025\/06\/08\/balliu-ne-berlin-farsa-elektorale-e-rames-nuk-mund-te-ndaloje-aspiraten-europiane-te-shqiptareve\/","title":{"rendered":"Balliu n\u00eb Berlin: Farsa elektorale e Ram\u00ebs nuk mund t\u00eb ndaloj\u00eb aspirat\u00ebn europiane t\u00eb shqiptar\u00ebve","gt_translate_keys":[{"key":"rendered","format":"text"}]},"content":{"rendered":"<p>&nbsp;<\/p>\n<p><span style=\"color: #000000;\"><img loading=\"lazy\" decoding=\"async\" class=\"alignnone size-medium wp-image-745479\" src=\"https:\/\/www.hashtag.al\/wp-content\/uploads\/2025\/06\/ccccccc-300x205.jpg\" alt=\"\" width=\"300\" height=\"205\" srcset=\"https:\/\/www.hashtag.al\/wp-content\/uploads\/2025\/06\/ccccccc-300x205.jpg 300w, https:\/\/www.hashtag.al\/wp-content\/uploads\/2025\/06\/ccccccc-768x524.jpg 768w, https:\/\/www.hashtag.al\/wp-content\/uploads\/2025\/06\/ccccccc.jpg 926w\" sizes=\"auto, (max-width: 300px) 100vw, 300px\" \/><\/span><\/p>\n<p><span style=\"color: #000000;\">Deputeti i Partis\u00eb Demokratike, Klevis Balliu, ka zhvilluar nj\u00eb s\u00ebr\u00eb takimesh t\u00eb nivelit t\u00eb lart\u00eb n\u00eb Berlin, ku \u00ebsht\u00eb pritur nga p\u00ebrfaq\u00ebsues t\u00eb Bundestagut gjerman dhe t\u00eb Parlamentit Europian, si dhe nga figura me pesh\u00eb t\u00eb politik\u00ebs gjermane dhe nd\u00ebrkomb\u00ebtare.<\/span><\/p>\n<p><span style=\"color: #000000;\">Gjat\u00eb vizit\u00ebs zyrtare, Balliu u takua me Tilo Braune, ish-Sekretar Shteti n\u00eb Ministrin\u00eb Federale p\u00ebr Transport, Nd\u00ebrtim dhe Strehim t\u00eb Gjermanis\u00eb, me George Tsereteli, ish-President i Asambles\u00eb Parlamentare t\u00eb OSBE-s\u00eb, si dhe me deputetin gjerman Volkmar Klein.<\/span><\/p>\n<p><span style=\"color: #000000;\">N\u00eb k\u00ebto takime, ai shprehu shqet\u00ebsimin p\u00ebr gjendjen e demokracis\u00eb n\u00eb Shqip\u00ebri dhe tha se kapja e institucioneve nga Kryeministri Edi Rama ka \u00e7uar n\u00eb degradimin e standardeve demokratike.<\/span><\/p>\n<p><span style=\"color: #000000;\"><em>\u201cZgjedhjet vendore t\u00eb 11 majit p\u00ebrfaq\u00ebsojn\u00eb nj\u00eb proces t\u00ebr\u00ebsisht t\u00eb deformuar, t\u00eb p\u00ebrdorur p\u00ebr konsolidimin e pushtetit personal, n\u00eb kund\u00ebrshtim me parimet e nj\u00eb sistemi demokratik funksional,\u201d<\/em> deklaroi Balliu.<\/span><\/p>\n<p><span style=\"color: #000000;\">Ai theksoi se aspirata europiane e Shqip\u00ebris\u00eb \u00ebsht\u00eb nj\u00eb projekt komb\u00ebtar q\u00eb i p\u00ebrket qytetar\u00ebve dhe nuk mund t\u00eb pengohet nga interesa politike t\u00eb ngushta apo tendenca autokratike.<\/span><\/p>\n<p><span style=\"color: #000000;\">\u201c<em>Shteti i s\u00eb drejt\u00ebs dhe funksionimi mbi vlera per\u00ebndimore jan\u00eb themelet e integrimit. Asnj\u00eb fars\u00eb elektorale nuk mund t\u00eb shuaj\u00eb vullnetin e shqiptar\u00ebve p\u00ebr t\u2019u b\u00ebr\u00eb pjes\u00eb e BE-s\u00eb,\u201d<\/em> shkruan Balliu.<\/span><\/p>\n","protected":false,"gt_translate_keys":[{"key":"rendered","format":"html"}]},"excerpt":{"rendered":"<p>&nbsp; Deputeti i Partis\u00eb Demokratike, Klevis Balliu, ka zhvilluar nj\u00eb s\u00ebr\u00eb takimesh t\u00eb nivelit t\u00eb lart\u00eb n\u00eb Berlin, ku \u00ebsht\u00eb pritur nga p\u00ebrfaq\u00ebsues t\u00eb Bundestagut gjerman dhe t\u00eb Parlamentit Europian, si dhe nga figura me pesh\u00eb t\u00eb politik\u00ebs gjermane dhe nd\u00ebrkomb\u00ebtare. Gjat\u00eb vizit\u00ebs zyrtare, Balliu u takua me Tilo Braune, ish-Sekretar Shteti n\u00eb Ministrin\u00eb Federale [&hellip;]<\/p>\n","protected":false,"gt_translate_keys":[{"key":"rendered","format":"html"}]},"author":32,"featured_media":745479,"comment_status":"closed","ping_status":"open","sticky":false,"template":"","format":"standard","meta":{"footnotes":""},"categories":[65],"tags":[],"class_list":["post-745478","post","type-post","status-publish","format-standard","has-post-thumbnail","hentry","category-lajme"],"gt_translate_keys":[{"key":"link","format":"url"}],"_links":{"self":[{"href":"https:\/\/www.hashtag.al\/index.php\/wp-json\/wp\/v2\/posts\/745478","targetHints":{"allow":["GET"]}}],"collection":[{"href":"https:\/\/www.hashtag.al\/index.php\/wp-json\/wp\/v2\/posts"}],"about":[{"href":"https:\/\/www.hashtag.al\/index.php\/wp-json\/wp\/v2\/types\/post"}],"author":[{"embeddable":true,"href":"https:\/\/www.hashtag.al\/index.php\/wp-json\/wp\/v2\/users\/32"}],"replies":[{"embeddable":true,"href":"https:\/\/www.hashtag.al\/index.php\/wp-json\/wp\/v2\/comments?post=745478"}],"version-history":[{"count":99999,"href":"https:\/\/www.hashtag.al\/index.php\/wp-json\/wp\/v2\/posts\/745478\/revisions"}],"predecessor-version":[{"id":745480,"href":"https:\/\/www.hashtag.al\/index.php\/wp-json\/wp\/v2\/posts\/745478\/revisions\/745480"}],"wp:featuredmedia":[{"embeddable":true,"href":"https:\/\/www.hashtag.al\/index.php\/wp-json\/wp\/v2\/media\/745479"}],"wp:attachment":[{"href":"https:\/\/www.hashtag.al\/index.php\/wp-json\/wp\/v2\/media?parent=745478"}],"wp:term":[{"taxonomy":"category","embeddable":true,"href":"https:\/\/www.hashtag.al\/index.php\/wp-json\/wp\/v2\/categories?post=745478"},{"taxonomy":"post_tag","embeddable":true,"href":"https:\/\/www.hashtag.al\/index.php\/wp-json\/wp\/v2\/tags?post=745478"}],"curies":[{"name":"wp","href":"https:\/\/api.w.org\/{rel}","templated":true}]}}