{"id":745133,"date":"2025-06-05T19:29:32","date_gmt":"2025-06-05T17:29:32","guid":{"rendered":"https:\/\/www.hashtag.al\/?p=745133"},"modified":"2025-06-05T19:29:32","modified_gmt":"2025-06-05T17:29:32","slug":"ish-te-perndjekurit-proteste-ne-burgun-e-spacit-kunder-restaurimit","status":"publish","type":"post","link":"https:\/\/www.hashtag.al\/index.php\/2025\/06\/05\/ish-te-perndjekurit-proteste-ne-burgun-e-spacit-kunder-restaurimit\/","title":{"rendered":"Ish-t\u00eb p\u00ebrndjekurit protest\u00eb n\u00eb burgun e Spa\u00e7it, kund\u00ebr restaurimit","gt_translate_keys":[{"key":"rendered","format":"text"}]},"content":{"rendered":"<p><img loading=\"lazy\" decoding=\"async\" class=\"alignnone wp-image-745134 size-full\" src=\"https:\/\/www.hashtag.al\/wp-content\/uploads\/2025\/06\/IMG_7445.jpg\" alt=\"\" width=\"2263\" height=\"1234\" srcset=\"https:\/\/www.hashtag.al\/wp-content\/uploads\/2025\/06\/IMG_7445.jpg 2263w, https:\/\/www.hashtag.al\/wp-content\/uploads\/2025\/06\/IMG_7445-300x164.jpg 300w, https:\/\/www.hashtag.al\/wp-content\/uploads\/2025\/06\/IMG_7445-1024x558.jpg 1024w, https:\/\/www.hashtag.al\/wp-content\/uploads\/2025\/06\/IMG_7445-768x419.jpg 768w, https:\/\/www.hashtag.al\/wp-content\/uploads\/2025\/06\/IMG_7445-1536x838.jpg 1536w, https:\/\/www.hashtag.al\/wp-content\/uploads\/2025\/06\/IMG_7445-2048x1117.jpg 2048w\" sizes=\"auto, (max-width: 2263px) 100vw, 2263px\" \/><\/p>\n<p><span style=\"color: #000000;\">Ish-t\u00eb p\u00ebrndjekurit politik\u00eb dhe p\u00ebrfaq\u00ebsues t\u00eb shoq\u00ebris\u00eb civile kan\u00eb zhvilluar nj\u00eb protest\u00eb pran\u00eb burgut t\u00eb Spa\u00e7it kund\u00ebr projektit t\u00eb restaurimit nga Instituti Komb\u00ebtar i Trash\u00ebgimis\u00eb Kulturore.<\/span><\/p>\n<p><span style=\"color: #000000;\">Sipas tyre, ky projekt zhduke kujtes\u00ebn dhe \u00ebsht\u00eb p\u00ebrpjekje p\u00ebr t\u00eb fshir\u00eb historin\u00eb e ish-Burgut t\u00eb Spa\u00e7it.<\/span><\/p>\n<p><span style=\"color: #000000;\">Kreu i t\u00eb perndjekurve Et\u2019hem Fezollari k\u00ebrkoi q\u00eb t\u00eb zbatohet nj\u00eb projekt restaurimi q\u00eb nuk prek identitetin e burgut t\u00eb Spa\u00e7it, ne t\u00eb kundert protestat nuk do ndalen.<\/span><\/p>\n<p><span style=\"color: #000000;\"><em>\u201cJemi mbledhur k\u00ebtu p\u00ebr t\u00eb sensibilizuar fillimin e punimeve q\u00eb po tjet\u00ebrsojn\u00eb identitetin e t\u00eb vetmit burg q\u00eb ka mbetur n\u00eb Shqip\u00ebri, q\u00eb \u00ebsht\u00eb burgu i Spa\u00e7it. I b\u00ebjm\u00eb thirrje kryeministrit, parlamentit, ambasadave t\u00eb huaja q\u00eb t\u00eb rimendojn\u00eb dhe t\u00eb rivendosin nj\u00eb restaurim q\u00eb t\u00eb mos bie ndesh me tjet\u00ebrsimin e k\u00ebtij objekti dhe duke patur miratimin e personave q\u00eb kan\u00eb b\u00ebr\u00eb me dhjet\u00ebra vite burgje n\u00eb k\u00ebt\u00eb vend.\u201d<\/em> &#8211; Et\u2019hem Fezollari.<\/span><\/p>\n","protected":false,"gt_translate_keys":[{"key":"rendered","format":"html"}]},"excerpt":{"rendered":"<p>Ish-t\u00eb p\u00ebrndjekurit politik\u00eb dhe p\u00ebrfaq\u00ebsues t\u00eb shoq\u00ebris\u00eb civile kan\u00eb zhvilluar nj\u00eb protest\u00eb pran\u00eb burgut t\u00eb Spa\u00e7it kund\u00ebr projektit t\u00eb restaurimit nga Instituti Komb\u00ebtar i Trash\u00ebgimis\u00eb Kulturore. Sipas tyre, ky projekt zhduke kujtes\u00ebn dhe \u00ebsht\u00eb p\u00ebrpjekje p\u00ebr t\u00eb fshir\u00eb historin\u00eb e ish-Burgut t\u00eb Spa\u00e7it. Kreu i t\u00eb perndjekurve Et\u2019hem Fezollari k\u00ebrkoi q\u00eb t\u00eb zbatohet nj\u00eb projekt [&hellip;]<\/p>\n","protected":false,"gt_translate_keys":[{"key":"rendered","format":"html"}]},"author":51,"featured_media":745134,"comment_status":"closed","ping_status":"open","sticky":false,"template":"","format":"standard","meta":{"footnotes":""},"categories":[65],"tags":[],"class_list":["post-745133","post","type-post","status-publish","format-standard","has-post-thumbnail","hentry","category-lajme"],"gt_translate_keys":[{"key":"link","format":"url"}],"_links":{"self":[{"href":"https:\/\/www.hashtag.al\/index.php\/wp-json\/wp\/v2\/posts\/745133","targetHints":{"allow":["GET"]}}],"collection":[{"href":"https:\/\/www.hashtag.al\/index.php\/wp-json\/wp\/v2\/posts"}],"about":[{"href":"https:\/\/www.hashtag.al\/index.php\/wp-json\/wp\/v2\/types\/post"}],"author":[{"embeddable":true,"href":"https:\/\/www.hashtag.al\/index.php\/wp-json\/wp\/v2\/users\/51"}],"replies":[{"embeddable":true,"href":"https:\/\/www.hashtag.al\/index.php\/wp-json\/wp\/v2\/comments?post=745133"}],"version-history":[{"count":99999,"href":"https:\/\/www.hashtag.al\/index.php\/wp-json\/wp\/v2\/posts\/745133\/revisions"}],"predecessor-version":[{"id":745135,"href":"https:\/\/www.hashtag.al\/index.php\/wp-json\/wp\/v2\/posts\/745133\/revisions\/745135"}],"wp:featuredmedia":[{"embeddable":true,"href":"https:\/\/www.hashtag.al\/index.php\/wp-json\/wp\/v2\/media\/745134"}],"wp:attachment":[{"href":"https:\/\/www.hashtag.al\/index.php\/wp-json\/wp\/v2\/media?parent=745133"}],"wp:term":[{"taxonomy":"category","embeddable":true,"href":"https:\/\/www.hashtag.al\/index.php\/wp-json\/wp\/v2\/categories?post=745133"},{"taxonomy":"post_tag","embeddable":true,"href":"https:\/\/www.hashtag.al\/index.php\/wp-json\/wp\/v2\/tags?post=745133"}],"curies":[{"name":"wp","href":"https:\/\/api.w.org\/{rel}","templated":true}]}}