{"id":745040,"date":"2025-06-05T10:05:22","date_gmt":"2025-06-05T08:05:22","guid":{"rendered":"https:\/\/www.hashtag.al\/?p=745040"},"modified":"2025-06-05T10:05:22","modified_gmt":"2025-06-05T08:05:22","slug":"spiropali-denoj-perpjekjet-e-atyre-qe-nuk-po-lene-fjale-te-zeze-pa-thene-per-te-prishur-emrin-e-shqiperise","status":"publish","type":"post","link":"https:\/\/www.hashtag.al\/index.php\/2025\/06\/05\/spiropali-denoj-perpjekjet-e-atyre-qe-nuk-po-lene-fjale-te-zeze-pa-thene-per-te-prishur-emrin-e-shqiperise\/","title":{"rendered":"Spiropali: D\u00ebnoj p\u00ebrpjekjet e atyre q\u00eb nuk po l\u00ebn\u00eb fjal\u00eb t\u00eb zez\u00eb pa th\u00ebn\u00eb p\u00ebr t\u00eb prishur emrin e Shqip\u00ebris\u00eb","gt_translate_keys":[{"key":"rendered","format":"text"}]},"content":{"rendered":"<p><span style=\"color: #000000;\"><img loading=\"lazy\" decoding=\"async\" class=\"aligncenter size-full wp-image-745041\" src=\"https:\/\/www.hashtag.al\/wp-content\/uploads\/2025\/06\/elisa-PSIROPALI-714x450-1.jpg\" alt=\"\" width=\"714\" height=\"450\" srcset=\"https:\/\/www.hashtag.al\/wp-content\/uploads\/2025\/06\/elisa-PSIROPALI-714x450-1.jpg 714w, https:\/\/www.hashtag.al\/wp-content\/uploads\/2025\/06\/elisa-PSIROPALI-714x450-1-300x189.jpg 300w\" sizes=\"auto, (max-width: 714px) 100vw, 714px\" \/><\/span><\/p>\n<p><span style=\"color: #000000;\">Kryetarja e Kuvendit, Elisa Spiropali, reagoi ashp\u00ebr ndaj q\u00ebndrimeve t\u00eb opozit\u00ebs gjat\u00eb nj\u00eb konference p\u00ebr shtyp t\u00eb mbajtur sot n\u00eb Kryesin\u00eb e Kuvendit. Ajo akuzoi kund\u00ebrshtar\u00ebt politik\u00eb se po punojn\u00eb p\u00ebr t\u00eb njollosur emrin e Shqip\u00ebris\u00eb n\u00eb syt\u00eb e bot\u00ebs.<\/span><\/p>\n<p data-start=\"414\" data-end=\"664\"><span style=\"color: #000000;\"><em>\u201cD\u00ebnoj me forc\u00eb p\u00ebrpjekjet e atyre q\u00eb nuk po l\u00ebn\u00eb gj\u00eb pa b\u00ebr\u00eb, gur pa l\u00ebvizur dhe fjal\u00eb t\u00eb zez\u00eb pa th\u00ebn\u00eb p\u00ebr vendin. E kam fjal\u00ebn p\u00ebr ata \u2018misionar\u00eb\u2019 q\u00eb jan\u00eb rikthyer me vrull p\u00ebr t\u00eb prishur emrin e Shqip\u00ebris\u00eb dhe t\u00eb shqiptar\u00ebve\u201d,<\/em> u shpreh Spiropali.<\/span><\/p>\n<div id=\"taboola-sponsored-mid-article\" class=\"trc_related_container tbl-trecs-container trc_spotlight_widget trc_elastic trc_elastic_sc-ma-balkanweb\" data-placement-name=\"Sponsored Mid Article\">\n<div id=\"vtaboola-sponsored-mid-article-video\"><\/div>\n<\/div>\n<p data-start=\"666\" data-end=\"856\"><span style=\"color: #000000;\">Spiropali theksoi se k\u00ebto veprime nuk kan\u00eb p\u00ebr q\u00ebllim t\u00eb mir\u00ebn e vendit.<\/span><\/p>\n<p><span style=\"color: #000000;\"><em>\u201cJan\u00eb sulur p\u00ebr t\u00eb p\u00ebrdhosur reputacionin e tok\u00ebs ton\u00eb m\u00eb t\u00eb pa v\u00ebrteta t\u00eb shpikura si p\u00ebrpjekje p\u00ebr mbijetes\u00eb politike.<\/em><\/span><\/p>\n<p>&nbsp;<\/p>\n<p>&nbsp;<\/p>\n<p><span style=\"color: #000000;\"><em>E shohim \u00e7do dit\u00eb pelegrinazhin me nj\u00eb fletushk\u00eb n\u00ebn sqetull t\u00eb p\u00ebrpiluar n\u00eb Tiran\u00eb q\u00eb shitet si rezolut\u00eb\u201d<\/em>, tha ajo.<\/span><\/p>\n","protected":false,"gt_translate_keys":[{"key":"rendered","format":"html"}]},"excerpt":{"rendered":"<p>Kryetarja e Kuvendit, Elisa Spiropali, reagoi ashp\u00ebr ndaj q\u00ebndrimeve t\u00eb opozit\u00ebs gjat\u00eb nj\u00eb konference p\u00ebr shtyp t\u00eb mbajtur sot n\u00eb Kryesin\u00eb e Kuvendit. Ajo akuzoi kund\u00ebrshtar\u00ebt politik\u00eb se po punojn\u00eb p\u00ebr t\u00eb njollosur emrin e Shqip\u00ebris\u00eb n\u00eb syt\u00eb e bot\u00ebs. \u201cD\u00ebnoj me forc\u00eb p\u00ebrpjekjet e atyre q\u00eb nuk po l\u00ebn\u00eb gj\u00eb pa b\u00ebr\u00eb, gur pa [&hellip;]<\/p>\n","protected":false,"gt_translate_keys":[{"key":"rendered","format":"html"}]},"author":49,"featured_media":745041,"comment_status":"closed","ping_status":"open","sticky":false,"template":"","format":"standard","meta":{"footnotes":""},"categories":[65],"tags":[],"class_list":["post-745040","post","type-post","status-publish","format-standard","has-post-thumbnail","hentry","category-lajme"],"gt_translate_keys":[{"key":"link","format":"url"}],"_links":{"self":[{"href":"https:\/\/www.hashtag.al\/index.php\/wp-json\/wp\/v2\/posts\/745040","targetHints":{"allow":["GET"]}}],"collection":[{"href":"https:\/\/www.hashtag.al\/index.php\/wp-json\/wp\/v2\/posts"}],"about":[{"href":"https:\/\/www.hashtag.al\/index.php\/wp-json\/wp\/v2\/types\/post"}],"author":[{"embeddable":true,"href":"https:\/\/www.hashtag.al\/index.php\/wp-json\/wp\/v2\/users\/49"}],"replies":[{"embeddable":true,"href":"https:\/\/www.hashtag.al\/index.php\/wp-json\/wp\/v2\/comments?post=745040"}],"version-history":[{"count":99999,"href":"https:\/\/www.hashtag.al\/index.php\/wp-json\/wp\/v2\/posts\/745040\/revisions"}],"predecessor-version":[{"id":745042,"href":"https:\/\/www.hashtag.al\/index.php\/wp-json\/wp\/v2\/posts\/745040\/revisions\/745042"}],"wp:featuredmedia":[{"embeddable":true,"href":"https:\/\/www.hashtag.al\/index.php\/wp-json\/wp\/v2\/media\/745041"}],"wp:attachment":[{"href":"https:\/\/www.hashtag.al\/index.php\/wp-json\/wp\/v2\/media?parent=745040"}],"wp:term":[{"taxonomy":"category","embeddable":true,"href":"https:\/\/www.hashtag.al\/index.php\/wp-json\/wp\/v2\/categories?post=745040"},{"taxonomy":"post_tag","embeddable":true,"href":"https:\/\/www.hashtag.al\/index.php\/wp-json\/wp\/v2\/tags?post=745040"}],"curies":[{"name":"wp","href":"https:\/\/api.w.org\/{rel}","templated":true}]}}