{"id":745005,"date":"2025-06-04T22:01:28","date_gmt":"2025-06-04T20:01:28","guid":{"rendered":"https:\/\/www.hashtag.al\/?p=745005"},"modified":"2025-06-04T22:01:28","modified_gmt":"2025-06-04T20:01:28","slug":"cfare-pritshmerish-kishin-para-zgjedhjeve-te-11-majit-partite-kryesore-perballe-asaj-qe-moren","status":"publish","type":"post","link":"https:\/\/www.hashtag.al\/index.php\/2025\/06\/04\/cfare-pritshmerish-kishin-para-zgjedhjeve-te-11-majit-partite-kryesore-perballe-asaj-qe-moren\/","title":{"rendered":"\u00c7far\u00eb pritshm\u00ebrish kishin para zgjedhjeve t\u00eb 11 majit partit\u00eb kryesore p\u00ebrball\u00eb asaj q\u00eb mor\u00ebn","gt_translate_keys":[{"key":"rendered","format":"text"}]},"content":{"rendered":"<p><img loading=\"lazy\" decoding=\"async\" class=\"aligncenter size-full wp-image-745006\" src=\"https:\/\/www.hashtag.al\/wp-content\/uploads\/2025\/06\/hq720.jpg\" alt=\"\" width=\"686\" height=\"386\" srcset=\"https:\/\/www.hashtag.al\/wp-content\/uploads\/2025\/06\/hq720.jpg 686w, https:\/\/www.hashtag.al\/wp-content\/uploads\/2025\/06\/hq720-300x169.jpg 300w\" sizes=\"auto, (max-width: 686px) 100vw, 686px\" \/><\/p>\n<p><span style=\"color: #000000;\">Thuajse t\u00eb gjitha partit\u00eb dhe koalicionet kishin pritshm\u00ebri t\u00eb m\u00ebdha t\u00eb shprehura n\u00eb zgjedhjet e 11 majit. N\u00eb q\u00ebndrimet e tyre mediatike por edhe n\u00eb takimet me qytetar\u00ebt, Rama, Berisha, Shehaj, Lapaj-Shabani, Shehi-Alibeaj deklaronin se synonin t\u00eb nxirrnin deputet\u00eb madje edhe t\u00eb krijonin grup parlamentar. <\/span><\/p>\n<p><span style=\"color: #000000;\">Kreu i L\u00ebvizjes Bashk\u00eb u tregua disi m\u00eb modest n\u00eb q\u00ebndrimet e tij, me l\u00ebvizjen q\u00eb nxorri nj\u00eb deputet\u00eb n\u00eb zgjedhjet e 11 majit.<\/span><\/p>\n<p><span style=\"color: #000000;\">I fituari i vet\u00ebm doli kryeministri Rama i cili shprehu se PS-ja do merrte t\u00eb pakt\u00ebn 78 deputet\u00eb n\u00eb zgjedhje, nd\u00ebrkoh\u00eb q\u00eb ajo mori 83 deputet\u00eb.<\/span><\/p>\n<p><span style=\"color: #000000;\">N\u00eb nj\u00eb takim n\u00eb Ku\u00e7 t\u00eb Vlor\u00ebs tre dit\u00eb para zgjedhjeve ai firmoste nj\u00eb \u201cbast\u201d se PS-ja do merrte t\u00eb pakt\u00ebn 78 mandate. Megjithat\u00eb n\u00eb t\u00eb gjitha takimet gjat\u00eb fushat\u00ebs po edhe deklaratat mediatike, kreu i qeveris\u00eb nuk e vuri kurr\u00eb n\u00eb dyshim fitoren e thell\u00eb t\u00eb PS-s\u00eb.<\/span><\/p>\n<p><span style=\"color: #000000;\">Kreu i koalicionit PD-ASHM Sali Berisha, nuk p\u00ebrcaktoi num\u00ebr deputet\u00ebsh n\u00eb q\u00ebndrimet e tij megjithat\u00eb \u00ebsht\u00eb shprehur i bindur n\u00eb fitoren e koalicionit q\u00eb drejtoi. N\u00eb fund PD-ASHM mori 50 deputet\u00eb. Megjithat\u00eb ai e ka quajtur 11 majin fars\u00eb zgjedhore dhe ka nisur fushat\u00ebn e kontestimit.<\/span><\/p>\n<p><span style=\"color: #000000;\">N\u00eb deklarata t\u00eb shumta ai pohonte se fitorja e PD-s\u00eb dhe aleat\u00ebve n\u00eb zgjedhjet e 11 majit do ishte e ngjashm\u00eb me fitoren e vitit 1992.<\/span><\/p>\n<p><span style=\"color: #000000;\"><em>\u201cSondazhet tona tregojn\u00eb se n\u00eb zgjedhjet e lira, fitimtar absolut \u00ebsht\u00eb PD, dhe me zgjedhje t\u00eb lira, partia e kthimit kthehet n\u00eb vitin 1992.\u201d &#8211;<\/em> pohonte Berisha nj\u00eb muaj m\u00eb par\u00eb.<\/span><\/p>\n<p><span style=\"color: #000000;\">Kreu i Partis\u00eb Mund\u00ebsia, Agron Shehaj, deklaronte n\u00eb media se partia e tij synonte t\u00eb nxirrte mjaftuesh\u00ebm deputet\u00eb sa p\u00ebr t\u00eb formuar nj\u00eb grup parlamentar, megjithat\u00eb n\u00eb fund ajo mori dy deputet\u00eb.<\/span><\/p>\n<p><span style=\"color: #000000;\"><em>\u201cJemi parti e re dhe nuk synojm\u00eb t\u00eb marrim pushtetin. N\u00eb b\u00ebjm\u00eb \u00e7do t\u00eb shtun\u00eb sondazhe q\u00eb na thon\u00eb se kemi rritje. Sondazhet e fundit si t\u00eb Ne\u00ebs 24 dhe Eurone\u00ebs na tregojn\u00eb se jemi partia e dyt\u00eb pas PD-s\u00eb. Pritshm\u00ebri \u00ebsht\u00eb q\u00eb t\u00eb marrim nj\u00eb num\u00ebr deputet\u00ebsh dhe q\u00eb t\u00eb b\u00ebjm\u00eb nj\u00eb grup parlamentar dhe duket i realizuesh\u00ebm ky q\u00ebllim.\u201d<\/em> &#8211; deklaronte Shehaj m\u00eb 18 prill, i ftuar n\u00eb MCN Tv.<\/span><\/p>\n<p><span style=\"color: #000000;\">Koalicioni Nisma-Shqip\u00ebria B\u00ebhet kishte gjithashtu pritshm\u00ebri t\u00eb m\u00ebdha, madje edhe fitoren e zgjedhjeve. N\u00eb nj\u00eb deklarat\u00eb n\u00eb janar t\u00eb vitit 2025 ai deklaronte se do merrte 71 mandate m\u00eb 11 maj.<\/span><\/p>\n<p><span style=\"color: #000000;\"><em>\u201cQarku ku do t\u00eb dalim m\u00eb mir\u00eb \u00ebsht\u00eb Durr\u00ebsi, Vlora dhe Tirana. Nuk do t\u00eb ndalemi n\u00eb gar\u00eb derisa t\u00eb marrim 71 mandate.\u201d<\/em> &#8211; pohonte kreu i Shqip\u00ebria B\u00ebhet.<\/span><\/p>\n<p><span style=\"color: #000000;\">N\u00eb zgjedhjet e 11 majit, koalicioni Lapaj-Shabani nxorri nj\u00eb deputet.<\/span><\/p>\n<p><span style=\"color: #000000;\">L\u00ebvizja Bashk\u00eb \u00ebsht\u00eb nj\u00eb tjet\u00ebr parti q\u00eb mori nj\u00eb deputet n\u00eb zgjedhjet e 11 majit. Kreu i saj Qori nuk \u00ebsht\u00eb shprehur n\u00eb asnj\u00eb rast p\u00ebr num\u00ebr deputet\u00ebsh megjithat\u00eb ka pohuar se priste nj\u00eb mb\u00ebshtetje disi m\u00eb t\u00eb madhe se n\u00eb zgjedhjet p\u00ebr kryebashkiak t\u00eb Tiran\u00ebs n\u00eb vitin 2023.<\/span><\/p>\n<p><span style=\"color: #000000;\">Koalicioni Shehi-Alibeaj i partive Djathtas 1912 dhe LZHK nuk nxorri asnj\u00eb deputet m\u00eb 11 maj. Si Shehi, ashtu edhe Alibeaj nuk kan\u00eb theksuar ndonj\u00eb pritshm\u00ebri t\u00eb madhe p\u00ebr koalicionin e tyre n\u00eb takime a dalje mediatike nd\u00ebrsa duhet th\u00ebn\u00eb se edhe fushata e tyre nuk ishte aspak agresive, krahasuar me partit\u00eb e tjera.<\/span><\/p>\n<p><span style=\"color: #000000;\">Kreu i Demokrat\u00ebve Euroatlantik Lulzim Basha, i kishte quajtur t\u00eb rreme e t\u00eb porositura t\u00eb gjitha sondazhet e PS-s\u00eb dhe PD-s\u00eb nd\u00ebrsa deklaronte se sipas sondazheve t\u00eb paris\u00eb s\u00eb tij, ai ishte forc\u00eb e tret\u00eb politike n\u00eb vend.<\/span><\/p>\n<p><span style=\"color: #000000;\"><em>\u201cEdhe sot kan\u00eb publikuar sondazhe k\u00ebta t\u00eb trek\u00ebnd\u00ebshit t\u00eb Bermud\u00ebs. Sondazhe kushtojn\u00eb lek\u00eb. Nj\u00eb sondazh serioz, komb\u00ebtar kushton minimalisht 50-70 mij\u00eb euro. Nj\u00eb sondazh i vog\u00ebl kushton 30-40 mij\u00eb euro. Dikush i paguan k\u00ebto lek\u00eb q\u00eb t\u00eb pikturojn\u00eb nj\u00eb tablo p\u00ebr t\u00eb influencuar vendimin tuaj si votues. Shumic\u00ebn e tyre deri me 11 maj e ka b\u00ebr\u00eb Trek\u00ebnd\u00ebshi i Bermund\u00ebs. Ne nuk kemi mund\u00ebsi q\u00eb t\u00eb b\u00ebjm\u00eb ato sondazhe, por kemi vullnetar\u00eb, 20 prej tyre paradite, 20 prej tyre pasdite q\u00eb punojn\u00eb me nj\u00eb databaz\u00eb telefonatash dit\u00eb p\u00ebr dit\u00eb dhe kryejn\u00eb 1500-2500 telefonata n\u00eb dit\u00eb. Rezultati i k\u00ebtyre telefonatave deri para pak dit\u00ebsh. Rezultati i dat\u00ebs 8 prill, kur ne kemi pyetur 15 mij\u00eb zgjedh\u00ebs n\u00eb Tiran\u00eb, nga 50 mij\u00eb telefonata q\u00eb jan\u00eb b\u00ebr\u00eb: A do ta mb\u00ebshtesni koalicionin euroatlantik, numrin 4, 4526 jan\u00eb p\u00ebrgjigjur po, q\u00eb jan\u00eb 30.1 p\u00ebr qind, 7216 jan\u00eb p\u00ebrgjigjur jo q\u00eb \u00ebsht\u00eb 48 p\u00ebr qind dhe 3306 jan\u00eb p\u00ebrgjigjur ndoshta q\u00eb \u00ebsht\u00eb pjesa e hapur q\u00eb ne po targetojm\u00eb se pse duhet t\u00eb votojn\u00eb koalicionin\u00a0 euroatlantik q\u00eb \u00ebsht\u00eb e vetmja vot\u00eb q\u00eb shkon kund\u00ebr korrupsionit dhe p\u00ebr familjen tuaj. Ky \u00ebsht\u00eb nj\u00eb call center me vullnetar\u00eb q\u00eb b\u00ebhet prej m\u00eb shum\u00eb se dy jav\u00ebsh.\u201d<\/em> &#8211; deklaronte Basha n\u00eb MCN.<\/span><\/p>\n<p><span style=\"color: #000000;\">PSD-ja e Tom Doshit mori tre deputet\u00eb m\u00eb 11 maj po kreu i saj nuk ka b\u00ebr\u00eb asnj\u00eb deklarat\u00eb mbi numrin e deputet\u00ebve q\u00eb do fitonte p\u00ebrve\u00e7 faktit se synonte t\u00eb ruante pozitat e forc\u00ebs politike q\u00eb drejton.<\/span><\/p>\n","protected":false,"gt_translate_keys":[{"key":"rendered","format":"html"}]},"excerpt":{"rendered":"<p>Thuajse t\u00eb gjitha partit\u00eb dhe koalicionet kishin pritshm\u00ebri t\u00eb m\u00ebdha t\u00eb shprehura n\u00eb zgjedhjet e 11 majit. N\u00eb q\u00ebndrimet e tyre mediatike por edhe n\u00eb takimet me qytetar\u00ebt, Rama, Berisha, Shehaj, Lapaj-Shabani, Shehi-Alibeaj deklaronin se synonin t\u00eb nxirrnin deputet\u00eb madje edhe t\u00eb krijonin grup parlamentar. Kreu i L\u00ebvizjes Bashk\u00eb u tregua disi m\u00eb modest n\u00eb [&hellip;]<\/p>\n","protected":false,"gt_translate_keys":[{"key":"rendered","format":"html"}]},"author":51,"featured_media":745006,"comment_status":"closed","ping_status":"open","sticky":false,"template":"","format":"standard","meta":{"footnotes":""},"categories":[22],"tags":[],"class_list":["post-745005","post","type-post","status-publish","format-standard","has-post-thumbnail","hentry","category-ballina"],"gt_translate_keys":[{"key":"link","format":"url"}],"_links":{"self":[{"href":"https:\/\/www.hashtag.al\/index.php\/wp-json\/wp\/v2\/posts\/745005","targetHints":{"allow":["GET"]}}],"collection":[{"href":"https:\/\/www.hashtag.al\/index.php\/wp-json\/wp\/v2\/posts"}],"about":[{"href":"https:\/\/www.hashtag.al\/index.php\/wp-json\/wp\/v2\/types\/post"}],"author":[{"embeddable":true,"href":"https:\/\/www.hashtag.al\/index.php\/wp-json\/wp\/v2\/users\/51"}],"replies":[{"embeddable":true,"href":"https:\/\/www.hashtag.al\/index.php\/wp-json\/wp\/v2\/comments?post=745005"}],"version-history":[{"count":99999,"href":"https:\/\/www.hashtag.al\/index.php\/wp-json\/wp\/v2\/posts\/745005\/revisions"}],"predecessor-version":[{"id":745007,"href":"https:\/\/www.hashtag.al\/index.php\/wp-json\/wp\/v2\/posts\/745005\/revisions\/745007"}],"wp:featuredmedia":[{"embeddable":true,"href":"https:\/\/www.hashtag.al\/index.php\/wp-json\/wp\/v2\/media\/745006"}],"wp:attachment":[{"href":"https:\/\/www.hashtag.al\/index.php\/wp-json\/wp\/v2\/media?parent=745005"}],"wp:term":[{"taxonomy":"category","embeddable":true,"href":"https:\/\/www.hashtag.al\/index.php\/wp-json\/wp\/v2\/categories?post=745005"},{"taxonomy":"post_tag","embeddable":true,"href":"https:\/\/www.hashtag.al\/index.php\/wp-json\/wp\/v2\/tags?post=745005"}],"curies":[{"name":"wp","href":"https:\/\/api.w.org\/{rel}","templated":true}]}}