{"id":744996,"date":"2025-06-04T21:29:24","date_gmt":"2025-06-04T19:29:24","guid":{"rendered":"https:\/\/www.hashtag.al\/?p=744996"},"modified":"2025-06-04T21:29:24","modified_gmt":"2025-06-04T19:29:24","slug":"shba-rrit-presionin-per-mbrojtje-nato-duhet-te-ece-me-hapa-me-te-shpejte-se-rusia","status":"publish","type":"post","link":"https:\/\/www.hashtag.al\/index.php\/2025\/06\/04\/shba-rrit-presionin-per-mbrojtje-nato-duhet-te-ece-me-hapa-me-te-shpejte-se-rusia\/","title":{"rendered":"SHBA rrit presionin p\u00ebr mbrojtje: NATO duhet t\u00eb ec\u00eb me hapa m\u00eb t\u00eb shpejt\u00eb se Rusia","gt_translate_keys":[{"key":"rendered","format":"text"}]},"content":{"rendered":"<p><span style=\"color: #000000;\"><img decoding=\"async\" class=\"aligncenter\" src=\"https:\/\/www.hashtag.al\/wp-content\/uploads\/2025\/06\/57d10e56-02bb-4a34-99c7-a446b8af5ddf-19-600x600.jpg\" \/><\/span><\/p>\n<p><span style=\"color: #000000;\">NATO duhet t\u00eb p\u00ebrshpejtoj\u00eb ritmin e forcimit t\u00eb mbrojtjes p\u00ebr t\u00eb kap\u00ebrcyer p\u00ebrgatitjet ushtarake t\u00eb Rusis\u00eb, e cila tashm\u00eb po planifikon \u201cl\u00ebvizjen e radh\u00ebs\u201d p\u00ebrtej Ukrain\u00ebs, paralajm\u00ebroi t\u00eb m\u00ebrkur\u00ebn ambasadori amerikan n\u00eb Aleanc\u00eb, Matthew Whitaker.<\/span><\/p>\n<p><span style=\"color: #000000;\">Paralajm\u00ebrimi vjen nj\u00eb dit\u00eb para takimit t\u00eb ministrave t\u00eb Mbrojtjes s\u00eb NATO-s, q\u00eb do t\u00eb mbahet t\u00eb enjten n\u00eb Bruksel dhe q\u00eb synon t\u00eb arrij\u00eb nj\u00eb marr\u00ebveshje p\u00ebr rritjen e shpenzimeve ushtarake p\u00ebrpara samitit t\u00eb r\u00ebnd\u00ebsish\u00ebm q\u00eb zhvillohet k\u00ebt\u00eb muaj n\u00eb Hag\u00eb.<\/span><\/p>\n<p><span style=\"color: #000000;\">Presidenti amerikan Donald Trump ka k\u00ebrkuar nga aleat\u00ebt e SHBA-s\u00eb q\u00eb t\u00eb angazhohen p\u00ebr t\u00eb shpenzuar t\u00eb pakt\u00ebn 5% t\u00eb PBB-s\u00eb p\u00ebr mbrojtjen. Nd\u00ebrkoh\u00eb, Sekretari i P\u00ebrgjithsh\u00ebm i NATO-s, Mark Rutte, duket se \u00ebsht\u00eb af\u00ebr sigurimit t\u00eb nj\u00eb kompromisi q\u00eb do t\u00eb p\u00ebrfshij\u00eb 3.5% p\u00ebr mbrojtjen baz\u00eb dhe 1.5% p\u00ebr fusha t\u00eb lidhura me sigurin\u00eb, si infrastruktura.<\/span><\/p>\n<p><span style=\"color: #000000;\">\u201c<em>Urgjenca e k\u00ebtij momenti \u00ebsht\u00eb e padiskutueshme. Nd\u00ebrsa konflikti n\u00eb Ukrain\u00eb vazhdon, Moska po p\u00ebrgatit hapat e saj t\u00eb ardhsh\u00ebm,\u201d<\/em> deklaroi Whitaker para gazetar\u00ebve.<\/span><\/p>\n<p><em><span style=\"color: #000000;\">\u201cKremlini po synon rind\u00ebrtimin e ushtris\u00eb. Aleat\u00ebt e NATO-s duhet t\u00eb ecin m\u00eb shpejt se Rusia. Nuk kemi alternativ\u00eb tjet\u00ebr. T\u00eb jem i qart\u00eb: koha \u00ebsht\u00eb tani.\u201d<\/span><\/em><\/p>\n<p><span style=\"color: #000000;\">Sipas tij, Shtetet e Bashkuara presin q\u00eb \u00e7do vend aleat t\u00eb paraqes\u00eb plane konkrete, buxhete, afate dhe objektiva t\u00eb qarta p\u00ebr t\u00eb arritur synimin e 5% t\u00eb PBB-s\u00eb p\u00ebr mbrojtje.<\/span><\/p>\n<p><em><span style=\"color: #000000;\">\u201cKy nuk do t\u00eb jet\u00eb vet\u00ebm nj\u00eb premtim. Ky do t\u00eb jet\u00eb nj\u00eb angazhim i detyruesh\u00ebm. \u00c7do aleat duhet t\u00eb filloj\u00eb q\u00eb tani investimin n\u00eb nivelin 5%, nuk \u00ebsht\u00eb nj\u00eb sugjerim,\u201d <\/span><\/em><span style=\"color: #000000;\">theksoi ai.<\/span><\/p>\n<p><span style=\"color: #000000;\">Whitaker shtoi se SHBA mbetet e p\u00ebrkushtuar ndaj nenit pes\u00eb t\u00eb traktatit t\u00eb NATO-s p\u00ebr mbrojtjen e p\u00ebrbashk\u00ebt, por pret q\u00eb edhe aleat\u00ebt t\u00eb b\u00ebjn\u00eb pjes\u00ebn e tyre p\u00ebrmes rritjes s\u00eb shpenzimeve.<\/span><\/p>\n<p><span style=\"color: #000000;\">\u201c<em>Do t\u00eb mbrojm\u00eb \u00e7do centimet\u00ebr t\u00eb territorit t\u00eb NATO-s, dhe do ta b\u00ebjm\u00eb k\u00ebt\u00eb nga nj\u00eb pozit\u00eb fuqie t\u00eb pakrahasueshme,\u201d<\/em> tha ai.<\/span><\/p>\n<p><span style=\"color: #000000;\">Ministrat e Mbrojtjes do t\u00eb miratojn\u00eb n\u00eb Bruksel objektiva t\u00eb reja p\u00ebr pajisje ushtarake, t\u00eb cilat do t\u00eb nevojiten p\u00ebr p\u00ebrballjen me k\u00ebrc\u00ebnimet nga Rusia.<\/span><\/p>\n<p><span style=\"color: #000000;\">\u201c<em>Do t\u00eb nd\u00ebrmarrim nj\u00eb hap t\u00eb madh p\u00ebrpara,\u201d<\/em> deklaroi Mark Rutte.<\/span><\/p>\n<p><em><span style=\"color: #000000;\">\u201cK\u00ebto objektiva p\u00ebrshkruajn\u00eb sakt\u00ebsisht forcat dhe kapacitetet konkrete q\u00eb i duhen NATO-s.\u201d<\/span><\/em><\/p>\n<p><span style=\"color: #000000;\">Ai u shpreh i bindur se vendet an\u00ebtare do t\u00eb bien dakord p\u00ebr nj\u00eb marr\u00ebveshje t\u00eb re p\u00ebr shpenzimet n\u00eb samitin e Hag\u00ebs.<\/span><\/p>\n<p><span style=\"color: #000000;\">Kreu i NATO-s gjithashtu n\u00ebnvizoi se Shtetet e Bashkuara kan\u00eb konfirmuar qart\u00eb angazhimin e tyre p\u00ebr mbrojtjen kolektive, pavar\u00ebsisht se Sekretari amerikan i Mbrojtjes, Pete Hegseth, nuk mori pjes\u00eb n\u00eb nj\u00eb takim t\u00eb mb\u00ebshtet\u00ebsve t\u00eb Ukrain\u00ebs q\u00eb u mbajt n\u00eb Bruksel t\u00eb m\u00ebrkur\u00ebn.<\/span><\/p>\n","protected":false,"gt_translate_keys":[{"key":"rendered","format":"html"}]},"excerpt":{"rendered":"<p>NATO duhet t\u00eb p\u00ebrshpejtoj\u00eb ritmin e forcimit t\u00eb mbrojtjes p\u00ebr t\u00eb kap\u00ebrcyer p\u00ebrgatitjet ushtarake t\u00eb Rusis\u00eb, e cila tashm\u00eb po planifikon \u201cl\u00ebvizjen e radh\u00ebs\u201d p\u00ebrtej Ukrain\u00ebs, paralajm\u00ebroi t\u00eb m\u00ebrkur\u00ebn ambasadori amerikan n\u00eb Aleanc\u00eb, Matthew Whitaker. Paralajm\u00ebrimi vjen nj\u00eb dit\u00eb para takimit t\u00eb ministrave t\u00eb Mbrojtjes s\u00eb NATO-s, q\u00eb do t\u00eb mbahet t\u00eb enjten n\u00eb Bruksel [&hellip;]<\/p>\n","protected":false,"gt_translate_keys":[{"key":"rendered","format":"html"}]},"author":32,"featured_media":744998,"comment_status":"closed","ping_status":"open","sticky":false,"template":"","format":"standard","meta":{"footnotes":""},"categories":[6],"tags":[],"class_list":["post-744996","post","type-post","status-publish","format-standard","has-post-thumbnail","hentry","category-nderkombetare"],"gt_translate_keys":[{"key":"link","format":"url"}],"_links":{"self":[{"href":"https:\/\/www.hashtag.al\/index.php\/wp-json\/wp\/v2\/posts\/744996","targetHints":{"allow":["GET"]}}],"collection":[{"href":"https:\/\/www.hashtag.al\/index.php\/wp-json\/wp\/v2\/posts"}],"about":[{"href":"https:\/\/www.hashtag.al\/index.php\/wp-json\/wp\/v2\/types\/post"}],"author":[{"embeddable":true,"href":"https:\/\/www.hashtag.al\/index.php\/wp-json\/wp\/v2\/users\/32"}],"replies":[{"embeddable":true,"href":"https:\/\/www.hashtag.al\/index.php\/wp-json\/wp\/v2\/comments?post=744996"}],"version-history":[{"count":99999,"href":"https:\/\/www.hashtag.al\/index.php\/wp-json\/wp\/v2\/posts\/744996\/revisions"}],"predecessor-version":[{"id":745000,"href":"https:\/\/www.hashtag.al\/index.php\/wp-json\/wp\/v2\/posts\/744996\/revisions\/745000"}],"wp:featuredmedia":[{"embeddable":true,"href":"https:\/\/www.hashtag.al\/index.php\/wp-json\/wp\/v2\/media\/744998"}],"wp:attachment":[{"href":"https:\/\/www.hashtag.al\/index.php\/wp-json\/wp\/v2\/media?parent=744996"}],"wp:term":[{"taxonomy":"category","embeddable":true,"href":"https:\/\/www.hashtag.al\/index.php\/wp-json\/wp\/v2\/categories?post=744996"},{"taxonomy":"post_tag","embeddable":true,"href":"https:\/\/www.hashtag.al\/index.php\/wp-json\/wp\/v2\/tags?post=744996"}],"curies":[{"name":"wp","href":"https:\/\/api.w.org\/{rel}","templated":true}]}}