{"id":744581,"date":"2025-06-02T18:46:18","date_gmt":"2025-06-02T16:46:18","guid":{"rendered":"https:\/\/www.hashtag.al\/?p=744581"},"modified":"2025-06-02T18:46:18","modified_gmt":"2025-06-02T16:46:18","slug":"sarande-dy-gra-kercenojne-prokuroren-per-masen-e-arrestit-ne-shtepi-ndaj-nje-te-dyshuari","status":"publish","type":"post","link":"https:\/\/www.hashtag.al\/index.php\/2025\/06\/02\/sarande-dy-gra-kercenojne-prokuroren-per-masen-e-arrestit-ne-shtepi-ndaj-nje-te-dyshuari\/","title":{"rendered":"Sarand\u00eb \u2013 Dy gra k\u00ebrc\u00ebnojn\u00eb prokuroren p\u00ebr mas\u00ebn e \u201carrestit n\u00eb sht\u00ebpi\u201d ndaj nj\u00eb t\u00eb dyshuari","gt_translate_keys":[{"key":"rendered","format":"text"}]},"content":{"rendered":"<p><span style=\"color: #000000;\"><img decoding=\"async\" class=\"aligncenter\" src=\"https:\/\/www.hashtag.al\/wp-content\/uploads\/2025\/05\/Policia-sarande-770x433-1.jpg\" \/><\/span><\/p>\n<p><span style=\"color: #000000;\">Nj\u00eb prokurore, emri i s\u00eb cil\u00ebs nuk b\u00ebhet publik, u kanos paraditen e s\u00eb h\u00ebn\u00ebs n\u00eb zyr\u00ebn e saj pran\u00eb Prokuroris\u00eb s\u00eb Sarand\u00ebs. Sipas burimeve zyrtare, n\u00eb ambientet e institucionit u paraqit\u00ebn dy gra, t\u00eb af\u00ebrme t\u00eb nj\u00eb t\u00eb miture q\u00eb dyshohet se \u00ebsht\u00eb viktim\u00eb e nj\u00eb vepre penale t\u00eb ndodhur dit\u00ebt e fundit. T\u00eb pak\u00ebnaqura me mas\u00ebn e siguris\u00eb \u201carrest n\u00eb sht\u00ebpi\u201d t\u00eb vendosur nga prokurorja p\u00ebr autorin e dyshuar, ato e fyen dhe e k\u00ebrc\u00ebnuan magjistraten brenda zyr\u00ebs s\u00eb saj.<\/span><\/p>\n<p><span style=\"color: #000000;\">Policia e Sarand\u00ebs mb\u00ebrriti menj\u00ebher\u00eb n\u00eb vendngjarje, shoq\u00ebroi t\u00eb dyja t\u00eb dyshuarat dhe mori deklarimet e tyre. P\u00ebr shkak t\u00eb konfliktit t\u00eb interesit, \u00e7\u00ebshtja i \u00ebsht\u00eb kaluar Prokuroris\u00eb s\u00eb Gjirokastr\u00ebs, e cila do t\u00eb vijoj\u00eb hetimet p\u00ebr vepr\u00ebn penale \u201ckanosja e gjyqtarit\u201d, parashikuar nga neni 317 i Kodit Penal. Si prov\u00eb kryesore pritet t\u00eb p\u00ebrdoren pamjet filmike t\u00eb kamerave t\u00eb siguris\u00eb s\u00eb Prokuroris\u00eb s\u00eb Sarand\u00ebs, tashm\u00eb t\u00eb sekuestruara nga hetuesit.<\/span><\/p>\n","protected":false,"gt_translate_keys":[{"key":"rendered","format":"html"}]},"excerpt":{"rendered":"<p>Nj\u00eb prokurore, emri i s\u00eb cil\u00ebs nuk b\u00ebhet publik, u kanos paraditen e s\u00eb h\u00ebn\u00ebs n\u00eb zyr\u00ebn e saj pran\u00eb Prokuroris\u00eb s\u00eb Sarand\u00ebs. Sipas burimeve zyrtare, n\u00eb ambientet e institucionit u paraqit\u00ebn dy gra, t\u00eb af\u00ebrme t\u00eb nj\u00eb t\u00eb miture q\u00eb dyshohet se \u00ebsht\u00eb viktim\u00eb e nj\u00eb vepre penale t\u00eb ndodhur dit\u00ebt e fundit. T\u00eb [&hellip;]<\/p>\n","protected":false,"gt_translate_keys":[{"key":"rendered","format":"html"}]},"author":32,"featured_media":739925,"comment_status":"closed","ping_status":"open","sticky":false,"template":"","format":"standard","meta":{"footnotes":""},"categories":[65],"tags":[],"class_list":["post-744581","post","type-post","status-publish","format-standard","has-post-thumbnail","hentry","category-lajme"],"gt_translate_keys":[{"key":"link","format":"url"}],"_links":{"self":[{"href":"https:\/\/www.hashtag.al\/index.php\/wp-json\/wp\/v2\/posts\/744581","targetHints":{"allow":["GET"]}}],"collection":[{"href":"https:\/\/www.hashtag.al\/index.php\/wp-json\/wp\/v2\/posts"}],"about":[{"href":"https:\/\/www.hashtag.al\/index.php\/wp-json\/wp\/v2\/types\/post"}],"author":[{"embeddable":true,"href":"https:\/\/www.hashtag.al\/index.php\/wp-json\/wp\/v2\/users\/32"}],"replies":[{"embeddable":true,"href":"https:\/\/www.hashtag.al\/index.php\/wp-json\/wp\/v2\/comments?post=744581"}],"version-history":[{"count":99999,"href":"https:\/\/www.hashtag.al\/index.php\/wp-json\/wp\/v2\/posts\/744581\/revisions"}],"predecessor-version":[{"id":744584,"href":"https:\/\/www.hashtag.al\/index.php\/wp-json\/wp\/v2\/posts\/744581\/revisions\/744584"}],"wp:featuredmedia":[{"embeddable":true,"href":"https:\/\/www.hashtag.al\/index.php\/wp-json\/wp\/v2\/media\/739925"}],"wp:attachment":[{"href":"https:\/\/www.hashtag.al\/index.php\/wp-json\/wp\/v2\/media?parent=744581"}],"wp:term":[{"taxonomy":"category","embeddable":true,"href":"https:\/\/www.hashtag.al\/index.php\/wp-json\/wp\/v2\/categories?post=744581"},{"taxonomy":"post_tag","embeddable":true,"href":"https:\/\/www.hashtag.al\/index.php\/wp-json\/wp\/v2\/tags?post=744581"}],"curies":[{"name":"wp","href":"https:\/\/api.w.org\/{rel}","templated":true}]}}