{"id":744577,"date":"2025-06-02T18:09:12","date_gmt":"2025-06-02T16:09:12","guid":{"rendered":"https:\/\/www.hashtag.al\/?p=744577"},"modified":"2025-06-02T18:09:12","modified_gmt":"2025-06-02T16:09:12","slug":"vucic-pretendon-se-ne-serbi-pati-tentim-per-puc","status":"publish","type":"post","link":"https:\/\/www.hashtag.al\/index.php\/2025\/06\/02\/vucic-pretendon-se-ne-serbi-pati-tentim-per-puc\/","title":{"rendered":"Vu\u00e7i\u00e7 pretendon se n\u00eb Serbi pati tentim p\u00ebr pu\u00e7","gt_translate_keys":[{"key":"rendered","format":"text"}]},"content":{"rendered":"<p><span style=\"color: #000000;\"><img loading=\"lazy\" decoding=\"async\" class=\"alignnone size-medium wp-image-684830\" src=\"https:\/\/www.hashtag.al\/wp-content\/uploads\/2024\/06\/1719746490_aleksandervucic-300x169.jpg\" alt=\"\" width=\"300\" height=\"169\" srcset=\"https:\/\/www.hashtag.al\/wp-content\/uploads\/2024\/06\/1719746490_aleksandervucic-300x169.jpg 300w, https:\/\/www.hashtag.al\/wp-content\/uploads\/2024\/06\/1719746490_aleksandervucic-768x433.jpg 768w, https:\/\/www.hashtag.al\/wp-content\/uploads\/2024\/06\/1719746490_aleksandervucic.jpg 780w\" sizes=\"auto, (max-width: 300px) 100vw, 300px\" \/><\/span><\/p>\n<p><span style=\"color: #000000;\">Presidenti serb, Aleksandar Vu\u00e7i\u00e7, ka th\u00ebn\u00eb t\u00eb h\u00ebn\u00ebn se shteti q\u00eb udh\u00ebheq ai \u00ebsht\u00eb p\u00ebrballur me \u201ctentim t\u00eb organizuar mir\u00eb p\u00ebr pu\u00e7\u201d n\u00eb t\u00eb cilin jan\u00eb p\u00ebrfshir\u00eb \u201ct\u00eb gjitha institucionet shtet\u00ebrore\u201d.<\/span><\/p>\n<p><span style=\"color: #000000;\"><em>\u201cNisur nga shkollat fillore e t\u00eb mesme, te universitetet dhe tentimet n\u00eb sistemin sh\u00ebndet\u00ebsor, e deri te termocentralet nga t\u00eb cilat varet jeta n\u00eb Serbi. Mos t\u00eb p\u00ebrmendim policin\u00eb. Kur t\u00eb dalin k\u00ebto t\u00eb dh\u00ebna t\u00eb tmerrshme do t\u00eb shihni se kush po \u2018pomponte\u2019 dhe kush po b\u00ebnte marr\u00ebveshje me k\u00eb\u201d,<\/em> ka th\u00ebn\u00eb Vu\u00e7i\u00e7 m\u00eb 2 qershor, sipas agjencis\u00eb s\u00eb lajmeve BETA<\/span><\/p>\n<p><span style=\"color: #000000;\">Ai ka th\u00ebn\u00eb se p\u00ebr organizim t\u00eb k\u00ebtyre aktiviteteve \u201cjan\u00eb dashur fonde nga jasht\u00eb, k\u00ebshilla politike dhe m\u00ebsime p\u00ebr t\u2019u m\u00ebsuar\u201d. Megjithat\u00eb, ai nuk ka treguar se prej ku kan\u00eb ardhur ato q\u00eb ai i ka p\u00ebrshkruar si \u201cfonde prej jasht\u00eb\u201d.<\/span><\/p>\n<p><span style=\"color: #000000;\">Vu\u00e7i\u00e7 i ka b\u00ebr\u00eb k\u00ebto deklarata gjat\u00eb nj\u00eb takimi me p\u00ebrfaq\u00ebsues t\u00eb student\u00ebve q\u00eb kund\u00ebrshtojn\u00eb bllokadat n\u00ebp\u00ebr fakultete, t\u00eb mbajtur n\u00eb nd\u00ebrtes\u00ebn e Presidenc\u00ebs n\u00eb Beograd.<\/span><\/p>\n<p><span style=\"color: #000000;\">Duke i komentuar aktivitetet e student\u00ebve gjat\u00eb bllokad\u00ebs, ai ka th\u00ebn\u00eb se ata kan\u00eb b\u00ebr\u00eb \u201cgabime \u00e7udit\u00ebrisht t\u00eb m\u00ebdha\u201d dhe q\u00eb kan\u00eb m\u00ebsuar q\u00eb \u201ct\u00eb mos i japin kund\u00ebrshtarit politik m\u00eb shum\u00eb koh\u00eb, sidomos kur \u00ebsht\u00eb m\u00eb i shkath\u00ebt\u201d.<\/span><\/p>\n<p><span style=\"color: #000000;\">Student\u00ebt jan\u00eb duke bllokuar pun\u00ebn e fakulteteve publike p\u00ebr m\u00eb shum\u00eb se gjasht\u00eb muaj, duke k\u00ebrkuar p\u00ebrgjegj\u00ebsi politike dhe penale p\u00ebr vdekjen e 16 personave n\u00eb Stacionin Hekurudhor t\u00eb Novi Sadit.<\/span><\/p>\n<p><span style=\"color: #000000;\">Ata kan\u00eb organizuar protesta p\u00ebr muaj t\u00eb t\u00ebr\u00eb dhe jan\u00eb mb\u00ebshtetur nga qindra mij\u00ebra protestues, p\u00ebrfshir\u00eb pun\u00ebtor\u00eb t\u00eb organizuar n\u00ebp\u00ebr sindikata, sikurse bujqit, avokat\u00ebt, aktor\u00ebt<\/span><\/p>\n<p><span style=\"color: #000000;\">Vu\u00e7i\u00e7 ka th\u00ebn\u00eb se shteti do t\u00eb mund\u00ebsoj\u00eb mbajtjen e provimeve p\u00ebr t\u00eb gjith\u00eb nx\u00ebn\u00ebsit q\u00eb duan t\u00eb regjistrohen n\u00ebp\u00ebr universitete.<\/span><\/p>\n<p><span style=\"color: #000000;\"><em>\u201cDo t\u00eb pranoheni n\u00ebp\u00ebr universitete. Fatkeq\u00ebsisht ne tashm\u00eb kemi lejuar shum\u00eb gj\u00ebra. Njer\u00ebzit jan\u00eb duke na kritikuar me t\u00eb drejt\u00eb, por ne do t\u00eb tregojm\u00eb nj\u00ebher\u00eb e p\u00ebrgjithmon\u00eb se shteti \u00ebsht\u00eb shtet\u201d.<\/em><\/span><\/p>\n<p><span style=\"color: #000000;\">Sipas presidentit serb, shteti ndan 54.8 miliard\u00eb dinar\u00eb (rreth 500 milion\u00eb euro) n\u00eb vit p\u00ebr edukim t\u00eb lart\u00eb, \u201cdhe at\u00eb vet\u00ebm q\u00eb dikush t\u2019i bllokoj\u00eb fakultetet\u201d.<\/span><\/p>\n<p><span style=\"color: #000000;\">Ai ka th\u00ebn\u00eb se p\u00ebr k\u00ebt\u00eb arsye, do t\u00eb ofrohet \u201cmb\u00ebshtetje m\u00eb e madhe p\u00ebr fakultetet private&#8221;.<\/span><\/p>\n<p><span style=\"color: #000000;\">Millosh Pavlloviq, p\u00ebrfaq\u00ebsues i student\u00ebve q\u00eb kund\u00ebrshtojn\u00eb bllokadat, ka th\u00ebn\u00eb se ata jan\u00eb duke k\u00ebrkuar vet\u00ebm q\u00eb shteti t\u2019ua mund\u00ebsoj\u00eb qasjen n\u00eb m\u00ebsime.<\/span><\/p>\n<p><span style=\"color: #000000;\">N\u00eb fillim t\u00eb majit, student\u00ebt q\u00eb organizojn\u00eb bllokad\u00ebn, kan\u00eb shtuar n\u00eb list\u00ebn e k\u00ebrkesave edhe mbajtjen e zgjedhjeve t\u00eb parakohshme, sepse konsiderojn\u00eb q\u00eb p\u00ebr shkak t\u00eb \u201ckorrupsionit t\u00eb rr\u00ebnjosur\u201d, institucionet nuk po arrijn\u00eb t\u00eb punojn\u00eb si\u00e7 duhet.<\/span><\/p>\n<p><span style=\"color: #000000;\">N\u00eb Beograd, p\u00ebr tri or\u00eb, jan\u00eb bllokuar dy urat m\u00eb t\u00eb ngarkuara t\u00eb qytetit, m\u00eb 1 qershor 2025.<\/span><\/p>\n<p><span style=\"color: #000000;\">Ata kan\u00eb p\u00ebrs\u00ebritur disa her\u00eb q\u00eb t\u00eb gjitha k\u00ebrkesat e student\u00ebve jan\u00eb plot\u00ebsuar, derisa akademik\u00ebt vler\u00ebsojn\u00eb se di\u00e7ka e till\u00eb nuk \u00ebsht\u00eb e v\u00ebrtet\u00eb dhe vazhdojn\u00eb me bllokada.\/<span style=\"color: #0000ff;\"><a style=\"color: #0000ff;\" href=\"https:\/\/www.evropaelire.org\/a\/vuciq-pretendon-se-ne-serbi-pati-tentim-per-puc\/33431840.html\">REL<\/a><\/span><\/span><\/p>\n","protected":false,"gt_translate_keys":[{"key":"rendered","format":"html"}]},"excerpt":{"rendered":"<p>Presidenti serb, Aleksandar Vu\u00e7i\u00e7, ka th\u00ebn\u00eb t\u00eb h\u00ebn\u00ebn se shteti q\u00eb udh\u00ebheq ai \u00ebsht\u00eb p\u00ebrballur me \u201ctentim t\u00eb organizuar mir\u00eb p\u00ebr pu\u00e7\u201d n\u00eb t\u00eb cilin jan\u00eb p\u00ebrfshir\u00eb \u201ct\u00eb gjitha institucionet shtet\u00ebrore\u201d. \u201cNisur nga shkollat fillore e t\u00eb mesme, te universitetet dhe tentimet n\u00eb sistemin sh\u00ebndet\u00ebsor, e deri te termocentralet nga t\u00eb cilat varet jeta n\u00eb [&hellip;]<\/p>\n","protected":false,"gt_translate_keys":[{"key":"rendered","format":"html"}]},"author":32,"featured_media":684830,"comment_status":"closed","ping_status":"open","sticky":false,"template":"","format":"standard","meta":{"footnotes":""},"categories":[149],"tags":[],"class_list":["post-744577","post","type-post","status-publish","format-standard","has-post-thumbnail","hentry","category-kosoverajon"],"gt_translate_keys":[{"key":"link","format":"url"}],"_links":{"self":[{"href":"https:\/\/www.hashtag.al\/index.php\/wp-json\/wp\/v2\/posts\/744577","targetHints":{"allow":["GET"]}}],"collection":[{"href":"https:\/\/www.hashtag.al\/index.php\/wp-json\/wp\/v2\/posts"}],"about":[{"href":"https:\/\/www.hashtag.al\/index.php\/wp-json\/wp\/v2\/types\/post"}],"author":[{"embeddable":true,"href":"https:\/\/www.hashtag.al\/index.php\/wp-json\/wp\/v2\/users\/32"}],"replies":[{"embeddable":true,"href":"https:\/\/www.hashtag.al\/index.php\/wp-json\/wp\/v2\/comments?post=744577"}],"version-history":[{"count":99999,"href":"https:\/\/www.hashtag.al\/index.php\/wp-json\/wp\/v2\/posts\/744577\/revisions"}],"predecessor-version":[{"id":744578,"href":"https:\/\/www.hashtag.al\/index.php\/wp-json\/wp\/v2\/posts\/744577\/revisions\/744578"}],"wp:featuredmedia":[{"embeddable":true,"href":"https:\/\/www.hashtag.al\/index.php\/wp-json\/wp\/v2\/media\/684830"}],"wp:attachment":[{"href":"https:\/\/www.hashtag.al\/index.php\/wp-json\/wp\/v2\/media?parent=744577"}],"wp:term":[{"taxonomy":"category","embeddable":true,"href":"https:\/\/www.hashtag.al\/index.php\/wp-json\/wp\/v2\/categories?post=744577"},{"taxonomy":"post_tag","embeddable":true,"href":"https:\/\/www.hashtag.al\/index.php\/wp-json\/wp\/v2\/tags?post=744577"}],"curies":[{"name":"wp","href":"https:\/\/api.w.org\/{rel}","templated":true}]}}