{"id":744574,"date":"2025-06-02T17:58:00","date_gmt":"2025-06-02T15:58:00","guid":{"rendered":"https:\/\/www.hashtag.al\/?p=744574"},"modified":"2025-06-02T17:58:00","modified_gmt":"2025-06-02T15:58:00","slug":"riaktivizohet-vatra-ne-darezeze-nderhyet-nga-ajri-per-shuarjen-e-flakeve","status":"publish","type":"post","link":"https:\/\/www.hashtag.al\/index.php\/2025\/06\/02\/riaktivizohet-vatra-ne-darezeze-nderhyet-nga-ajri-per-shuarjen-e-flakeve\/","title":{"rendered":"Riaktivizohet vatra n\u00eb Dar\u00ebzez\u00eb, nd\u00ebrhyet nga ajri p\u00ebr shuarjen e flak\u00ebve","gt_translate_keys":[{"key":"rendered","format":"text"}]},"content":{"rendered":"<p><span style=\"color: #000000;\"><img loading=\"lazy\" decoding=\"async\" class=\"alignnone size-medium wp-image-744575\" src=\"https:\/\/www.hashtag.al\/wp-content\/uploads\/2025\/06\/helikopter-1-300x143.jpg\" alt=\"\" width=\"300\" height=\"143\" srcset=\"https:\/\/www.hashtag.al\/wp-content\/uploads\/2025\/06\/helikopter-1-300x143.jpg 300w, https:\/\/www.hashtag.al\/wp-content\/uploads\/2025\/06\/helikopter-1-768x366.jpg 768w, https:\/\/www.hashtag.al\/wp-content\/uploads\/2025\/06\/helikopter-1.jpg 933w\" sizes=\"auto, (max-width: 300px) 100vw, 300px\" \/><\/span><\/p>\n<p><span style=\"color: #000000;\">Sot n\u00eb mesdit\u00eb, n\u00eb fshatin Dar\u00ebzez\u00eb e Re, nj\u00ebsia administrative D\u00ebrmenas, bashkia Fier, \u00ebsht\u00eb riaktivizuar vatra e zjarrit e fikur nj\u00eb dit\u00eb m\u00eb par\u00eb n\u00eb pyllin e Dar\u00ebzez\u00ebs.<\/span><\/p>\n<p><span style=\"color: #000000;\">N\u00eb vendngjarje ndodhen 7 automjete zjarrfik\u00ebse me 40 efektiv\u00eb t\u00eb MZSH, nj\u00eb buldozer dhe nj\u00eb fadrom\u00eb, por p\u00ebr shkak t\u00eb terrenit ranor dhe p\u00ebrmasave t\u00eb m\u00ebdha q\u00eb ka marr\u00eb zjarri, situata n\u00eb ekonomin\u00eb pyjore t\u00eb Dar\u00ebzez\u00ebs nuk \u00ebsht\u00eb v\u00ebn\u00eb ende n\u00ebn kontroll.<\/span><\/p>\n<p><span style=\"color: #000000;\">Rreth or\u00ebs 14:00, vatra e zjarrit \u00ebsht\u00eb p\u00ebrhapur m\u00eb tej dhe \u00ebsht\u00eb b\u00ebr\u00eb e pamundur nd\u00ebrhyrja me mjete zjarrfik\u00ebse. N\u00eb koordinim me Qendr\u00ebs s\u00eb Bashkuar Operacionale (QBO), \u00ebsht\u00eb nisur n\u00eb mb\u00ebshtetje helikopteri tip Cougar i Forc\u00ebs Ajrore p\u00ebr nd\u00ebrhyrje nga ajri.<\/span><\/p>\n<p><span style=\"color: #000000;\">Sip\u00ebrfaqja e p\u00ebrfshir\u00eb nga flak\u00ebt \u00ebsht\u00eb rreth 10 hektar\u00eb, nd\u00ebrsa era po favorizon avancimin e zjarrit n\u00eb pjes\u00ebn veriore t\u00eb pyllit.<\/span><\/p>\n","protected":false,"gt_translate_keys":[{"key":"rendered","format":"html"}]},"excerpt":{"rendered":"<p>Sot n\u00eb mesdit\u00eb, n\u00eb fshatin Dar\u00ebzez\u00eb e Re, nj\u00ebsia administrative D\u00ebrmenas, bashkia Fier, \u00ebsht\u00eb riaktivizuar vatra e zjarrit e fikur nj\u00eb dit\u00eb m\u00eb par\u00eb n\u00eb pyllin e Dar\u00ebzez\u00ebs. N\u00eb vendngjarje ndodhen 7 automjete zjarrfik\u00ebse me 40 efektiv\u00eb t\u00eb MZSH, nj\u00eb buldozer dhe nj\u00eb fadrom\u00eb, por p\u00ebr shkak t\u00eb terrenit ranor dhe p\u00ebrmasave t\u00eb m\u00ebdha q\u00eb [&hellip;]<\/p>\n","protected":false,"gt_translate_keys":[{"key":"rendered","format":"html"}]},"author":32,"featured_media":744575,"comment_status":"closed","ping_status":"open","sticky":false,"template":"","format":"standard","meta":{"footnotes":""},"categories":[65],"tags":[],"class_list":["post-744574","post","type-post","status-publish","format-standard","has-post-thumbnail","hentry","category-lajme"],"gt_translate_keys":[{"key":"link","format":"url"}],"_links":{"self":[{"href":"https:\/\/www.hashtag.al\/index.php\/wp-json\/wp\/v2\/posts\/744574","targetHints":{"allow":["GET"]}}],"collection":[{"href":"https:\/\/www.hashtag.al\/index.php\/wp-json\/wp\/v2\/posts"}],"about":[{"href":"https:\/\/www.hashtag.al\/index.php\/wp-json\/wp\/v2\/types\/post"}],"author":[{"embeddable":true,"href":"https:\/\/www.hashtag.al\/index.php\/wp-json\/wp\/v2\/users\/32"}],"replies":[{"embeddable":true,"href":"https:\/\/www.hashtag.al\/index.php\/wp-json\/wp\/v2\/comments?post=744574"}],"version-history":[{"count":99999,"href":"https:\/\/www.hashtag.al\/index.php\/wp-json\/wp\/v2\/posts\/744574\/revisions"}],"predecessor-version":[{"id":744576,"href":"https:\/\/www.hashtag.al\/index.php\/wp-json\/wp\/v2\/posts\/744574\/revisions\/744576"}],"wp:featuredmedia":[{"embeddable":true,"href":"https:\/\/www.hashtag.al\/index.php\/wp-json\/wp\/v2\/media\/744575"}],"wp:attachment":[{"href":"https:\/\/www.hashtag.al\/index.php\/wp-json\/wp\/v2\/media?parent=744574"}],"wp:term":[{"taxonomy":"category","embeddable":true,"href":"https:\/\/www.hashtag.al\/index.php\/wp-json\/wp\/v2\/categories?post=744574"},{"taxonomy":"post_tag","embeddable":true,"href":"https:\/\/www.hashtag.al\/index.php\/wp-json\/wp\/v2\/tags?post=744574"}],"curies":[{"name":"wp","href":"https:\/\/api.w.org\/{rel}","templated":true}]}}