{"id":744548,"date":"2025-06-02T15:37:01","date_gmt":"2025-06-02T13:37:01","guid":{"rendered":"https:\/\/www.hashtag.al\/?p=744548"},"modified":"2025-06-02T15:37:01","modified_gmt":"2025-06-02T13:37:01","slug":"acka-berisha-erdhi-ne-krye-te-pd-se-ne-shkelje-te-statutit-duhet-nje-reformim-i-thelle","status":"publish","type":"post","link":"https:\/\/www.hashtag.al\/index.php\/2025\/06\/02\/acka-berisha-erdhi-ne-krye-te-pd-se-ne-shkelje-te-statutit-duhet-nje-reformim-i-thelle\/","title":{"rendered":"A\u00e7ka: Berisha erdhi n\u00eb krye t\u00eb PD-s\u00eb n\u00eb shkelje t\u00eb Statutit, duhet nj\u00eb reformim i thell\u00eb","gt_translate_keys":[{"key":"rendered","format":"text"}]},"content":{"rendered":"<p><span style=\"color: #000000;\"><img loading=\"lazy\" decoding=\"async\" class=\"alignnone size-medium wp-image-744549\" src=\"https:\/\/www.hashtag.al\/wp-content\/uploads\/2025\/06\/Screenshot-2025-06-02-150907-300x215.png\" alt=\"\" width=\"300\" height=\"215\" srcset=\"https:\/\/www.hashtag.al\/wp-content\/uploads\/2025\/06\/Screenshot-2025-06-02-150907-300x215.png 300w, https:\/\/www.hashtag.al\/wp-content\/uploads\/2025\/06\/Screenshot-2025-06-02-150907.png 611w\" sizes=\"auto, (max-width: 300px) 100vw, 300px\" \/><\/span><\/p>\n<p><span style=\"color: #000000;\">Deputetja demokrate Flutura A\u00e7ka ka komentuar zhvillimet e fundit brenda Partis\u00eb Demokratike, duke e cil\u00ebsuar rezultatin e 11 majit si t\u00eb pritsh\u00ebm dhe kriz\u00ebn aktuale n\u00eb parti si pasoj\u00eb t\u00eb munges\u00ebs s\u00eb reflektimit t\u00eb lidershipit.<\/span><\/p>\n<p><span style=\"color: #000000;\">E ftuar n\u00eb emisionin <em>\u201cProgrami i Drek\u00ebs\u201d<\/em> n\u00eb News24, A\u00e7ka tha se Berisha erdhi n\u00eb krye t\u00eb partis\u00eb n\u00eb kund\u00ebrshtim me Statutin dhe se tashm\u00eb \u00ebsht\u00eb koha q\u00eb ai t\u00eb b\u00ebj\u00eb \u201cnj\u00eb t\u00eb mir\u00eb t\u00eb fundit p\u00ebr PD-n\u00eb\u201d.<\/span><\/p>\n<p><span style=\"color: #000000;\"><em>\u201cKemi ardhur rrotull dhe jemi po n\u00eb t\u00eb nj\u00ebjt\u00ebn pik\u00eb. Lidershipi ka nj\u00eb lloj p\u00ebrgjegj\u00ebsie. Nuk \u00ebsht\u00eb k\u00ebnaq\u00ebsi t\u00eb t\u00eb dalin ato q\u00eb ti mendon, por duke par\u00eb peizazhin e gjer\u00eb, kam dal\u00eb n\u00eb ato konkluzione\u201d<\/em>, u shpreh A\u00e7ka.<\/span><\/p>\n<p><span style=\"color: #000000;\">Sipas saj, shum\u00eb figura brenda PD-s\u00eb nuk kan\u00eb treguar guxim p\u00ebr t\u00eb th\u00ebn\u00eb t\u00eb v\u00ebrtet\u00ebn, duke mbajtur q\u00ebndrime politikisht korrekte ndaj lidershipit.<\/span><\/p>\n<p><span style=\"color: #000000;\"><em>\u201cP\u00ebr mua, m\u00ebnyra se si erdhi n\u00eb pushtet lidershipi i PD ishte n\u00eb shkelje t\u00eb Statutit dhe kjo na solli n\u00eb k\u00ebt\u00eb situat\u00eb. Duhej t\u00eb kishim par\u00eb shenja reflektimi, por nuk ka pasur asnj\u00eb t\u00eb till\u00eb\u201d<\/em>, tha A\u00e7ka.<\/span><\/p>\n<p><span style=\"color: #000000;\">Ajo p\u00ebrmendi se PD nuk arriti objektivat e saj, p\u00ebrfshir\u00eb k\u00ebrkes\u00ebn p\u00ebr nj\u00eb qeveri teknike dhe premtimin p\u00ebr nj\u00eb revolucion q\u00eb nuk ndodhi, nd\u00ebrsa rezultati konkret ishte \u201cnj\u00eb tjet\u00ebr mandat p\u00ebr Edi Ram\u00ebn\u201d.<\/span><\/p>\n<p><span style=\"color: #000000;\"><em>\u201cKa nevoj\u00eb p\u00ebr nj\u00eb reflektim t\u00eb t\u00eb gjitha strukturave. Po e fusin PD-n\u00eb n\u00eb nj\u00eb kurth politik q\u00eb do ta d\u00ebmtoj\u00eb edhe m\u00eb tej\u201d<\/em>, paralajm\u00ebroi A\u00e7ka.<\/span><\/p>\n<p><span style=\"color: #000000;\">Duke folur p\u00ebr Sali Berish\u00ebn, ajo u shpreh se nuk e kishte pritur dor\u00ebheqjen e tij pas humbjes, por n\u00ebnvizoi se ka ardhur momenti q\u00eb ai t\u00eb kuptoj\u00eb r\u00ebnd\u00ebsin\u00eb historike t\u00eb situat\u00ebs dhe t\u00eb respektoj\u00eb Statutin e partis\u00eb.<\/span><\/p>\n<p><span style=\"color: #000000;\"><em>\u201cBerisha duhet t\u00eb b\u00ebj\u00eb nj\u00eb t\u00eb mir\u00eb t\u00eb fundit p\u00ebr PD-n\u00eb, q\u00eb ta \u00e7oj\u00eb drejt nj\u00eb reformimi t\u00eb thell\u00eb\u201d<\/em>, p\u00ebrfundoi A\u00e7ka.<\/span><\/p>\n","protected":false,"gt_translate_keys":[{"key":"rendered","format":"html"}]},"excerpt":{"rendered":"<p>Deputetja demokrate Flutura A\u00e7ka ka komentuar zhvillimet e fundit brenda Partis\u00eb Demokratike, duke e cil\u00ebsuar rezultatin e 11 majit si t\u00eb pritsh\u00ebm dhe kriz\u00ebn aktuale n\u00eb parti si pasoj\u00eb t\u00eb munges\u00ebs s\u00eb reflektimit t\u00eb lidershipit. E ftuar n\u00eb emisionin \u201cProgrami i Drek\u00ebs\u201d n\u00eb News24, A\u00e7ka tha se Berisha erdhi n\u00eb krye t\u00eb partis\u00eb n\u00eb kund\u00ebrshtim [&hellip;]<\/p>\n","protected":false,"gt_translate_keys":[{"key":"rendered","format":"html"}]},"author":32,"featured_media":744549,"comment_status":"closed","ping_status":"open","sticky":false,"template":"","format":"standard","meta":{"footnotes":""},"categories":[65],"tags":[],"class_list":["post-744548","post","type-post","status-publish","format-standard","has-post-thumbnail","hentry","category-lajme"],"gt_translate_keys":[{"key":"link","format":"url"}],"_links":{"self":[{"href":"https:\/\/www.hashtag.al\/index.php\/wp-json\/wp\/v2\/posts\/744548","targetHints":{"allow":["GET"]}}],"collection":[{"href":"https:\/\/www.hashtag.al\/index.php\/wp-json\/wp\/v2\/posts"}],"about":[{"href":"https:\/\/www.hashtag.al\/index.php\/wp-json\/wp\/v2\/types\/post"}],"author":[{"embeddable":true,"href":"https:\/\/www.hashtag.al\/index.php\/wp-json\/wp\/v2\/users\/32"}],"replies":[{"embeddable":true,"href":"https:\/\/www.hashtag.al\/index.php\/wp-json\/wp\/v2\/comments?post=744548"}],"version-history":[{"count":99999,"href":"https:\/\/www.hashtag.al\/index.php\/wp-json\/wp\/v2\/posts\/744548\/revisions"}],"predecessor-version":[{"id":744550,"href":"https:\/\/www.hashtag.al\/index.php\/wp-json\/wp\/v2\/posts\/744548\/revisions\/744550"}],"wp:featuredmedia":[{"embeddable":true,"href":"https:\/\/www.hashtag.al\/index.php\/wp-json\/wp\/v2\/media\/744549"}],"wp:attachment":[{"href":"https:\/\/www.hashtag.al\/index.php\/wp-json\/wp\/v2\/media?parent=744548"}],"wp:term":[{"taxonomy":"category","embeddable":true,"href":"https:\/\/www.hashtag.al\/index.php\/wp-json\/wp\/v2\/categories?post=744548"},{"taxonomy":"post_tag","embeddable":true,"href":"https:\/\/www.hashtag.al\/index.php\/wp-json\/wp\/v2\/tags?post=744548"}],"curies":[{"name":"wp","href":"https:\/\/api.w.org\/{rel}","templated":true}]}}