{"id":744403,"date":"2025-06-01T19:06:08","date_gmt":"2025-06-01T17:06:08","guid":{"rendered":"https:\/\/www.hashtag.al\/?p=744403"},"modified":"2025-06-01T19:06:08","modified_gmt":"2025-06-01T17:06:08","slug":"shefi-i-mbrojtjes-gjermane-nato-duhet-te-jete-gati-per-nje-sulm-te-mundshem-rus-deri-ne-vitin-2029","status":"publish","type":"post","link":"https:\/\/www.hashtag.al\/index.php\/2025\/06\/01\/shefi-i-mbrojtjes-gjermane-nato-duhet-te-jete-gati-per-nje-sulm-te-mundshem-rus-deri-ne-vitin-2029\/","title":{"rendered":"Shefi i Mbrojtjes Gjermane: NATO duhet t\u00eb jet\u00eb gati p\u00ebr nj\u00eb sulm t\u00eb mundsh\u00ebm rus deri n\u00eb vitin 2029","gt_translate_keys":[{"key":"rendered","format":"text"}]},"content":{"rendered":"<p><span style=\"color: #000000;\"><img decoding=\"async\" class=\"aligncenter\" src=\"https:\/\/www.hashtag.al\/wp-content\/uploads\/2025\/05\/ftcms_083d88f1-a0c9-4caa-a29e-16da5a9a91c5-600x600.jpg\" \/><\/span><\/p>\n<p><span style=\"color: #000000;\">Shefi i Mbrojtjes s\u00eb Gjermanis\u00eb, Gjenerali Carsten Breuer, ka paralajm\u00ebruar se vendet an\u00ebtare t\u00eb NATO-s duhet t\u00eb jen\u00eb t\u00eb p\u00ebrgatitura p\u00ebr nj\u00eb sulm t\u00eb mundsh\u00ebm nga Rusia brenda kat\u00ebr viteve t\u00eb ardhshme. N\u00eb nj\u00eb intervist\u00eb p\u00ebr <span style=\"color: #0000ff;\"><a style=\"color: #0000ff;\" href=\"https:\/\/www.bbc.com\/news\/articles\/c62v63gl8rvo\">BBC<\/a><\/span>-n\u00eb, ai tha se Rusia po nd\u00ebrton kapacitetet e saj ushtarake n\u00eb m\u00ebnyr\u00eb t\u00eb shpejt\u00eb dhe t\u00eb q\u00ebllimshme, duke prodhuar rreth 1,500 tanke \u00e7do vit, nj\u00eb pjes\u00eb e t\u00eb cilave nuk po p\u00ebrdoren n\u00eb Ukrain\u00eb, por po ruhen p\u00ebr q\u00ebllime t\u00eb tjera, p\u00ebrfshir\u00eb nj\u00eb mund\u00ebsi t\u00eb sulmit ndaj shteteve baltike deri n\u00eb vitin 2029 \u2013 ose edhe m\u00eb her\u00ebt.<\/span><\/p>\n<p><span style=\"color: #000000;\">Komentet e tij u b\u00ebn\u00eb gjat\u00eb nj\u00eb konference nd\u00ebrkomb\u00ebtare p\u00ebr sigurin\u00eb n\u00eb Singapor, ku ai theksoi se k\u00ebrc\u00ebnimi nga Rusia \u00ebsht\u00eb m\u00eb seriozi q\u00eb ka par\u00eb n\u00eb 40 vite karrier\u00eb ushtarake. Sipas tij, nd\u00ebrtimi i stokut t\u00eb armatimeve dhe strukturave t\u00eb reja ushtarake q\u00eb shohin nga Per\u00ebndimi jan\u00eb shenja t\u00eb qarta t\u00eb p\u00ebrgatitjeve ruse p\u00ebr nj\u00eb p\u00ebrballje t\u00eb mundshme me NATO-n.<\/span><\/p>\n<p><span style=\"color: #000000;\">Ai p\u00ebrmendi gjithashtu se Rusia ka prodhuar kat\u00ebr milion\u00eb predha artilerie gjat\u00eb vitit 2024 dhe ka zhvilluar nj\u00eb s\u00ebr\u00eb sulmesh hibride, p\u00ebrfshir\u00eb nd\u00ebrhyrje n\u00eb infrastruktur\u00eb kritike dhe sulme kibernetike, si pjes\u00eb e nj\u00eb strategjie m\u00eb t\u00eb gjer\u00eb p\u00ebr t\u00eb testuar mbrojtjen per\u00ebndimore. Breuer theksoi se NATO duhet t\u00eb jet\u00eb gati t\u00eb p\u00ebrgjigjet menj\u00ebher\u00eb ndaj \u00e7do sulmi t\u00eb papritur dhe se ndon\u00ebse viti 2029 \u00ebsht\u00eb nj\u00eb pik\u00eb referimi p\u00ebr analizat strategjike, nuk ka asnj\u00eb garanci q\u00eb nj\u00eb sulm nuk mund t\u00eb ndodh\u00eb m\u00eb her\u00ebt.<\/span><\/p>\n<p><span style=\"color: #000000;\">Ai p\u00ebrmendi zon\u00ebn e Suwalkit, n\u00eb kufi me Lituanin\u00eb, Polonin\u00eb, Rusin\u00eb dhe Bjellorusin\u00eb, si nj\u00eb nga pikat m\u00eb t\u00eb ndjeshme t\u00eb aleanc\u00ebs, duke cituar homolog\u00ebt estonez\u00eb t\u00eb cil\u00ebt e p\u00ebrshkruajn\u00eb situat\u00ebn si t\u00eb ndodhesh pran\u00eb nj\u00eb zjarri t\u00eb hapur: ndjejn\u00eb nxeht\u00ebsin\u00eb, shohin flak\u00ebt dhe nuhasin tym. Kjo, sipas tij, tregon dallimet n\u00eb perceptimin e rrezikut nd\u00ebrmjet vendeve t\u00eb ndryshme t\u00eb Europ\u00ebs.<\/span><\/p>\n<p><span style=\"color: #000000;\">Duke iu p\u00ebrgjigjur shqet\u00ebsimeve p\u00ebr unitetin e NATO-s, p\u00ebr shkak t\u00eb q\u00ebndrimeve m\u00eb af\u00ebr Mosk\u00ebs nga vende si Hungaria dhe Sllovakia, Breuer tha se aleanca mbetet e bashkuar dhe e vet\u00ebdijshme p\u00ebr rrezikun q\u00eb i kanoset. Ai p\u00ebrmendi an\u00ebtar\u00ebsimin e Suedis\u00eb dhe Finland\u00ebs si sinjal t\u00eb qart\u00eb t\u00eb forcimit t\u00eb NATO-s dhe tha se ka nj\u00eb mir\u00ebkuptim t\u00eb plot\u00eb p\u00ebr nevoj\u00ebn e forcimit t\u00eb mbrojtjes kolektive.<\/span><\/p>\n<p><span style=\"color: #000000;\">Nd\u00ebrkoh\u00eb q\u00eb NATO e rrit nd\u00ebrgjegj\u00ebsimin dhe p\u00ebrgatitjet, mbetet sfid\u00eb kapaciteti i saj aktual p\u00ebr t\u00eb p\u00ebrballuar nj\u00eb konflikt t\u00eb mundsh\u00ebm, sidomos p\u00ebrball\u00eb nj\u00eb makinerie ushtarake ruse q\u00eb po prodhon n\u00eb shkall\u00eb t\u00eb gjer\u00eb. Ai b\u00ebri thirrje p\u00ebr rritje t\u00eb shpejt\u00eb t\u00eb kapaciteteve mbrojt\u00ebse t\u00eb vendeve an\u00ebtare dhe p\u00ebr nj\u00eb mobilizim t\u00eb p\u00ebrgjithsh\u00ebm: <\/span><\/p>\n<p><em><span style=\"color: #000000;\">&#8220;Duhet t\u00eb ecim p\u00ebrpara, t\u00eb rrisim kapacitetet dhe t\u00eb jemi gati t\u00eb mbrohemi \u2013 kjo \u00ebsht\u00eb m\u00ebnyra e vetme p\u00ebr t\u00eb nd\u00ebrtuar fuqin\u00eb parandaluese q\u00eb na duhet.&#8221;<\/span><\/em><\/p>\n","protected":false,"gt_translate_keys":[{"key":"rendered","format":"html"}]},"excerpt":{"rendered":"<p>Shefi i Mbrojtjes s\u00eb Gjermanis\u00eb, Gjenerali Carsten Breuer, ka paralajm\u00ebruar se vendet an\u00ebtare t\u00eb NATO-s duhet t\u00eb jen\u00eb t\u00eb p\u00ebrgatitura p\u00ebr nj\u00eb sulm t\u00eb mundsh\u00ebm nga Rusia brenda kat\u00ebr viteve t\u00eb ardhshme. N\u00eb nj\u00eb intervist\u00eb p\u00ebr BBC-n\u00eb, ai tha se Rusia po nd\u00ebrton kapacitetet e saj ushtarake n\u00eb m\u00ebnyr\u00eb t\u00eb shpejt\u00eb dhe t\u00eb q\u00ebllimshme, duke [&hellip;]<\/p>\n","protected":false,"gt_translate_keys":[{"key":"rendered","format":"html"}]},"author":32,"featured_media":743653,"comment_status":"closed","ping_status":"open","sticky":false,"template":"","format":"standard","meta":{"footnotes":""},"categories":[6],"tags":[],"class_list":["post-744403","post","type-post","status-publish","format-standard","has-post-thumbnail","hentry","category-nderkombetare"],"gt_translate_keys":[{"key":"link","format":"url"}],"_links":{"self":[{"href":"https:\/\/www.hashtag.al\/index.php\/wp-json\/wp\/v2\/posts\/744403","targetHints":{"allow":["GET"]}}],"collection":[{"href":"https:\/\/www.hashtag.al\/index.php\/wp-json\/wp\/v2\/posts"}],"about":[{"href":"https:\/\/www.hashtag.al\/index.php\/wp-json\/wp\/v2\/types\/post"}],"author":[{"embeddable":true,"href":"https:\/\/www.hashtag.al\/index.php\/wp-json\/wp\/v2\/users\/32"}],"replies":[{"embeddable":true,"href":"https:\/\/www.hashtag.al\/index.php\/wp-json\/wp\/v2\/comments?post=744403"}],"version-history":[{"count":99999,"href":"https:\/\/www.hashtag.al\/index.php\/wp-json\/wp\/v2\/posts\/744403\/revisions"}],"predecessor-version":[{"id":744404,"href":"https:\/\/www.hashtag.al\/index.php\/wp-json\/wp\/v2\/posts\/744403\/revisions\/744404"}],"wp:featuredmedia":[{"embeddable":true,"href":"https:\/\/www.hashtag.al\/index.php\/wp-json\/wp\/v2\/media\/743653"}],"wp:attachment":[{"href":"https:\/\/www.hashtag.al\/index.php\/wp-json\/wp\/v2\/media?parent=744403"}],"wp:term":[{"taxonomy":"category","embeddable":true,"href":"https:\/\/www.hashtag.al\/index.php\/wp-json\/wp\/v2\/categories?post=744403"},{"taxonomy":"post_tag","embeddable":true,"href":"https:\/\/www.hashtag.al\/index.php\/wp-json\/wp\/v2\/tags?post=744403"}],"curies":[{"name":"wp","href":"https:\/\/api.w.org\/{rel}","templated":true}]}}