{"id":744400,"date":"2025-06-01T18:53:56","date_gmt":"2025-06-01T16:53:56","guid":{"rendered":"https:\/\/www.hashtag.al\/?p=744400"},"modified":"2025-06-01T18:53:56","modified_gmt":"2025-06-01T16:53:56","slug":"kurti-perkujton-1-qershorin-1998-krimet-serbe-ne-dukagjin-kujtim-i-dhimbjes-dhe-vendosmerise-per-liri","status":"publish","type":"post","link":"https:\/\/www.hashtag.al\/index.php\/2025\/06\/01\/kurti-perkujton-1-qershorin-1998-krimet-serbe-ne-dukagjin-kujtim-i-dhimbjes-dhe-vendosmerise-per-liri\/","title":{"rendered":"Kurti p\u00ebrkujton 1 qershorin 1998: Krimet serbe n\u00eb Dukagjin, kujtim i dhimbjes dhe vendosm\u00ebris\u00eb p\u00ebr liri","gt_translate_keys":[{"key":"rendered","format":"text"}]},"content":{"rendered":"<p><span style=\"color: #000000;\"><img decoding=\"async\" class=\"aligncenter\" src=\"https:\/\/www.hashtag.al\/wp-content\/uploads\/2025\/06\/57d10e56-02bb-4a34-99c7-a446b8af5ddf-8.jpg\" \/><\/span><\/p>\n<p><span style=\"color: #000000;\">Kryeministri n\u00eb detyr\u00eb i Kosov\u00ebs, Albin Kurti, ka p\u00ebrkujtuar sot 1 qershorin 1998, dit\u00eb kur forcat serbe kryen nj\u00eb ofensiv\u00eb t\u00eb ashp\u00ebr ushtarake n\u00eb rajonin e Dukagjinit, duke sulmuar fshatra n\u00eb komun\u00ebn e De\u00e7anit dhe kryer krime t\u00eb r\u00ebnda ndaj civil\u00ebve shqiptar\u00eb.<\/span><\/p>\n<p><span style=\"color: #000000;\"><em>\u201cN\u00eb kuad\u00ebr t\u00eb nj\u00eb fushate t\u00eb gjer\u00eb ushtarake, u rrethuan dhe bombarduan fshatra si Pob\u00ebrgj\u00eb, Hulaj, Batush\u00eb dhe t\u00eb tjer\u00eb, duke p\u00ebrdorur arm\u00eb t\u00eb r\u00ebnda kund\u00ebr popullsis\u00eb civile,\u201d<\/em> deklaroi Kurti, duke u mb\u00ebshtetur n\u00eb t\u00eb dh\u00ebnat e Human Rights Watch dhe OSBE-s\u00eb.<\/span><\/p>\n<p><span style=\"color: #000000;\">Ai p\u00ebrmendi zhvendosjet e dhunshme, ekzekutimet dhe zhdukjet e civil\u00ebve, si dhe shkat\u00ebrrimin e pron\u00ebs, duke theksuar se kjo dit\u00eb rikujton jo vet\u00ebm dhimbjen, por edhe vendosm\u00ebrin\u00eb p\u00ebr liri e dinjitet.<\/span><\/p>\n<p><span style=\"color: #000000;\">N\u00eb p\u00ebrvjetorin e 27-t\u00eb t\u00eb k\u00ebsaj ngjarjeje tragjike, Kurti nderoi kujtimin e 19 civil\u00ebve t\u00eb vrar\u00eb dhe t\u00eb gjith\u00eb d\u00ebshmor\u00ebve t\u00eb luft\u00ebs: <\/span><\/p>\n<p><em><span style=\"color: #000000;\">\u201cSakrifica e tyre \u00ebsht\u00eb themel i liris\u00eb dhe shtet\u00ebsis\u00eb s\u00eb Kosov\u00ebs. I paharruar qoft\u00eb kujtimi i tyre. Lavdi e p\u00ebrjetshme.\u201d<\/span><\/em><\/p>\n","protected":false,"gt_translate_keys":[{"key":"rendered","format":"html"}]},"excerpt":{"rendered":"<p>Kryeministri n\u00eb detyr\u00eb i Kosov\u00ebs, Albin Kurti, ka p\u00ebrkujtuar sot 1 qershorin 1998, dit\u00eb kur forcat serbe kryen nj\u00eb ofensiv\u00eb t\u00eb ashp\u00ebr ushtarake n\u00eb rajonin e Dukagjinit, duke sulmuar fshatra n\u00eb komun\u00ebn e De\u00e7anit dhe kryer krime t\u00eb r\u00ebnda ndaj civil\u00ebve shqiptar\u00eb. \u201cN\u00eb kuad\u00ebr t\u00eb nj\u00eb fushate t\u00eb gjer\u00eb ushtarake, u rrethuan dhe bombarduan fshatra [&hellip;]<\/p>\n","protected":false,"gt_translate_keys":[{"key":"rendered","format":"html"}]},"author":32,"featured_media":744401,"comment_status":"closed","ping_status":"open","sticky":false,"template":"","format":"standard","meta":{"footnotes":""},"categories":[149],"tags":[],"class_list":["post-744400","post","type-post","status-publish","format-standard","has-post-thumbnail","hentry","category-kosoverajon"],"gt_translate_keys":[{"key":"link","format":"url"}],"_links":{"self":[{"href":"https:\/\/www.hashtag.al\/index.php\/wp-json\/wp\/v2\/posts\/744400","targetHints":{"allow":["GET"]}}],"collection":[{"href":"https:\/\/www.hashtag.al\/index.php\/wp-json\/wp\/v2\/posts"}],"about":[{"href":"https:\/\/www.hashtag.al\/index.php\/wp-json\/wp\/v2\/types\/post"}],"author":[{"embeddable":true,"href":"https:\/\/www.hashtag.al\/index.php\/wp-json\/wp\/v2\/users\/32"}],"replies":[{"embeddable":true,"href":"https:\/\/www.hashtag.al\/index.php\/wp-json\/wp\/v2\/comments?post=744400"}],"version-history":[{"count":99999,"href":"https:\/\/www.hashtag.al\/index.php\/wp-json\/wp\/v2\/posts\/744400\/revisions"}],"predecessor-version":[{"id":744402,"href":"https:\/\/www.hashtag.al\/index.php\/wp-json\/wp\/v2\/posts\/744400\/revisions\/744402"}],"wp:featuredmedia":[{"embeddable":true,"href":"https:\/\/www.hashtag.al\/index.php\/wp-json\/wp\/v2\/media\/744401"}],"wp:attachment":[{"href":"https:\/\/www.hashtag.al\/index.php\/wp-json\/wp\/v2\/media?parent=744400"}],"wp:term":[{"taxonomy":"category","embeddable":true,"href":"https:\/\/www.hashtag.al\/index.php\/wp-json\/wp\/v2\/categories?post=744400"},{"taxonomy":"post_tag","embeddable":true,"href":"https:\/\/www.hashtag.al\/index.php\/wp-json\/wp\/v2\/tags?post=744400"}],"curies":[{"name":"wp","href":"https:\/\/api.w.org\/{rel}","templated":true}]}}