{"id":744171,"date":"2025-05-30T23:18:17","date_gmt":"2025-05-30T21:18:17","guid":{"rendered":"https:\/\/www.hashtag.al\/?p=744171"},"modified":"2025-05-30T23:18:17","modified_gmt":"2025-05-30T21:18:17","slug":"kas-rrezon-kerkesen-per-rinumerim-votash-alimehmeti-u-mbeshteten-ne-nje-artifice-procedurale","status":"publish","type":"post","link":"https:\/\/www.hashtag.al\/index.php\/2025\/05\/30\/kas-rrezon-kerkesen-per-rinumerim-votash-alimehmeti-u-mbeshteten-ne-nje-artifice-procedurale\/","title":{"rendered":"KAS rr\u00ebzon k\u00ebrkes\u00ebn p\u00ebr rinum\u00ebrim votash, Alimehmeti: U mb\u00ebshtet\u00ebn n\u00eb nj\u00eb artific\u00eb procedurale","gt_translate_keys":[{"key":"rendered","format":"text"}]},"content":{"rendered":"<p data-start=\"81\" data-end=\"330\"><span style=\"color: #000000;\"><img decoding=\"async\" class=\"aligncenter\" src=\"https:\/\/www.hashtag.al\/wp-content\/uploads\/2022\/11\/alimehmeti-1-e1748638975364.png\" \/><\/span><\/p>\n<p data-start=\"81\" data-end=\"330\"><span style=\"color: #000000;\">Mjeku Ilir Alimehmeti, kandidat i koalicionit PD-ASHM n\u00eb Qarkun Tiran\u00eb, ka reaguar pas vendimit t\u00eb KAS p\u00ebr t\u00eb rr\u00ebzuar k\u00ebrkes\u00ebn e tij p\u00ebr rinum\u00ebrim t\u00eb votave preferenciale.<\/span><\/p>\n<p data-start=\"332\" data-end=\"492\"><span style=\"color: #000000;\">N\u00eb nj\u00eb prononcim p\u00ebr media, Alimehmeti e cil\u00ebsoi vendimin e KAS si t\u00eb pabazuar n\u00eb prova dhe si t\u00eb mb\u00ebshtetur n\u00eb nj\u00eb \u201cartific\u00eb procedurale\u201d t\u00eb pakuptimt\u00eb.<\/span><\/p>\n<p data-start=\"332\" data-end=\"492\"><span style=\"color: #000000;\">\u201c<em>De facto nuk u mor\u00ebn me k\u00ebrkesat tona, me p\u00ebrmbajtjen e provave, por me nj\u00eb artific\u00eb q\u00eb thot\u00eb se \u2018subjekti duhet t\u00eb k\u00ebrkoj\u00eb rinum\u00ebrim\u2019. Nd\u00ebrkoh\u00eb q\u00eb kryetari i PD \u00ebsht\u00eb shprehur pro. Thelbi \u00ebsht\u00eb q\u00eb nuk u mor\u00ebn me provat e d\u00ebrguara,\u201d<\/em> \u2013 u shpreh ai.<\/span><\/p>\n<p data-start=\"746\" data-end=\"999\"><span style=\"color: #000000;\">Alimehmeti theksoi se n\u00eb dokumentacionin e dor\u00ebzuar ka evidentuar mosp\u00ebrputhje n\u00eb procesverbalet e disa qendrave t\u00eb votimit dhe madje ka referuar pamje nga kamerat e siguris\u00eb, ku \u2013 sipas tij \u2013 votat rezultojn\u00eb ndryshe nga ato t\u00eb regjistruara zyrtarisht.<\/span><\/p>\n<p data-start=\"746\" data-end=\"999\"><span style=\"color: #000000;\"><em>\u201cKemi par\u00eb edhe disa kamera, parregullsi n\u00eb qindra vota jo vet\u00ebm t\u00eb miat, q\u00eb n\u00eb video jan\u00eb ndryshe nga procesverbali,\u201d<\/em> \u2013 tha ai, duke shtuar se mungesa e sqarimeve nga autoritetet p\u00ebr procedurat q\u00eb duhet t\u00eb ndiqeshin e ka v\u00ebshtir\u00ebsuar procesin ankimor.<\/span><\/p>\n<p data-start=\"1257\" data-end=\"1465\"><span style=\"color: #000000;\">Nd\u00ebrkoh\u00eb, m\u00eb her\u00ebt, KAS rr\u00ebzoi edhe k\u00ebrkesat e tre kandidat\u00ebve t\u00eb tjer\u00eb demokrat\u00eb p\u00ebr rinum\u00ebrim t\u00eb votave. Vendimi u mor pas bashkimit t\u00eb votave t\u00eb Partis\u00eb Demokratike dhe Partis\u00eb Socialiste n\u00eb k\u00ebt\u00eb komision.<\/span><\/p>\n","protected":false,"gt_translate_keys":[{"key":"rendered","format":"html"}]},"excerpt":{"rendered":"<p>Mjeku Ilir Alimehmeti, kandidat i koalicionit PD-ASHM n\u00eb Qarkun Tiran\u00eb, ka reaguar pas vendimit t\u00eb KAS p\u00ebr t\u00eb rr\u00ebzuar k\u00ebrkes\u00ebn e tij p\u00ebr rinum\u00ebrim t\u00eb votave preferenciale. N\u00eb nj\u00eb prononcim p\u00ebr media, Alimehmeti e cil\u00ebsoi vendimin e KAS si t\u00eb pabazuar n\u00eb prova dhe si t\u00eb mb\u00ebshtetur n\u00eb nj\u00eb \u201cartific\u00eb procedurale\u201d t\u00eb pakuptimt\u00eb. \u201cDe facto [&hellip;]<\/p>\n","protected":false,"gt_translate_keys":[{"key":"rendered","format":"html"}]},"author":32,"featured_media":559239,"comment_status":"closed","ping_status":"open","sticky":false,"template":"","format":"standard","meta":{"footnotes":""},"categories":[65],"tags":[],"class_list":["post-744171","post","type-post","status-publish","format-standard","has-post-thumbnail","hentry","category-lajme"],"gt_translate_keys":[{"key":"link","format":"url"}],"_links":{"self":[{"href":"https:\/\/www.hashtag.al\/index.php\/wp-json\/wp\/v2\/posts\/744171","targetHints":{"allow":["GET"]}}],"collection":[{"href":"https:\/\/www.hashtag.al\/index.php\/wp-json\/wp\/v2\/posts"}],"about":[{"href":"https:\/\/www.hashtag.al\/index.php\/wp-json\/wp\/v2\/types\/post"}],"author":[{"embeddable":true,"href":"https:\/\/www.hashtag.al\/index.php\/wp-json\/wp\/v2\/users\/32"}],"replies":[{"embeddable":true,"href":"https:\/\/www.hashtag.al\/index.php\/wp-json\/wp\/v2\/comments?post=744171"}],"version-history":[{"count":99999,"href":"https:\/\/www.hashtag.al\/index.php\/wp-json\/wp\/v2\/posts\/744171\/revisions"}],"predecessor-version":[{"id":744180,"href":"https:\/\/www.hashtag.al\/index.php\/wp-json\/wp\/v2\/posts\/744171\/revisions\/744180"}],"wp:featuredmedia":[{"embeddable":true,"href":"https:\/\/www.hashtag.al\/index.php\/wp-json\/wp\/v2\/media\/559239"}],"wp:attachment":[{"href":"https:\/\/www.hashtag.al\/index.php\/wp-json\/wp\/v2\/media?parent=744171"}],"wp:term":[{"taxonomy":"category","embeddable":true,"href":"https:\/\/www.hashtag.al\/index.php\/wp-json\/wp\/v2\/categories?post=744171"},{"taxonomy":"post_tag","embeddable":true,"href":"https:\/\/www.hashtag.al\/index.php\/wp-json\/wp\/v2\/tags?post=744171"}],"curies":[{"name":"wp","href":"https:\/\/api.w.org\/{rel}","templated":true}]}}