{"id":744115,"date":"2025-05-30T20:10:33","date_gmt":"2025-05-30T18:10:33","guid":{"rendered":"https:\/\/www.hashtag.al\/?p=744115"},"modified":"2025-05-30T20:10:33","modified_gmt":"2025-05-30T18:10:33","slug":"macron-europa-dhe-azia-duhet-te-krijojne-nje-aleance-te-re-larg-shba-se-dhe-kines","status":"publish","type":"post","link":"https:\/\/www.hashtag.al\/index.php\/2025\/05\/30\/macron-europa-dhe-azia-duhet-te-krijojne-nje-aleance-te-re-larg-shba-se-dhe-kines\/","title":{"rendered":"Macron: Europa dhe Azia duhet t\u00eb krijojn\u00eb nj\u00eb aleanc\u00eb t\u00eb re larg SHBA-s\u00eb dhe Kin\u00ebs","gt_translate_keys":[{"key":"rendered","format":"text"}]},"content":{"rendered":"<p data-start=\"88\" data-end=\"377\"><span style=\"color: #000000;\"><img decoding=\"async\" class=\"aligncenter\" src=\"https:\/\/www.hashtag.al\/wp-content\/uploads\/2024\/06\/Macron.jpg\" \/><\/span><\/p>\n<p data-start=\"88\" data-end=\"377\"><span style=\"color: #000000;\">Presidenti francez Emmanuel Macron ka propozuar krijimin e nj\u00eb &#8220;aleance t\u00eb re pozitive&#8221; mes vendeve evropiane dhe atyre aziatike, t\u00eb nd\u00ebrtuar mbi parime t\u00eb p\u00ebrbashk\u00ebta si siguria, mbrojtja dhe tregtia, larg p\u00ebrplasjes mes dy superfuqive kryesore bot\u00ebrore \u2013 Shteteve t\u00eb Bashkuara dhe Kin\u00ebs.<\/span><\/p>\n<p data-start=\"379\" data-end=\"738\"><span style=\"color: #000000;\">Duke folur t\u00eb premten n\u00eb Dialogun e Siguris\u00eb Shangri-La n\u00eb Singapor, Macron e cil\u00ebsoi ndarjen mes SHBA-s\u00eb dhe Kin\u00ebs si k\u00ebrc\u00ebnimin m\u00eb t\u00eb madh aktual p\u00ebr rendin nd\u00ebrkomb\u00ebtar, nd\u00ebrsa paralajm\u00ebroi gjithashtu p\u00ebr rrezikun q\u00eb vjen nga Rusia dhe Koreja e Veriut. Ai theksoi r\u00ebnd\u00ebsin\u00eb q\u00eb aleat\u00ebt t\u00eb veprojn\u00eb s\u00eb bashku p\u00ebr t\u00eb ruajtur besueshm\u00ebrin\u00eb p\u00ebrball\u00eb agresor\u00ebve.<\/span><\/p>\n<p data-start=\"379\" data-end=\"738\"><span style=\"color: #000000;\"><em>\u201cJetojm\u00eb n\u00eb nj\u00eb koh\u00eb krizash dhe kemi nevoj\u00eb p\u00ebr m\u00ebnyra t\u00eb reja bashk\u00ebpunimi. Sfida jon\u00eb kryesore \u00ebsht\u00eb si t\u00eb ruajm\u00eb paqen, stabilitetin dhe begatin\u00eb n\u00eb k\u00ebt\u00eb mjedis t\u00eb paq\u00ebndruesh\u00ebm,\u201d<\/em> tha Macron n\u00eb fjalimin e tij kryesor.<\/span><\/p>\n<p data-start=\"965\" data-end=\"1207\"><span style=\"color: #000000;\">Ai kritikoi shtetet q\u00eb k\u00ebrkojn\u00eb t\u00eb imponojn\u00eb &#8220;sfera ndikimi q\u00eb n\u00eb fakt jan\u00eb sfera shtr\u00ebngimi&#8221;, duke aluduar p\u00ebr p\u00ebrpjekjet p\u00ebr kontroll nga periferit\u00eb e Evrop\u00ebs deri n\u00eb Detin e Kin\u00ebs Jugore dhe p\u00ebrpjekjet p\u00ebr p\u00ebrvet\u00ebsimin e burimeve natyrore.<\/span><\/p>\n<p data-start=\"1209\" data-end=\"1324\"><span style=\"color: #000000;\">Macron paralajm\u00ebroi se vendosja p\u00ebr t\u00eb zgjedhur mes dy superfuqive do t\u00eb ishte nj\u00eb gabim fatal p\u00ebr rendin global:<\/span><\/p>\n<p data-start=\"1209\" data-end=\"1324\"><em><span style=\"color: #000000;\">\u201cN\u00ebse e ndjekim k\u00ebt\u00eb logjik\u00eb, shkat\u00ebrrojm\u00eb rendin bot\u00ebror dhe institucionet q\u00eb u krijuan pas Luft\u00ebs s\u00eb Dyt\u00eb Bot\u00ebrore p\u00ebr t\u00eb ruajtur paqen.\u201d<\/span><\/em><\/p>\n<p data-start=\"1468\" data-end=\"1718\"><span style=\"color: #000000;\">Ai n\u00ebnvizoi se edhe pse Franca mbetet nj\u00eb aleate e SHBA-s\u00eb, nuk d\u00ebshiron t\u00eb jet\u00eb e varur nga &#8220;vendimet e nj\u00eb individi t\u00eb vet\u00ebm&#8221;. Macron shtoi se \u201cjetojm\u00eb n\u00eb nj\u00eb koh\u00eb kur aleancat tradicionale jan\u00eb dob\u00ebsuar\u201d, gj\u00eb q\u00eb po sjell nj\u00eb epok\u00eb t\u00eb re pasigurie.<\/span><\/p>\n<p data-start=\"1720\" data-end=\"1937\"><span style=\"color: #000000;\">P\u00ebr sa i p\u00ebrket k\u00ebrkes\u00ebs s\u00eb administrat\u00ebs Trump q\u00eb aleat\u00ebt t\u00eb marrin m\u00eb shum\u00eb p\u00ebrgjegj\u00ebsi p\u00ebr sigurin\u00eb, Macron u shpreh se kjo ishte nj\u00eb k\u00ebrkes\u00eb \u201ce drejt\u00eb\u201d dhe se Evropa duhet \u201ct\u00eb b\u00ebj\u00eb shum\u00eb m\u00eb tep\u00ebr p\u00ebr veten e saj\u201d.<\/span><\/p>\n<p data-start=\"1939\" data-end=\"2128\"><span style=\"color: #000000;\">N\u00eb sall\u00eb ndodhej edhe Sekretari amerikan i Mbrojtjes, Pete Hegseth, i cili m\u00eb her\u00ebt kishte kritikuar Evrop\u00ebn duke e quajtur \u201cparazitare\u201d n\u00eb nj\u00eb bised\u00eb private me zyrtar\u00eb t\u00eb tjer\u00eb amerikan\u00eb.<\/span><\/p>\n<p data-start=\"2130\" data-end=\"2349\"><span style=\"color: #000000;\">Macron kritikoi gjithashtu q\u00ebndrimin e Per\u00ebndimit ndaj luft\u00ebs n\u00eb Ukrain\u00eb dhe standardet e dyfishta p\u00ebr Gaz\u00ebn, duke paralajm\u00ebruar se tolerimi i pasojave humanitare n\u00eb rajon rrezikon t\u00eb minoj\u00eb kredibilitetin e Per\u00ebndimit.<\/span><\/p>\n<p data-start=\"2130\" data-end=\"2349\"><span style=\"color: #000000;\"><em>\u201cN\u00eb rrezik \u00ebsht\u00eb rendi bot\u00ebror dhe besueshm\u00ebria jon\u00eb p\u00ebr ta mbrojtur at\u00eb,\u201d<\/em> tha ai.<\/span><\/p>\n<p data-start=\"2437\" data-end=\"2711\"><span style=\"color: #000000;\">Franca ka k\u00ebrkuar q\u00eb vendet evropiane t\u00eb ken\u00eb nj\u00eb q\u00ebndrim m\u00eb t\u00eb fort\u00eb ndaj Izraelit n\u00ebse nuk p\u00ebrmir\u00ebsohet situata humanitare n\u00eb Gaza. Kjo ka ngjallur reagime t\u00eb ashpra n\u00eb Izrael, ku ministri i Mbrojtjes, Israel Katz, e akuzoi Macron p\u00ebr \u201cnj\u00eb kryq\u00ebzat\u00eb kund\u00ebr shtetit hebre\u201d.<\/span><\/p>\n<p data-start=\"2713\" data-end=\"3043\"><span style=\"color: #000000;\">Dialogu Shangri-La mbledh \u00e7do vit zyrtar\u00eb t\u00eb lart\u00eb nga vendet an\u00ebtare dhe forcat e armatosura p\u00ebr diskutime mbi sigurin\u00eb nd\u00ebrkomb\u00ebtare. Ndryshe nga vitet e kaluara, k\u00ebt\u00eb her\u00eb Kina nuk ka d\u00ebrguar ministrin e saj t\u00eb Mbrojtjes, duke p\u00ebrfaq\u00ebsuar veten vet\u00ebm me nj\u00eb delegat nga Universiteti i Mbrojtjes Komb\u00ebtare t\u00eb Ushtris\u00eb Popullore.<\/span><\/p>\n<p data-start=\"3045\" data-end=\"3373\"><span style=\"color: #000000;\">Mungesa e ministrit \u00ebsht\u00eb interpretuar nga disa si nj\u00eb mund\u00ebsi e humbur p\u00ebr Kin\u00ebn p\u00ebr t\u00eb forcuar marr\u00ebdh\u00ebniet me vendet e tjera, nd\u00ebrkoh\u00eb q\u00eb raportet SHBA-Kin\u00eb jan\u00eb tensionuar q\u00eb nga rikthimi i Donald Trump n\u00eb Sht\u00ebpin\u00eb e Bardh\u00eb. Analist\u00ebt v\u00ebrejn\u00eb gjithashtu se n\u00eb konferenca t\u00eb kaluara Kina \u00ebsht\u00eb p\u00ebrballur me kritika t\u00eb shumta.<\/span><\/p>\n<p data-start=\"3375\" data-end=\"3608\" data-is-last-node=\"\" data-is-only-node=\"\"><span style=\"color: #000000;\">Megjithat\u00eb, Zhou Bo, nj\u00eb kolonel n\u00eb pension i ushtris\u00eb kineze dhe pjes\u00ebmarr\u00ebs n\u00eb konferenc\u00eb, tha p\u00ebr <span style=\"color: #0000ff;\"><a style=\"color: #0000ff;\" href=\"https:\/\/www.theguardian.com\/world\/2025\/may\/30\/europe-and-asia-should-form-positive-new-alliance-says-macron-in-singapore\">The Guardian<\/a><\/span> se mungesa e ministrit nuk ishte e pazakont\u00eb dhe se Kina ka shum\u00eb platforma t\u00eb tjera p\u00ebr t\u00eb shprehur q\u00ebndrimet e saj.<\/span><\/p>\n","protected":false,"gt_translate_keys":[{"key":"rendered","format":"html"}]},"excerpt":{"rendered":"<p>Presidenti francez Emmanuel Macron ka propozuar krijimin e nj\u00eb &#8220;aleance t\u00eb re pozitive&#8221; mes vendeve evropiane dhe atyre aziatike, t\u00eb nd\u00ebrtuar mbi parime t\u00eb p\u00ebrbashk\u00ebta si siguria, mbrojtja dhe tregtia, larg p\u00ebrplasjes mes dy superfuqive kryesore bot\u00ebrore \u2013 Shteteve t\u00eb Bashkuara dhe Kin\u00ebs. Duke folur t\u00eb premten n\u00eb Dialogun e Siguris\u00eb Shangri-La n\u00eb Singapor, Macron [&hellip;]<\/p>\n","protected":false,"gt_translate_keys":[{"key":"rendered","format":"html"}]},"author":32,"featured_media":681297,"comment_status":"closed","ping_status":"open","sticky":false,"template":"","format":"standard","meta":{"footnotes":""},"categories":[6],"tags":[],"class_list":["post-744115","post","type-post","status-publish","format-standard","has-post-thumbnail","hentry","category-nderkombetare"],"gt_translate_keys":[{"key":"link","format":"url"}],"_links":{"self":[{"href":"https:\/\/www.hashtag.al\/index.php\/wp-json\/wp\/v2\/posts\/744115","targetHints":{"allow":["GET"]}}],"collection":[{"href":"https:\/\/www.hashtag.al\/index.php\/wp-json\/wp\/v2\/posts"}],"about":[{"href":"https:\/\/www.hashtag.al\/index.php\/wp-json\/wp\/v2\/types\/post"}],"author":[{"embeddable":true,"href":"https:\/\/www.hashtag.al\/index.php\/wp-json\/wp\/v2\/users\/32"}],"replies":[{"embeddable":true,"href":"https:\/\/www.hashtag.al\/index.php\/wp-json\/wp\/v2\/comments?post=744115"}],"version-history":[{"count":99999,"href":"https:\/\/www.hashtag.al\/index.php\/wp-json\/wp\/v2\/posts\/744115\/revisions"}],"predecessor-version":[{"id":744116,"href":"https:\/\/www.hashtag.al\/index.php\/wp-json\/wp\/v2\/posts\/744115\/revisions\/744116"}],"wp:featuredmedia":[{"embeddable":true,"href":"https:\/\/www.hashtag.al\/index.php\/wp-json\/wp\/v2\/media\/681297"}],"wp:attachment":[{"href":"https:\/\/www.hashtag.al\/index.php\/wp-json\/wp\/v2\/media?parent=744115"}],"wp:term":[{"taxonomy":"category","embeddable":true,"href":"https:\/\/www.hashtag.al\/index.php\/wp-json\/wp\/v2\/categories?post=744115"},{"taxonomy":"post_tag","embeddable":true,"href":"https:\/\/www.hashtag.al\/index.php\/wp-json\/wp\/v2\/tags?post=744115"}],"curies":[{"name":"wp","href":"https:\/\/api.w.org\/{rel}","templated":true}]}}