{"id":743947,"date":"2025-05-29T20:40:51","date_gmt":"2025-05-29T18:40:51","guid":{"rendered":"https:\/\/www.hashtag.al\/?p=743947"},"modified":"2025-05-29T20:40:51","modified_gmt":"2025-05-29T18:40:51","slug":"pamjet-befasuese-kur-fshati-zviceran-gelltitet-nga-akullnaja-video","status":"publish","type":"post","link":"https:\/\/www.hashtag.al\/index.php\/2025\/05\/29\/pamjet-befasuese-kur-fshati-zviceran-gelltitet-nga-akullnaja-video\/","title":{"rendered":"Pamjet befasuese kur fshati zviceran \u201cg\u00eblltitet\u201d nga akullnaja (Video)","gt_translate_keys":[{"key":"rendered","format":"text"}]},"content":{"rendered":"<p><span style=\"color: #000000;\"><img loading=\"lazy\" decoding=\"async\" class=\"aligncenter size-full wp-image-743948\" src=\"https:\/\/www.hashtag.al\/wp-content\/uploads\/2025\/05\/ipiccy_image-18.jpg\" alt=\"\" width=\"2000\" height=\"988\" srcset=\"https:\/\/www.hashtag.al\/wp-content\/uploads\/2025\/05\/ipiccy_image-18.jpg 2000w, https:\/\/www.hashtag.al\/wp-content\/uploads\/2025\/05\/ipiccy_image-18-300x148.jpg 300w, https:\/\/www.hashtag.al\/wp-content\/uploads\/2025\/05\/ipiccy_image-18-1024x506.jpg 1024w, https:\/\/www.hashtag.al\/wp-content\/uploads\/2025\/05\/ipiccy_image-18-768x379.jpg 768w, https:\/\/www.hashtag.al\/wp-content\/uploads\/2025\/05\/ipiccy_image-18-1536x759.jpg 1536w\" sizes=\"auto, (max-width: 2000px) 100vw, 2000px\" \/><\/span><\/p>\n<p><span style=\"color: #000000;\">Pamjet e reja befasuese tregojn\u00eb momentin kur nj\u00eb fshat zviceran varroset nga nj\u00eb akullnaj\u00eb e rr\u00ebzuar, duke shkat\u00ebrruar sht\u00ebpi me kryebashkiakun q\u00eb tha se ajo q\u00eb ka ndodhur \u00ebsht\u00eb \u201ce pap\u00ebrfytyrueshme&#8221;.<\/span><\/p>\n<p><span style=\"color: #000000;\">Pamjet e reja befasuese tregojn\u00eb momentin kur nj\u00eb fshat zviceran u varros dje nga nj\u00eb akullnaj\u00eb e rr\u00ebzuar, duke rr\u00ebnuar sht\u00ebpit\u00eb nd\u00ebrsa nj\u00eb person \u00ebsht\u00eb zhdukur.<\/span><\/p>\n<p><span style=\"color: #000000;\">Videoja tregon nj\u00eb re t\u00eb madhe akulli q\u00eb derdhet mbi fshatin Blatten t\u00eb m\u00ebrkur\u00ebn, duke mbuluar sht\u00ebpizat e vogla alpine teksa u shk\u00ebput nj\u00eb pjes\u00eb e akullnaj\u00ebs Birch, shkruan <a style=\"color: #000000;\" href=\"https:\/\/www.dailymail.co.uk\/news\/article-14760353\/footage-moment-swiss-blatten-glacier-collapse.html\"><span style=\"color: #0000ff;\">Daily Mail<\/span><\/a><span style=\"color: #0000ff;\">.<\/span><\/span><\/p>\n<p><span style=\"color: #000000;\">Balta dhe r\u00ebnia e gur\u00ebve godit\u00ebn sht\u00ebpit\u00eb nd\u00ebrsa mbeturinat u hodh\u00ebn posht\u00eb shpatit t\u00eb malit dhe n\u00eb lugin\u00ebn ku ishte nd\u00ebrtuar fshati.<\/span><\/p>\n<div style=\"width: 640px;\" class=\"wp-video\"><video class=\"wp-video-shortcode\" id=\"video-743947-1\" width=\"640\" height=\"360\" preload=\"metadata\" controls=\"controls\"><source type=\"video\/mp4\" src=\"https:\/\/www.hashtag.al\/wp-content\/uploads\/2025\/05\/zvicer.mp4?_=1\" \/><a href=\"https:\/\/www.hashtag.al\/wp-content\/uploads\/2025\/05\/zvicer.mp4\">https:\/\/www.hashtag.al\/wp-content\/uploads\/2025\/05\/zvicer.mp4<\/a><\/video><\/div>\n<p><span style=\"color: #000000;\">Rreth 90 p\u00ebrqind e komun\u00ebs, sht\u00ebpia e rreth 300 njer\u00ebzve, u mbulua nga rr\u00ebshqitja e dheut, me nj\u00eb person t\u00eb zhdukur ende, than\u00eb zyrtar\u00ebt.<\/span><\/p>\n<p><span style=\"color: #000000;\"><em>\u201cE pap\u00ebrfytyrueshme ajo q\u00eb ka ndodhur\u201d<\/em>, tha presidenti i Blatten, Matthias Bellwald n\u00eb nj\u00eb konferenc\u00eb p\u00ebr shtyp.<\/span><\/p>\n<p><span style=\"color: #000000;\"><em>\u201cKemi humbur fshatin ton\u00eb, por jo zemrat tona. Edhe pse fshati shtrihet n\u00ebn nj\u00eb grumbull t\u00eb madh rr\u00ebnojash, ne e dim\u00eb se ku duhet t\u00eb rind\u00ebrtohen sht\u00ebpit\u00eb tona dhe kisha jon\u00eb,&#8221;<\/em> shtoi ai.<\/span><\/p>\n<p><span style=\"color: #000000;\">Megjithat\u00eb, zyrtar\u00ebt kan\u00eb frik\u00eb se ekziston rreziku q\u00eb gjendja t\u00eb p\u00ebrkeq\u00ebsohet.<\/span><\/p>\n<p><span style=\"color: #000000;\">R\u00ebnia e akullnaj\u00ebs pritej prej disa dit\u00ebsh dhe shumica ishin n\u00eb gjendje t\u00eb evakuoheshin n\u00eb fillim t\u00eb k\u00ebsaj jave.<\/span><\/p>\n<div style=\"width: 1170px;\" class=\"wp-video\"><video class=\"wp-video-shortcode\" id=\"video-743947-2\" width=\"1170\" height=\"664\" preload=\"metadata\" controls=\"controls\"><source type=\"video\/mp4\" src=\"https:\/\/www.hashtag.al\/wp-content\/uploads\/2025\/05\/glacier_collapse_V1.mp4?_=2\" \/><a href=\"https:\/\/www.hashtag.al\/wp-content\/uploads\/2025\/05\/glacier_collapse_V1.mp4\">https:\/\/www.hashtag.al\/wp-content\/uploads\/2025\/05\/glacier_collapse_V1.mp4<\/a><\/video><\/div>\n","protected":false,"gt_translate_keys":[{"key":"rendered","format":"html"}]},"excerpt":{"rendered":"<p>Pamjet e reja befasuese tregojn\u00eb momentin kur nj\u00eb fshat zviceran varroset nga nj\u00eb akullnaj\u00eb e rr\u00ebzuar, duke shkat\u00ebrruar sht\u00ebpi me kryebashkiakun q\u00eb tha se ajo q\u00eb ka ndodhur \u00ebsht\u00eb \u201ce pap\u00ebrfytyrueshme&#8221;. Pamjet e reja befasuese tregojn\u00eb momentin kur nj\u00eb fshat zviceran u varros dje nga nj\u00eb akullnaj\u00eb e rr\u00ebzuar, duke rr\u00ebnuar sht\u00ebpit\u00eb nd\u00ebrsa nj\u00eb person [&hellip;]<\/p>\n","protected":false,"gt_translate_keys":[{"key":"rendered","format":"html"}]},"author":51,"featured_media":743948,"comment_status":"closed","ping_status":"open","sticky":false,"template":"","format":"standard","meta":{"footnotes":""},"categories":[53],"tags":[],"class_list":["post-743947","post","type-post","status-publish","format-standard","has-post-thumbnail","hentry","category-fast-foodi"],"gt_translate_keys":[{"key":"link","format":"url"}],"_links":{"self":[{"href":"https:\/\/www.hashtag.al\/index.php\/wp-json\/wp\/v2\/posts\/743947","targetHints":{"allow":["GET"]}}],"collection":[{"href":"https:\/\/www.hashtag.al\/index.php\/wp-json\/wp\/v2\/posts"}],"about":[{"href":"https:\/\/www.hashtag.al\/index.php\/wp-json\/wp\/v2\/types\/post"}],"author":[{"embeddable":true,"href":"https:\/\/www.hashtag.al\/index.php\/wp-json\/wp\/v2\/users\/51"}],"replies":[{"embeddable":true,"href":"https:\/\/www.hashtag.al\/index.php\/wp-json\/wp\/v2\/comments?post=743947"}],"version-history":[{"count":99999,"href":"https:\/\/www.hashtag.al\/index.php\/wp-json\/wp\/v2\/posts\/743947\/revisions"}],"predecessor-version":[{"id":743952,"href":"https:\/\/www.hashtag.al\/index.php\/wp-json\/wp\/v2\/posts\/743947\/revisions\/743952"}],"wp:featuredmedia":[{"embeddable":true,"href":"https:\/\/www.hashtag.al\/index.php\/wp-json\/wp\/v2\/media\/743948"}],"wp:attachment":[{"href":"https:\/\/www.hashtag.al\/index.php\/wp-json\/wp\/v2\/media?parent=743947"}],"wp:term":[{"taxonomy":"category","embeddable":true,"href":"https:\/\/www.hashtag.al\/index.php\/wp-json\/wp\/v2\/categories?post=743947"},{"taxonomy":"post_tag","embeddable":true,"href":"https:\/\/www.hashtag.al\/index.php\/wp-json\/wp\/v2\/tags?post=743947"}],"curies":[{"name":"wp","href":"https:\/\/api.w.org\/{rel}","templated":true}]}}