{"id":743604,"date":"2025-05-28T07:36:53","date_gmt":"2025-05-28T05:36:53","guid":{"rendered":"https:\/\/www.hashtag.al\/?p=743604"},"modified":"2025-05-28T07:45:19","modified_gmt":"2025-05-28T05:45:19","slug":"dokumente-te-deklasifikuara-administrata-biden-etiketoi-qytetaret-qe-kundershtuan-vaksinat-si-ekstremiste-te-dhunshem","status":"publish","type":"post","link":"https:\/\/www.hashtag.al\/index.php\/2025\/05\/28\/dokumente-te-deklasifikuara-administrata-biden-etiketoi-qytetaret-qe-kundershtuan-vaksinat-si-ekstremiste-te-dhunshem\/","title":{"rendered":"Dokumente t\u00eb deklasifikuara: Administrata Biden etiketoi qytetar\u00ebt q\u00eb kund\u00ebrshtuan vaksinat si &#8220;ekstremist\u00eb t\u00eb dhunsh\u00ebm&#8221;","gt_translate_keys":[{"key":"rendered","format":"text"}]},"content":{"rendered":"<p data-start=\"114\" data-end=\"343\"><span style=\"color: #000000;\"><img loading=\"lazy\" decoding=\"async\" class=\"aligncenter size-full wp-image-743608\" src=\"https:\/\/www.hashtag.al\/wp-content\/uploads\/2025\/05\/covid-skeptics-678x381-1.jpg\" alt=\"\" width=\"678\" height=\"381\" srcset=\"https:\/\/www.hashtag.al\/wp-content\/uploads\/2025\/05\/covid-skeptics-678x381-1.jpg 678w, https:\/\/www.hashtag.al\/wp-content\/uploads\/2025\/05\/covid-skeptics-678x381-1-300x169.jpg 300w\" sizes=\"auto, (max-width: 678px) 100vw, 678px\" \/><\/span><\/p>\n<p data-start=\"114\" data-end=\"343\"><span style=\"color: #000000;\">T\u00eb dh\u00ebnat e deklasifikuara t\u00eb inteligjenc\u00ebs zbulojn\u00eb nj\u00eb vendim shqet\u00ebsues t\u00eb administrat\u00ebs Biden p\u00ebr t&#8217;i cil\u00ebsuar amerikan\u00ebt q\u00eb kund\u00ebrshtojn\u00eb mandatet p\u00ebr vaksin\u00ebn dhe maskat kund\u00ebr COVID-19 si &#8220;Ekstremist\u00eb t\u00eb Dhunsh\u00ebm n\u00eb Familje&#8221; (EDF).<\/span><\/p>\n<p data-start=\"345\" data-end=\"747\"><span style=\"color: #000000;\">Dokumentet, t\u00eb b\u00ebra publike nga Drejtoresha e Inteligjenc\u00ebs Komb\u00ebtare, Tulsi Gabbard, tregojn\u00eb p\u00ebr nj\u00eb p\u00ebrpjekje alarmante p\u00ebr t\u00eb etiketuar qytetar\u00ebt disident\u00eb me nj\u00eb term q\u00eb zakonisht p\u00ebrdoret p\u00ebr k\u00ebrc\u00ebnime t\u00eb r\u00ebnda ndaj siguris\u00eb komb\u00ebtare.<\/span><\/p>\n<p data-start=\"345\" data-end=\"747\"><span style=\"color: #000000;\">T\u00eb dh\u00ebnat detajojn\u00eb se si administrata p\u00ebrdori shkurtes\u00ebn &#8220;DVE&#8221; p\u00ebr t\u00eb kategorizuar k\u00ebta individ\u00eb, duke sinjalizuar nj\u00eb strategji t\u00eb q\u00ebllimshme p\u00ebr t&#8217;i paraqitur skeptik\u00ebt e sh\u00ebndetit publik si rreziqe p\u00ebr sigurin\u00eb komb\u00ebtare. Ky zbulim ngre shqet\u00ebsime t\u00eb thella n\u00eb lidhje me p\u00ebrdorimin si arm\u00eb t\u00eb autoritetit qeveritar p\u00ebr t\u00eb heshtur mospajtimin dhe p\u00ebr t\u00eb stigmatizuar ata q\u00eb v\u00ebn\u00eb n\u00eb dyshim politikat e COVID-19.<\/span><\/p>\n<p data-start=\"345\" data-end=\"747\"><span style=\"color: #000000;\">Modernity.news\u00a0raporton: Catherine Herridge, nj\u00eb nga gazetaret q\u00eb siguroi t\u00eb dh\u00ebnat, v\u00ebren:<em> \u201cP\u00ebrcaktimi krijoi nj\u00eb \u2018q\u00ebllim t\u00eb artikuluesh\u00ebm\u2019 p\u00ebr FBI-n\u00eb ose agjent\u00eb t\u00eb tjer\u00eb qeveritar\u00eb p\u00ebr t\u00eb hapur nj\u00eb \u2018vler\u00ebsim\u2019 t\u00eb individ\u00ebve.\u201d<\/em><\/span><\/p>\n<blockquote class=\"twitter-tweet\">\n<p dir=\"ltr\" lang=\"en\">NEW: Biden Administration Labeled Opponents Of Covid Mandates As \u201cDomestic Violent Extremists,\u201d Newly Released Documents Show<\/p>\n<p>The designation infringed on the First Amendment and opened the door to investigating Americans for vaccine mandate skepticism.<\/p>\n<p>The Biden Administration\u2026 <a href=\"https:\/\/t.co\/BFbffO0xUC\">pic.twitter.com\/BFbffO0xUC<\/a><\/p>\n<p>\u2014 Catherine Herridge (@C__Herridge) <a href=\"https:\/\/twitter.com\/C__Herridge\/status\/1925901392499093569?ref_src=twsrc%5Etfw\">May 23, 2025<\/a><\/p><\/blockquote>\n<p><script async src=\"https:\/\/platform.twitter.com\/widgets.js\" charset=\"utf-8\"><\/script><\/p>\n<p><span style=\"color: #000000;\">Nj\u00eb ish-agjent i FBI-s\u00eb i tha Herridge se ky &#8220;\u00ebsht\u00eb shpesh hapi i par\u00eb drejt nj\u00eb hetimi formal&#8221;.<\/span><\/p>\n<div class=\"code-block code-block-9\">\n<p data-start=\"101\" data-end=\"379\"><span style=\"color: #000000;\">Herridge raporton m\u00eb tej:<\/span><br data-start=\"126\" data-end=\"129\" \/><span style=\"color: #000000;\">Raporti pretendon se\u00a0\u201cekstremist\u00ebt e dhunsh\u00ebm antiqeveritar\u00eb ose antiautoritar\u00eb\u201d, ve\u00e7an\u00ebrisht grupet militante,\u00a0\u201ce shohin vaksinimin kund\u00ebr COVID-19 dhe mandatet p\u00ebr mbajtjen e mask\u00ebs si prova t\u00eb tejkalimit t\u00eb pushtetit nga ana e qeveris\u00eb\u201d.<\/span><\/p>\n<p data-start=\"381\" data-end=\"566\"><span style=\"color: #000000;\">Gjithashtu, n\u00eb raport thuhet se\u00a0nj\u00eb s\u00ebr\u00eb narrativash lidhur me COVID-in kan\u00eb gjetur jehon\u00eb te ekstremist\u00ebt e dhunsh\u00ebm (DVE), t\u00eb cil\u00ebt\u00a0jan\u00eb t\u00eb motivuar nga ideologjia e QAnon-it.<\/span><\/p>\n<p data-start=\"381\" data-end=\"566\"><span style=\"color: #000000;\">FBI-ja, Departamenti i Siguris\u00eb Komb\u00ebtare (DHS)\u00a0dhe\u00a0Qendra Komb\u00ebtare Kund\u00ebr Terrorizmit (NCTC)\u00a0kan\u00eb bashk\u00ebshkruar nj\u00eb produkt inteligjence t\u00eb dat\u00ebs\u00a013 dhjetor 2021, me titull: \u201cEkstremist\u00ebt e Dhunsh\u00ebm t\u00eb Brendsh\u00ebm (DVE) dhe homolog\u00ebt e tyre t\u00eb huaj mund t\u00eb reagojn\u00eb me dhun\u00eb ndaj masave kufizuese p\u00ebr COVID-19\u201d.<\/span><\/p>\n<p data-start=\"81\" data-end=\"201\"><span style=\"color: #000000;\">Raporti i referohet kritikave ndaj mandateve si\u00a0\u201cnarrativa t\u00eb spikatura\u201d\u00a0q\u00eb lidhen me\u00a0ekstremizmin e dhunsh\u00ebm.<\/span><\/p>\n<p data-start=\"203\" data-end=\"511\"><span style=\"color: #000000;\">Sipas tij, k\u00ebto narrativa\u00a0p\u00ebrfshijn\u00eb bindjen se vaksinat kund\u00ebr COVID-19 jan\u00eb t\u00eb pasigurta, ve\u00e7an\u00ebrisht p\u00ebr f\u00ebmij\u00ebt; se ato jan\u00eb pjes\u00eb e nj\u00eb konspiracioni qeveritar ose global p\u00ebr t\u00eb mohuar lirit\u00eb civile dhe mjetet e jetes\u00ebs; apo edhe se jan\u00eb t\u00eb krijuara p\u00ebr t\u00eb nisur nj\u00eb rend t\u00eb ri shoq\u00ebror ose politik.<\/span><\/p>\n<p data-start=\"74\" data-end=\"297\"><span style=\"color: #000000;\">\u201cKjo \u00ebsht\u00eb nj\u00eb m\u00ebnyr\u00eb q\u00eb ata t\u2019u drejtohen kompanive t\u00eb mediave sociale dhe t\u2019u thon\u00eb: \u2018Ju nuk doni t\u00eb p\u00ebrhapni terroriz\u00ebm t\u00eb brendsh\u00ebm, ndaj duhet ta hiqni k\u00ebt\u00eb p\u00ebrmbajtje\u2019,\u201d\u00a0tha ish-agjenti i FBI-s\u00eb,\u00a0Steve Friend.<\/span><\/p>\n<p data-start=\"299\" data-end=\"437\"><span style=\"color: #000000;\">Uau. T\u00eb ashtuquajturit \u201cekstremist\u00eb t\u00eb dhunsh\u00ebm\u201d q\u00eb besonin se vaksinat kund\u00ebr COVID-it\u00a0mund t\u00eb jen\u00eb t\u00eb pasigurta p\u00ebr t\u00eb rinjt\u00eb, nuk \u00ebsht\u00eb se ata kishin\u00a0100% t\u00eb drejt\u00eb.<\/span><\/p>\n<p data-start=\"299\" data-end=\"437\"><span style=\"color: #000000;\">Tashm\u00eb, kompanit\u00eb e m\u00ebdha farmaceutike po detyrohen t\u00eb pranojn\u00eb se ky \u00ebsht\u00eb pik\u00ebrisht rasti.<\/span><\/p>\n<figure class=\"wp-block-embed is-type-rich is-provider-twitter wp-block-embed-twitter\">\n<div class=\"wp-block-embed__wrapper\"><\/div>\n<\/figure>\n<blockquote class=\"twitter-tweet\">\n<p dir=\"ltr\" lang=\"en\">The FDA is requiring COVID vaccine makers Pfizer and Moderna to update their warnings about the possible risk of myocarditis and pericarditis. <a href=\"https:\/\/t.co\/KWQ2WpuBI6\">https:\/\/t.co\/KWQ2WpuBI6<\/a><\/p>\n<p>\u2014 CBS News (@CBSNews) <a href=\"https:\/\/twitter.com\/CBSNews\/status\/1925235136469086404?ref_src=twsrc%5Etfw\">May 21, 2025<\/a><\/p><\/blockquote>\n<p><script async src=\"https:\/\/platform.twitter.com\/widgets.js\" charset=\"utf-8\"><\/script><\/p>\n<p><span style=\"color: #000000;\">Herridge raporton gjithashtu se \u201cRaporti i sapo deklasifikuar duket se t\u00ebrheq nj\u00eb vij\u00eb t\u00eb drejt\u00eb midis kund\u00ebrshtimit ndaj mandateve t\u00eb vaksinimit dhe niveleve t\u00eb larta t\u00eb terrorizmit t\u00eb brendsh\u00ebm.\u201d<\/span><\/p>\n<figure class=\"wp-block-embed is-type-rich is-provider-twitter wp-block-embed-twitter\">\n<div class=\"wp-block-embed__wrapper\"><\/div>\n<\/figure>\n<blockquote class=\"twitter-tweet\">\n<p dir=\"ltr\" lang=\"en\">NEW: Biden Administration Labeled Opponents Of Covid Mandates As \u201cDomestic Violent Extremists,\u201d Newly Released Documents Show<\/p>\n<p>The designation infringed on the First Amendment and opened the door to investigating Americans for vaccine mandate skepticism.<\/p>\n<p>The Biden Administration\u2026 <a href=\"https:\/\/t.co\/BFbffO0xUC\">pic.twitter.com\/BFbffO0xUC<\/a><\/p>\n<p>\u2014 Catherine Herridge (@C__Herridge) <a href=\"https:\/\/twitter.com\/C__Herridge\/status\/1925901392499093569?ref_src=twsrc%5Etfw\">May 23, 2025<\/a><\/p><\/blockquote>\n<p><script async src=\"https:\/\/platform.twitter.com\/widgets.js\" charset=\"utf-8\"><\/script><\/p>\n<blockquote class=\"twitter-tweet\">\n<p dir=\"ltr\" lang=\"en\">A separate February 2022 report called \u201cSpecial Analysis: Joint Analytic Cell\u201d investigates the \u201cSociopolitical Factors Amplifying Persistent Domestic Violent Extremist Threat.\u201d<\/p>\n<p>The newly declassified report seems to draw a straight line between opposition to vaccine mandates\u2026 <a href=\"https:\/\/t.co\/0oLkXZyGWD\">pic.twitter.com\/0oLkXZyGWD<\/a><\/p>\n<p>\u2014 Catherine Herridge (@C__Herridge) <a href=\"https:\/\/twitter.com\/C__Herridge\/status\/1925901405732159654?ref_src=twsrc%5Etfw\">May 23, 2025<\/a><\/p><\/blockquote>\n<p><script async src=\"https:\/\/platform.twitter.com\/widgets.js\" charset=\"utf-8\"><\/script><\/p>\n<p><span style=\"color: #000000;\">Jo, vet\u00ebm n\u00ebse Trumpi i anulon zyrtarisht t\u00eb gjitha faljet e b\u00ebra me autopen-in.<\/span><\/p>\n<blockquote class=\"twitter-tweet\">\n<p dir=\"ltr\" lang=\"en\">Every federal employee who acquiesced to this and colluded with the Biden Pretendership in its war against the American people needs to do hard prison time.<\/p>\n<p>\u2014 Michael Goulish (@Mick_Goulish) <a href=\"https:\/\/twitter.com\/Mick_Goulish\/status\/1925927600473379237?ref_src=twsrc%5Etfw\">May 23, 2025<\/a><\/p><\/blockquote>\n<p><script async src=\"https:\/\/platform.twitter.com\/widgets.js\" charset=\"utf-8\"><\/script><\/p>\n<figure class=\"wp-block-embed is-type-rich is-provider-twitter wp-block-embed-twitter\">\n<div class=\"wp-block-embed__wrapper\"><\/div>\n<\/figure>\n<blockquote class=\"twitter-tweet\">\n<blockquote class=\"twitter-tweet\">\n<p dir=\"ltr\" lang=\"en\">True, labeling concerned citizens as extremists was a big government overreach. People have a right to question mandates.<\/p>\n<p>\u2014 VJT (@KelvinCold1234) <a href=\"https:\/\/twitter.com\/KelvinCold1234\/status\/1925912601378038005?ref_src=twsrc%5Etfw\">May 23, 2025<\/a><\/p><\/blockquote>\n<p><script async src=\"https:\/\/platform.twitter.com\/widgets.js\" charset=\"utf-8\"><\/script><\/p><\/blockquote>\n<p><script async src=\"https:\/\/platform.twitter.com\/widgets.js\" charset=\"utf-8\"><\/script><\/p>\n<blockquote class=\"twitter-tweet\">\n<p dir=\"ltr\" lang=\"en\">It\u2019s every ounce as awful as we felt and suspected.<\/p>\n<p>Just awful. <a href=\"https:\/\/t.co\/CEZ55Lswln\">https:\/\/t.co\/CEZ55Lswln<\/a><\/p>\n<p>\u2014 BhawkMom (@bhawk_mom) <a href=\"https:\/\/twitter.com\/bhawk_mom\/status\/1925937109581410798?ref_src=twsrc%5Etfw\">May 23, 2025<\/a><\/p><\/blockquote>\n<p><script async src=\"https:\/\/platform.twitter.com\/widgets.js\" charset=\"utf-8\"><\/script><\/p>\n<blockquote class=\"twitter-tweet\">\n<p dir=\"ltr\" lang=\"en\">As the lawyer who filed the most lawsuits in America to challenge COVID restrictions, I find this appalling &amp; un-American, and it will not deter me from continuing to urge members of Congress to overrule the cases that made this tyranny possible, starting with Jacobson v. Mass. <a href=\"https:\/\/t.co\/upJCVWwhrZ\">https:\/\/t.co\/upJCVWwhrZ<\/a><\/p>\n<p>\u2014 Harmeet K. Dhillon (@HarmeetKDhillon) <a href=\"https:\/\/twitter.com\/HarmeetKDhillon\/status\/1925939876089770055?ref_src=twsrc%5Etfw\">May 23, 2025<\/a><\/p><\/blockquote>\n<p><script async src=\"https:\/\/platform.twitter.com\/widgets.js\" charset=\"utf-8\"><\/script><\/p>\n<p><span style=\"color: #000000;\"><span style=\"color: #ff0000;\"><strong>VINI RE:<\/strong> <\/span>Ky artikull \u00ebsht\u00eb pron\u00ebsi intelektuale e <a href=\"https:\/\/thepeoplesvoice.tv\/declassified-docs-biden-admin-branded-covid-dissenters-domestic-violent-extremists\/?fbclid=IwQ0xDSwKjH25leHRuA2FlbQIxMQABHip1QUb_ZMI7jwY1SkXe-R_I197mYjpYVYsoz4PL-kY4W9ntBvG0SBwHIUgE_aem_Cjh0P1M2gq1-x3Upw651Fw#mb73rw78ljb6oyzy9h\"><span style=\"color: #0000ff;\"><strong>The People&#8217;s Voice<\/strong><\/span><\/a><\/span><\/p>\n<\/div>\n","protected":false,"gt_translate_keys":[{"key":"rendered","format":"html"}]},"excerpt":{"rendered":"<p>T\u00eb dh\u00ebnat e deklasifikuara t\u00eb inteligjenc\u00ebs zbulojn\u00eb nj\u00eb vendim shqet\u00ebsues t\u00eb administrat\u00ebs Biden p\u00ebr t&#8217;i cil\u00ebsuar amerikan\u00ebt q\u00eb kund\u00ebrshtojn\u00eb mandatet p\u00ebr vaksin\u00ebn dhe maskat kund\u00ebr COVID-19 si &#8220;Ekstremist\u00eb t\u00eb Dhunsh\u00ebm n\u00eb Familje&#8221; (EDF). Dokumentet, t\u00eb b\u00ebra publike nga Drejtoresha e Inteligjenc\u00ebs Komb\u00ebtare, Tulsi Gabbard, tregojn\u00eb p\u00ebr nj\u00eb p\u00ebrpjekje alarmante p\u00ebr t\u00eb etiketuar qytetar\u00ebt disident\u00eb me [&hellip;]<\/p>\n","protected":false,"gt_translate_keys":[{"key":"rendered","format":"html"}]},"author":49,"featured_media":743608,"comment_status":"closed","ping_status":"open","sticky":false,"template":"","format":"standard","meta":{"footnotes":""},"categories":[22],"tags":[],"class_list":["post-743604","post","type-post","status-publish","format-standard","has-post-thumbnail","hentry","category-ballina"],"gt_translate_keys":[{"key":"link","format":"url"}],"_links":{"self":[{"href":"https:\/\/www.hashtag.al\/index.php\/wp-json\/wp\/v2\/posts\/743604","targetHints":{"allow":["GET"]}}],"collection":[{"href":"https:\/\/www.hashtag.al\/index.php\/wp-json\/wp\/v2\/posts"}],"about":[{"href":"https:\/\/www.hashtag.al\/index.php\/wp-json\/wp\/v2\/types\/post"}],"author":[{"embeddable":true,"href":"https:\/\/www.hashtag.al\/index.php\/wp-json\/wp\/v2\/users\/49"}],"replies":[{"embeddable":true,"href":"https:\/\/www.hashtag.al\/index.php\/wp-json\/wp\/v2\/comments?post=743604"}],"version-history":[{"count":99999,"href":"https:\/\/www.hashtag.al\/index.php\/wp-json\/wp\/v2\/posts\/743604\/revisions"}],"predecessor-version":[{"id":743614,"href":"https:\/\/www.hashtag.al\/index.php\/wp-json\/wp\/v2\/posts\/743604\/revisions\/743614"}],"wp:featuredmedia":[{"embeddable":true,"href":"https:\/\/www.hashtag.al\/index.php\/wp-json\/wp\/v2\/media\/743608"}],"wp:attachment":[{"href":"https:\/\/www.hashtag.al\/index.php\/wp-json\/wp\/v2\/media?parent=743604"}],"wp:term":[{"taxonomy":"category","embeddable":true,"href":"https:\/\/www.hashtag.al\/index.php\/wp-json\/wp\/v2\/categories?post=743604"},{"taxonomy":"post_tag","embeddable":true,"href":"https:\/\/www.hashtag.al\/index.php\/wp-json\/wp\/v2\/tags?post=743604"}],"curies":[{"name":"wp","href":"https:\/\/api.w.org\/{rel}","templated":true}]}}