{"id":743592,"date":"2025-05-27T22:39:19","date_gmt":"2025-05-27T20:39:19","guid":{"rendered":"https:\/\/www.hashtag.al\/?p=743592"},"modified":"2025-05-27T22:39:19","modified_gmt":"2025-05-27T20:39:19","slug":"volvo-do-shkurtoje-3000-vende-pune","status":"publish","type":"post","link":"https:\/\/www.hashtag.al\/index.php\/2025\/05\/27\/volvo-do-shkurtoje-3000-vende-pune\/","title":{"rendered":"Volvo do shkurtoj\u00eb 3000 vende pune","gt_translate_keys":[{"key":"rendered","format":"text"}]},"content":{"rendered":"<p><img loading=\"lazy\" decoding=\"async\" class=\"aligncenter size-full wp-image-384421\" src=\"https:\/\/www.hashtag.al\/wp-content\/uploads\/2020\/07\/Volvo.jpg\" alt=\"\" width=\"980\" height=\"551\" srcset=\"https:\/\/www.hashtag.al\/wp-content\/uploads\/2020\/07\/Volvo.jpg 980w, https:\/\/www.hashtag.al\/wp-content\/uploads\/2020\/07\/Volvo-300x169.jpg 300w, https:\/\/www.hashtag.al\/wp-content\/uploads\/2020\/07\/Volvo-768x432.jpg 768w\" sizes=\"auto, (max-width: 980px) 100vw, 980px\" \/><\/p>\n<p><span style=\"color: #000000;\">Volvo do shkurtoj\u00eb 3,000 vende pune kryesisht n\u00eb administrat\u00eb, si pjes\u00eb e nj\u00eb ristrukturimi t\u00eb shpallur muajin e kaluar pasi p\u00ebrballet me kostot e larta, nj\u00eb ngadal\u00ebsim t\u00eb k\u00ebrkes\u00ebs p\u00ebr automjete elektrike dhe pasigurin\u00eb tregtare, tha kompania t\u00eb h\u00ebn\u00ebn.<\/span><\/p>\n<p><span style=\"color: #000000;\">Pushimet vijn\u00eb pasi prodhuesi suedez i automobilave p\u00ebrpiqet t\u00eb ringjall\u00eb \u00e7mimin e aksioneve t\u00eb tij m\u00eb t\u00eb ul\u00ebta dhe t\u00eb rris\u00eb k\u00ebrkes\u00ebn m\u00eb t\u00eb mir\u00eb p\u00ebr makinat e tij duke ristrukturuar nj\u00eb pjes\u00eb t\u00eb biznesit dhe duke ulur kostot.<\/span><\/p>\n<p><span style=\"color: #000000;\">Shefi Hakan Samuelsson, i cili koh\u00ebt e fundit u rikthye n\u00eb k\u00ebt\u00eb rol pasi drejtoi kompanin\u00eb p\u00ebr nj\u00eb dekad\u00eb deri n\u00eb vitin 2022, zbuloi nj\u00eb program n\u00eb prill p\u00ebr t\u00eb ulur kostot me 18 miliard\u00eb korona suedeze (1.9 miliard\u00eb dollar\u00eb), duke p\u00ebrfshir\u00eb nj\u00eb shkurtim t\u00eb konsideruesh\u00ebm t\u00eb stafit, i cili p\u00ebrb\u00ebn 40% t\u00eb fuqis\u00eb pun\u00ebtore.<\/span><\/p>\n<p><span style=\"color: #000000;\"><em>&#8220;B\u00ebhet fjal\u00eb p\u00ebr postet administrative n\u00eb pothuajse t\u00eb gjitha fushat, duke p\u00ebrfshir\u00eb k\u00ebrkimin dhe zhvillimin, komunikimin, burimet njer\u00ebzore,&#8221;<\/em> tha Samuelsson p\u00ebr <span style=\"color: #0000ff;\"><a style=\"color: #0000ff;\" href=\"https:\/\/www.reuters.com\/business\/autos-transportation\/volvo-cars-cut-3000-jobs-restructuring-2025-05-26\/\">Reuters<\/a> <\/span>t\u00eb premten.<\/span><\/p>\n<p><span style=\"color: #000000;\"><em>&#8220;Un\u00eb mendoj se do jet\u00eb shum\u00eb e sh\u00ebndetshme dhe do na kursej\u00eb para dhe do t&#8217;u jap\u00eb hap\u00ebsir\u00eb \u200b\u200bnjer\u00ebzve q\u00eb t\u00eb marrin p\u00ebrgjegj\u00ebsi m\u00eb t\u00eb m\u00ebdha.&#8221;<\/em><\/span><\/p>\n<p><span style=\"color: #000000;\">Kreu i ri financiar i Volvo-s, Fredrik Hansson i tha Reuters se nd\u00ebrsa t\u00eb gjitha departamentet dhe vendndodhjet do ndikohen, shumica e shkurtimeve do ndodhin n\u00eb Goteborg.<\/span><\/p>\n","protected":false,"gt_translate_keys":[{"key":"rendered","format":"html"}]},"excerpt":{"rendered":"<p>Volvo do shkurtoj\u00eb 3,000 vende pune kryesisht n\u00eb administrat\u00eb, si pjes\u00eb e nj\u00eb ristrukturimi t\u00eb shpallur muajin e kaluar pasi p\u00ebrballet me kostot e larta, nj\u00eb ngadal\u00ebsim t\u00eb k\u00ebrkes\u00ebs p\u00ebr automjete elektrike dhe pasigurin\u00eb tregtare, tha kompania t\u00eb h\u00ebn\u00ebn. Pushimet vijn\u00eb pasi prodhuesi suedez i automobilave p\u00ebrpiqet t\u00eb ringjall\u00eb \u00e7mimin e aksioneve t\u00eb tij m\u00eb [&hellip;]<\/p>\n","protected":false,"gt_translate_keys":[{"key":"rendered","format":"html"}]},"author":51,"featured_media":384421,"comment_status":"closed","ping_status":"open","sticky":false,"template":"","format":"standard","meta":{"footnotes":""},"categories":[53],"tags":[],"class_list":["post-743592","post","type-post","status-publish","format-standard","has-post-thumbnail","hentry","category-fast-foodi"],"gt_translate_keys":[{"key":"link","format":"url"}],"_links":{"self":[{"href":"https:\/\/www.hashtag.al\/index.php\/wp-json\/wp\/v2\/posts\/743592","targetHints":{"allow":["GET"]}}],"collection":[{"href":"https:\/\/www.hashtag.al\/index.php\/wp-json\/wp\/v2\/posts"}],"about":[{"href":"https:\/\/www.hashtag.al\/index.php\/wp-json\/wp\/v2\/types\/post"}],"author":[{"embeddable":true,"href":"https:\/\/www.hashtag.al\/index.php\/wp-json\/wp\/v2\/users\/51"}],"replies":[{"embeddable":true,"href":"https:\/\/www.hashtag.al\/index.php\/wp-json\/wp\/v2\/comments?post=743592"}],"version-history":[{"count":99999,"href":"https:\/\/www.hashtag.al\/index.php\/wp-json\/wp\/v2\/posts\/743592\/revisions"}],"predecessor-version":[{"id":743593,"href":"https:\/\/www.hashtag.al\/index.php\/wp-json\/wp\/v2\/posts\/743592\/revisions\/743593"}],"wp:featuredmedia":[{"embeddable":true,"href":"https:\/\/www.hashtag.al\/index.php\/wp-json\/wp\/v2\/media\/384421"}],"wp:attachment":[{"href":"https:\/\/www.hashtag.al\/index.php\/wp-json\/wp\/v2\/media?parent=743592"}],"wp:term":[{"taxonomy":"category","embeddable":true,"href":"https:\/\/www.hashtag.al\/index.php\/wp-json\/wp\/v2\/categories?post=743592"},{"taxonomy":"post_tag","embeddable":true,"href":"https:\/\/www.hashtag.al\/index.php\/wp-json\/wp\/v2\/tags?post=743592"}],"curies":[{"name":"wp","href":"https:\/\/api.w.org\/{rel}","templated":true}]}}