{"id":743536,"date":"2025-05-27T17:22:32","date_gmt":"2025-05-27T15:22:32","guid":{"rendered":"https:\/\/www.hashtag.al\/?p=743536"},"modified":"2025-05-27T17:22:32","modified_gmt":"2025-05-27T15:22:32","slug":"takimi-me-zyrtaren-kroate-berisha-e-informova-per-farsen-elektorale-te-11-majit","status":"publish","type":"post","link":"https:\/\/www.hashtag.al\/index.php\/2025\/05\/27\/takimi-me-zyrtaren-kroate-berisha-e-informova-per-farsen-elektorale-te-11-majit\/","title":{"rendered":"Takimi me zyrtaren kroate, Berisha: E informova p\u00ebr fars\u00ebn elektorale t\u00eb 11 majit","gt_translate_keys":[{"key":"rendered","format":"text"}]},"content":{"rendered":"<p><span style=\"color: #000000;\"><img loading=\"lazy\" decoding=\"async\" class=\"alignnone size-medium wp-image-743537\" src=\"https:\/\/www.hashtag.al\/wp-content\/uploads\/2025\/05\/berisha-kroaci-300x190.jpg\" alt=\"\" width=\"300\" height=\"190\" srcset=\"https:\/\/www.hashtag.al\/wp-content\/uploads\/2025\/05\/berisha-kroaci-300x190.jpg 300w, https:\/\/www.hashtag.al\/wp-content\/uploads\/2025\/05\/berisha-kroaci-1024x648.jpg 1024w, https:\/\/www.hashtag.al\/wp-content\/uploads\/2025\/05\/berisha-kroaci-768x486.jpg 768w, https:\/\/www.hashtag.al\/wp-content\/uploads\/2025\/05\/berisha-kroaci.jpg 1477w\" sizes=\"auto, (max-width: 300px) 100vw, 300px\" \/><\/span><\/p>\n<p><span style=\"color: #000000;\">Kreu i Partis\u00eb Demokratike, Sali Berisha, ka zhvilluar nj\u00eb takim me k\u00ebshilltaren e lart\u00eb n\u00eb Ministrin\u00eb e Pun\u00ebve t\u00eb Jashtme t\u00eb Kroacis\u00eb p\u00ebr Ballkanin Per\u00ebndimor, znj. Emine Lekaj Prljaskaj, t\u00eb cil\u00ebn e informoi p\u00ebr zhvillimet e fundit politike n\u00eb Shqip\u00ebri dhe p\u00ebr situat\u00ebn pas zgjedhjeve t\u00eb 11 majit.<\/span><\/p>\n<p><span style=\"color: #000000;\">N\u00eb nj\u00eb deklarat\u00eb p\u00ebr mediat, Berisha u shpreh se ky ishte nj\u00eb takim miq\u00ebsor dhe i hapur, ku vler\u00ebsoi kontributin e znj. Lekaj Prljaskaj n\u00eb p\u00ebrfaq\u00ebsimin e denj\u00eb t\u00eb komunitetit shqiptar n\u00eb Kroaci dhe n\u00eb forcimin e marr\u00ebdh\u00ebnieve mes dy vendeve.<\/span><\/p>\n<p><span style=\"color: #000000;\"><em>\u201cPrita n\u00eb nj\u00eb takim miq\u00ebsor k\u00ebshilltaren e lart\u00eb n\u00eb Ministrin\u00eb e Pun\u00ebve t\u00eb Jashtme t\u00eb Kroacis\u00eb p\u00ebr Ballkanin Per\u00ebndimor, Shqip\u00ebrin\u00eb, Kosov\u00ebn dhe Maqedonin\u00eb e Veriut, znj. Emine Lekaj Prljaskaj, ish-deputete me tre mandate n\u00eb Parlamentin kroat. Ajo ka luajtur nj\u00eb rol t\u00eb r\u00ebnd\u00ebsish\u00ebm n\u00eb integrimin e shqiptar\u00ebve n\u00eb shoq\u00ebrin\u00eb kroate dhe n\u00eb forcimin e miq\u00ebsis\u00eb Kroaci\u2013Shqip\u00ebri,\u201d<\/em> \u2013 tha Berisha.<\/span><\/p>\n<p><span style=\"color: #000000;\">Sipas tij, gjat\u00eb takimit ajo u njoh edhe me situat\u00ebn politike n\u00eb Shqip\u00ebri, p\u00ebrfshir\u00eb edhe at\u00eb q\u00eb Berisha e cil\u00ebson si \u201cfars\u00eb elektorale\u201d t\u00eb zgjedhjeve t\u00eb fundit.<\/span><\/p>\n<p><span style=\"color: #000000;\"><em>\u201cE njoha me zhvillimet e fundit n\u00eb Shqip\u00ebri, fars\u00ebn elektorale t\u00eb 11 Majit 2025, n\u00eb kushtet e narkoshtetit t\u00eb par\u00eb dhe t\u00eb vet\u00ebm n\u00eb Europ\u00eb. N\u00eb takim theksova se rikthimi i t\u00eb drejt\u00ebs s\u00eb shqiptar\u00ebve p\u00ebr vot\u00ebn e lir\u00eb \u00ebsht\u00eb objektivi m\u00eb madhor i PD dhe aleat\u00ebve t\u00eb saj,\u201d<\/em> \u2013 shtoi ai.<\/span><\/p>\n<p><span style=\"color: #000000;\">Berisha e ka p\u00ebrshkruar takimin si nj\u00eb mund\u00ebsi t\u00eb r\u00ebnd\u00ebsishme p\u00ebr t\u00eb ndar\u00eb shqet\u00ebsimet lidhur me demokracin\u00eb dhe zgjedhjet n\u00eb vend, si dhe p\u00ebr t\u00eb forcuar marr\u00ebdh\u00ebniet me partner\u00ebt nd\u00ebrkomb\u00ebtar\u00eb.<\/span><\/p>\n","protected":false,"gt_translate_keys":[{"key":"rendered","format":"html"}]},"excerpt":{"rendered":"<p>Kreu i Partis\u00eb Demokratike, Sali Berisha, ka zhvilluar nj\u00eb takim me k\u00ebshilltaren e lart\u00eb n\u00eb Ministrin\u00eb e Pun\u00ebve t\u00eb Jashtme t\u00eb Kroacis\u00eb p\u00ebr Ballkanin Per\u00ebndimor, znj. Emine Lekaj Prljaskaj, t\u00eb cil\u00ebn e informoi p\u00ebr zhvillimet e fundit politike n\u00eb Shqip\u00ebri dhe p\u00ebr situat\u00ebn pas zgjedhjeve t\u00eb 11 majit. N\u00eb nj\u00eb deklarat\u00eb p\u00ebr mediat, Berisha u [&hellip;]<\/p>\n","protected":false,"gt_translate_keys":[{"key":"rendered","format":"html"}]},"author":32,"featured_media":743537,"comment_status":"closed","ping_status":"open","sticky":false,"template":"","format":"standard","meta":{"footnotes":""},"categories":[65],"tags":[],"class_list":["post-743536","post","type-post","status-publish","format-standard","has-post-thumbnail","hentry","category-lajme"],"gt_translate_keys":[{"key":"link","format":"url"}],"_links":{"self":[{"href":"https:\/\/www.hashtag.al\/index.php\/wp-json\/wp\/v2\/posts\/743536","targetHints":{"allow":["GET"]}}],"collection":[{"href":"https:\/\/www.hashtag.al\/index.php\/wp-json\/wp\/v2\/posts"}],"about":[{"href":"https:\/\/www.hashtag.al\/index.php\/wp-json\/wp\/v2\/types\/post"}],"author":[{"embeddable":true,"href":"https:\/\/www.hashtag.al\/index.php\/wp-json\/wp\/v2\/users\/32"}],"replies":[{"embeddable":true,"href":"https:\/\/www.hashtag.al\/index.php\/wp-json\/wp\/v2\/comments?post=743536"}],"version-history":[{"count":99999,"href":"https:\/\/www.hashtag.al\/index.php\/wp-json\/wp\/v2\/posts\/743536\/revisions"}],"predecessor-version":[{"id":743538,"href":"https:\/\/www.hashtag.al\/index.php\/wp-json\/wp\/v2\/posts\/743536\/revisions\/743538"}],"wp:featuredmedia":[{"embeddable":true,"href":"https:\/\/www.hashtag.al\/index.php\/wp-json\/wp\/v2\/media\/743537"}],"wp:attachment":[{"href":"https:\/\/www.hashtag.al\/index.php\/wp-json\/wp\/v2\/media?parent=743536"}],"wp:term":[{"taxonomy":"category","embeddable":true,"href":"https:\/\/www.hashtag.al\/index.php\/wp-json\/wp\/v2\/categories?post=743536"},{"taxonomy":"post_tag","embeddable":true,"href":"https:\/\/www.hashtag.al\/index.php\/wp-json\/wp\/v2\/tags?post=743536"}],"curies":[{"name":"wp","href":"https:\/\/api.w.org\/{rel}","templated":true}]}}