{"id":743459,"date":"2025-05-27T10:42:00","date_gmt":"2025-05-27T08:42:00","guid":{"rendered":"https:\/\/www.hashtag.al\/?p=743459"},"modified":"2025-05-27T10:42:00","modified_gmt":"2025-05-27T08:42:00","slug":"juristi-romeo-kara-e-padit-per-shpifje-kryemadhi-ne-spak","status":"publish","type":"post","link":"https:\/\/www.hashtag.al\/index.php\/2025\/05\/27\/juristi-romeo-kara-e-padit-per-shpifje-kryemadhi-ne-spak\/","title":{"rendered":"Juristi Romeo Kara e padit p\u00ebr shpifje, Kryemadhi n\u00eb SPAK","gt_translate_keys":[{"key":"rendered","format":"text"}]},"content":{"rendered":"<p data-start=\"84\" data-end=\"293\"><img loading=\"lazy\" decoding=\"async\" class=\"aligncenter size-full wp-image-743460\" src=\"https:\/\/www.hashtag.al\/wp-content\/uploads\/2025\/05\/kryemadhi-spak-768x437-1.jpg\" alt=\"\" width=\"768\" height=\"437\" srcset=\"https:\/\/www.hashtag.al\/wp-content\/uploads\/2025\/05\/kryemadhi-spak-768x437-1.jpg 768w, https:\/\/www.hashtag.al\/wp-content\/uploads\/2025\/05\/kryemadhi-spak-768x437-1-300x171.jpg 300w\" sizes=\"auto, (max-width: 768px) 100vw, 768px\" \/><\/p>\n<p data-start=\"84\" data-end=\"293\"><span style=\"color: #000000;\">Monika Kryemadhi \u00ebsht\u00eb paraqitur sot n\u00eb Gjykat\u00ebn e Posa\u00e7me kund\u00ebr Korrupsionit dhe Krimit t\u00eb Organizuar (GJKKO), ku u p\u00ebrball me juristin Romeo Kara, i cili e ka kall\u00ebzuar penalisht p\u00ebr \u201cshpifje\u201d dhe \u201cfyerje\u201d.<\/span><\/p>\n<p data-start=\"295\" data-end=\"415\"><span style=\"color: #000000;\">N\u00eb nj\u00eb prononcim p\u00ebr mediat para se t\u00eb hynte n\u00eb sall\u00ebn e gjyqit, Kryemadhi zgjodhi t\u00eb komentoj\u00eb situat\u00ebn me nota humori.<\/span><\/p>\n<p data-start=\"417\" data-end=\"674\"><span style=\"color: #000000;\"><em>\u201cKam gjyq p\u00ebr shpifje me inceneratorin n\u00eb SPAK, gjith\u00eb dynjaja shkon n\u00eb gjyq civil, un\u00eb vij k\u00ebtu\u201d,<\/em> tha ajo.<\/span><\/p>\n<p>&nbsp;<\/p>\n<p>&nbsp;<\/p>\n","protected":false,"gt_translate_keys":[{"key":"rendered","format":"html"}]},"excerpt":{"rendered":"<p>Monika Kryemadhi \u00ebsht\u00eb paraqitur sot n\u00eb Gjykat\u00ebn e Posa\u00e7me kund\u00ebr Korrupsionit dhe Krimit t\u00eb Organizuar (GJKKO), ku u p\u00ebrball me juristin Romeo Kara, i cili e ka kall\u00ebzuar penalisht p\u00ebr \u201cshpifje\u201d dhe \u201cfyerje\u201d. N\u00eb nj\u00eb prononcim p\u00ebr mediat para se t\u00eb hynte n\u00eb sall\u00ebn e gjyqit, Kryemadhi zgjodhi t\u00eb komentoj\u00eb situat\u00ebn me nota humori. \u201cKam [&hellip;]<\/p>\n","protected":false,"gt_translate_keys":[{"key":"rendered","format":"html"}]},"author":49,"featured_media":743460,"comment_status":"closed","ping_status":"open","sticky":false,"template":"","format":"standard","meta":{"footnotes":""},"categories":[65],"tags":[],"class_list":["post-743459","post","type-post","status-publish","format-standard","has-post-thumbnail","hentry","category-lajme"],"gt_translate_keys":[{"key":"link","format":"url"}],"_links":{"self":[{"href":"https:\/\/www.hashtag.al\/index.php\/wp-json\/wp\/v2\/posts\/743459","targetHints":{"allow":["GET"]}}],"collection":[{"href":"https:\/\/www.hashtag.al\/index.php\/wp-json\/wp\/v2\/posts"}],"about":[{"href":"https:\/\/www.hashtag.al\/index.php\/wp-json\/wp\/v2\/types\/post"}],"author":[{"embeddable":true,"href":"https:\/\/www.hashtag.al\/index.php\/wp-json\/wp\/v2\/users\/49"}],"replies":[{"embeddable":true,"href":"https:\/\/www.hashtag.al\/index.php\/wp-json\/wp\/v2\/comments?post=743459"}],"version-history":[{"count":99999,"href":"https:\/\/www.hashtag.al\/index.php\/wp-json\/wp\/v2\/posts\/743459\/revisions"}],"predecessor-version":[{"id":743461,"href":"https:\/\/www.hashtag.al\/index.php\/wp-json\/wp\/v2\/posts\/743459\/revisions\/743461"}],"wp:featuredmedia":[{"embeddable":true,"href":"https:\/\/www.hashtag.al\/index.php\/wp-json\/wp\/v2\/media\/743460"}],"wp:attachment":[{"href":"https:\/\/www.hashtag.al\/index.php\/wp-json\/wp\/v2\/media?parent=743459"}],"wp:term":[{"taxonomy":"category","embeddable":true,"href":"https:\/\/www.hashtag.al\/index.php\/wp-json\/wp\/v2\/categories?post=743459"},{"taxonomy":"post_tag","embeddable":true,"href":"https:\/\/www.hashtag.al\/index.php\/wp-json\/wp\/v2\/tags?post=743459"}],"curies":[{"name":"wp","href":"https:\/\/api.w.org\/{rel}","templated":true}]}}