{"id":743203,"date":"2025-05-25T18:30:22","date_gmt":"2025-05-25T16:30:22","guid":{"rendered":"https:\/\/www.hashtag.al\/?p=743203"},"modified":"2025-05-25T18:47:24","modified_gmt":"2025-05-25T16:47:24","slug":"gjendet-pas-37-vjetesh-busti-i-vjedhur-i-varrit-te-te-jim-morrison","status":"publish","type":"post","link":"https:\/\/www.hashtag.al\/index.php\/2025\/05\/25\/gjendet-pas-37-vjetesh-busti-i-vjedhur-i-varrit-te-te-jim-morrison\/","title":{"rendered":"Gjendet pas 37 vjet\u00ebsh busti i vjedhur i varrit t\u00eb Jim Morrison","gt_translate_keys":[{"key":"rendered","format":"text"}]},"content":{"rendered":"<p><img loading=\"lazy\" decoding=\"async\" class=\"aligncenter size-full wp-image-743204\" src=\"https:\/\/www.hashtag.al\/wp-content\/uploads\/2025\/05\/gettyimages-110140964-ezgif.com-webp-to-jpg-converter.jpg\" alt=\"\" width=\"2000\" height=\"1792\" \/><\/p>\n<p><span style=\"color: #000000;\">Nj\u00eb skulptur\u00eb e k\u00ebng\u00ebtarit dhe poetit t\u00eb ndjer\u00eb amerikan Jim Morrison, e cila u zhduk nga varri i tij n\u00eb Paris pothuajse kat\u00ebr dekada m\u00eb par\u00eb, \u00ebsht\u00eb gjetur, sipas policis\u00eb franceze.<\/span><\/p>\n<p><span style=\"color: #000000;\"><em>\u201cPas 37 vitesh munges\u00eb, u gjet busti i Jim Morrison, i vjedhur n\u00eb vitin 1988 nga varrezat P\u00e8re Lachaise\u201d, <\/em>shkroi Drejtoria Rajonale e Policis\u00eb Gjyq\u00ebsore t\u00eb Parisit n\u00eb nj\u00eb postim n\u00eb Instagram t\u00eb premten.<\/span><\/p>\n<p><span style=\"color: #000000;\">Ai shtoi se &#8220;ky simbol ikon\u00eb p\u00ebr fansat e k\u00ebng\u00ebtarit u gjet&#8221; gjat\u00eb nj\u00eb hetimi t\u00eb kryer nga Brigada Financiare dhe Kund\u00ebr Korrupsionit, n\u00ebn autoritetin e Zyr\u00ebs s\u00eb Prokurorit Publik t\u00eb Parisit.<\/span><\/p>\n<p><span style=\"color: #000000;\"><em>\u201cKy ishte nj\u00eb zbulim i rast\u00ebsish\u00ebm i b\u00ebr\u00eb gjat\u00eb nj\u00eb kontrolli t\u00eb urdh\u00ebruar nga nj\u00eb gjykat\u00ebs hetues n\u00eb Gjykat\u00ebn e Parisit\u201d<\/em>, tha zyra e prokurorit p\u00ebr <span style=\"color: #0000ff;\"><a style=\"color: #0000ff;\" href=\"https:\/\/edition.cnn.com\/2025\/05\/20\/style\/jim-morrison-grave-bust-found-intl-scli\">CNN<\/a><\/span> n\u00eb nj\u00eb deklarat\u00eb t\u00eb mart\u00ebn.<\/span><\/p>\n<p><span style=\"color: #000000;\">Jeff Jampol, menaxher i Jim Morrison Estate, i tha CNN n\u00eb nj\u00eb deklarat\u00eb t\u00eb mart\u00ebn se ata ishin &#8220;t\u00eb lumtur &#8220;p\u00ebr rizbulimin e statuj\u00ebs, duke shtuar: <em>&#8220;Natyrisht q\u00eb \u00ebsht\u00eb nj\u00eb pjes\u00eb e historis\u00eb dhe familja e Jim d\u00ebshironte atje n\u00eb varrin e tij, k\u00ebshtu q\u00eb \u00ebsht\u00eb k\u00ebnaq\u00ebsi t\u00eb shoh\u00ebsh se ajo \u00ebsht\u00eb gjetur&#8221;.<\/em><\/span><\/p>\n<p><img loading=\"lazy\" decoding=\"async\" class=\"aligncenter size-full wp-image-743205\" src=\"https:\/\/www.hashtag.al\/wp-content\/uploads\/2025\/05\/shutterstock-editorial-12193136c-ezgif.com-webp-to-jpg-converter.jpg\" alt=\"\" width=\"1160\" height=\"774\" srcset=\"https:\/\/www.hashtag.al\/wp-content\/uploads\/2025\/05\/shutterstock-editorial-12193136c-ezgif.com-webp-to-jpg-converter.jpg 1160w, https:\/\/www.hashtag.al\/wp-content\/uploads\/2025\/05\/shutterstock-editorial-12193136c-ezgif.com-webp-to-jpg-converter-300x200.jpg 300w, https:\/\/www.hashtag.al\/wp-content\/uploads\/2025\/05\/shutterstock-editorial-12193136c-ezgif.com-webp-to-jpg-converter-1024x683.jpg 1024w, https:\/\/www.hashtag.al\/wp-content\/uploads\/2025\/05\/shutterstock-editorial-12193136c-ezgif.com-webp-to-jpg-converter-768x512.jpg 768w\" sizes=\"auto, (max-width: 1160px) 100vw, 1160px\" \/><\/p>\n<p><span style=\"color: #000000;\">Morrison, k\u00ebng\u00ebtari karizmatik i grupit t\u00eb rrokut psikodelik t\u00eb viteve 1960, \u201cThe Doors\u201d, vdiq n\u00eb vitin 1971, n\u00eb mosh\u00ebn 27-vje\u00e7are.<\/span><\/p>\n<p><span style=\"color: #000000;\">Varri i tij n\u00eb kryeqytetin francez t\u00ebrheq shum\u00eb adhurues t\u00eb muzik\u00ebs.<\/span><\/p>\n<p><span style=\"color: #000000;\">E vendosur n\u00eb varrezat P\u00e8re Lachaise, \u00ebsht\u00eb nj\u00eb nga varret m\u00eb t\u00eb njohura n\u00eb Paris, sipas faqes zyrtare t\u00eb turizmit t\u00eb qytetit, me turma q\u00eb mblidhen atje n\u00eb p\u00ebrvjetorin e vdekjes s\u00eb tij m\u00eb 3 korrik \u00e7do vit.<\/span><\/p>\n<p><span style=\"color: #000000;\">Busti, i krijuar nga skulptori kroat Mladen Mikulin, u vendos n\u00eb gurin e varrit t\u00eb tij n\u00eb 10 vjetorin e vdekjes s\u00eb tij, sipas faqes zyrtare t\u00eb qytetit t\u00eb Parisit. Megjithat\u00eb, u zhduk n\u00eb 1988.<\/span><\/p>\n","protected":false,"gt_translate_keys":[{"key":"rendered","format":"html"}]},"excerpt":{"rendered":"<p>Nj\u00eb skulptur\u00eb e k\u00ebng\u00ebtarit dhe poetit t\u00eb ndjer\u00eb amerikan Jim Morrison, e cila u zhduk nga varri i tij n\u00eb Paris pothuajse kat\u00ebr dekada m\u00eb par\u00eb, \u00ebsht\u00eb gjetur, sipas policis\u00eb franceze. \u201cPas 37 vitesh munges\u00eb, u gjet busti i Jim Morrison, i vjedhur n\u00eb vitin 1988 nga varrezat P\u00e8re Lachaise\u201d, shkroi Drejtoria Rajonale e Policis\u00eb [&hellip;]<\/p>\n","protected":false,"gt_translate_keys":[{"key":"rendered","format":"html"}]},"author":51,"featured_media":743204,"comment_status":"closed","ping_status":"open","sticky":false,"template":"","format":"standard","meta":{"footnotes":""},"categories":[53],"tags":[],"class_list":["post-743203","post","type-post","status-publish","format-standard","has-post-thumbnail","hentry","category-fast-foodi"],"gt_translate_keys":[{"key":"link","format":"url"}],"_links":{"self":[{"href":"https:\/\/www.hashtag.al\/index.php\/wp-json\/wp\/v2\/posts\/743203","targetHints":{"allow":["GET"]}}],"collection":[{"href":"https:\/\/www.hashtag.al\/index.php\/wp-json\/wp\/v2\/posts"}],"about":[{"href":"https:\/\/www.hashtag.al\/index.php\/wp-json\/wp\/v2\/types\/post"}],"author":[{"embeddable":true,"href":"https:\/\/www.hashtag.al\/index.php\/wp-json\/wp\/v2\/users\/51"}],"replies":[{"embeddable":true,"href":"https:\/\/www.hashtag.al\/index.php\/wp-json\/wp\/v2\/comments?post=743203"}],"version-history":[{"count":99999,"href":"https:\/\/www.hashtag.al\/index.php\/wp-json\/wp\/v2\/posts\/743203\/revisions"}],"predecessor-version":[{"id":743208,"href":"https:\/\/www.hashtag.al\/index.php\/wp-json\/wp\/v2\/posts\/743203\/revisions\/743208"}],"wp:featuredmedia":[{"embeddable":true,"href":"https:\/\/www.hashtag.al\/index.php\/wp-json\/wp\/v2\/media\/743204"}],"wp:attachment":[{"href":"https:\/\/www.hashtag.al\/index.php\/wp-json\/wp\/v2\/media?parent=743203"}],"wp:term":[{"taxonomy":"category","embeddable":true,"href":"https:\/\/www.hashtag.al\/index.php\/wp-json\/wp\/v2\/categories?post=743203"},{"taxonomy":"post_tag","embeddable":true,"href":"https:\/\/www.hashtag.al\/index.php\/wp-json\/wp\/v2\/tags?post=743203"}],"curies":[{"name":"wp","href":"https:\/\/api.w.org\/{rel}","templated":true}]}}