{"id":743198,"date":"2025-05-25T18:07:32","date_gmt":"2025-05-25T16:07:32","guid":{"rendered":"https:\/\/www.hashtag.al\/?p=743198"},"modified":"2025-05-25T18:07:32","modified_gmt":"2025-05-25T16:07:32","slug":"ishte-ne-kerkim-kapet-40-vjecari-ne-sarande","status":"publish","type":"post","link":"https:\/\/www.hashtag.al\/index.php\/2025\/05\/25\/ishte-ne-kerkim-kapet-40-vjecari-ne-sarande\/","title":{"rendered":"Ishte n\u00eb k\u00ebrkim, kapet 40-vje\u00e7ari n\u00eb Sarand\u00eb","gt_translate_keys":[{"key":"rendered","format":"text"}]},"content":{"rendered":"<p><img loading=\"lazy\" decoding=\"async\" class=\"aligncenter size-full wp-image-739426\" src=\"https:\/\/www.hashtag.al\/wp-content\/uploads\/2025\/05\/arrestim1-768x432-1.jpg\" alt=\"\" width=\"768\" height=\"432\" srcset=\"https:\/\/www.hashtag.al\/wp-content\/uploads\/2025\/05\/arrestim1-768x432-1.jpg 768w, https:\/\/www.hashtag.al\/wp-content\/uploads\/2025\/05\/arrestim1-768x432-1-300x169.jpg 300w\" sizes=\"auto, (max-width: 768px) 100vw, 768px\" \/><\/p>\n<p><span style=\"color: #000000;\">Nj\u00eb 40-vje\u00e7ar \u00ebsht\u00eb arrestuar n\u00eb Sarand\u00eb pasi akuzohet se ka tentuar t\u00eb vrasin me s\u00ebpat\u00eb nj\u00eb person. <\/span><\/p>\n<p><span style=\"color: #000000;\">N\u00eb pranga ka r\u00ebn\u00eb Ndue Paluca i cili \u00ebsht\u00eb kapur duke hipur n\u00eb autobus p\u00ebr n\u00eb Konispol.<\/span><\/p>\n<p><span style=\"color: #000000;\"><strong>Njoftimi<\/strong><\/span><\/p>\n<p><span style=\"color: #000000;\"><em>\u201cKapet duke tentuar t\u00eb largohej p\u00ebr n\u00eb shtetin Grek, autori tjet\u00ebr i ngjarjes s\u00eb ndodhur n\u00eb fshatin Shtyllas, ku bab\u00eb e bir tentuan t\u00eb vrisnin shtetasin Ll. M.<\/em><\/span><\/p>\n<p><span style=\"color: #000000;\"><em>Pas disa or\u00eb k\u00ebrkimesh t\u00eb pand\u00ebrprera, sh\u00ebrbimet e Komisariatit dhe t\u00eb\u00a0 Drejtoris\u00eb Vendore t\u00eb Policis\u00eb Fier, kan\u00eb marr\u00eb informacion se autori po largohej n\u00eb drejtim t\u00eb Sarand\u00ebs.<\/em><\/span><\/p>\n<p><span style=\"color: #000000;\"><em>Forcat operacionale t\u00eb Komisariatit t\u00eb Policis\u00eb Fier\u00a0 jan\u00eb v\u00ebn\u00eb n\u00eb ndjekje t\u00eb tij dhe n\u00eb bashk\u00ebpunim me Komisariatin e Policis\u00eb Sarand\u00eb b\u00ebn\u00eb t\u00eb mundur kapjen e shtetasit t\u00eb shpallur n\u00eb k\u00ebrkim Ndue Paluca, 40 vje\u00e7, n\u00eb momentin q\u00eb do hipte n\u00eb autobusin e Konispolit, me q\u00ebllim q\u00eb t\u00eb\u00a0 largohej p\u00ebr n\u00eb Greqi.<\/em><\/span><\/p>\n<p><span style=\"color: #000000;\"><em>N\u00eb vijim t\u00eb veprimeve procedurale u b\u00eb ndalimi i k\u00ebtij shtetasi p\u00ebr vepr\u00ebn penale \u201cVrasja me paramendim\u201d, e kryer n\u00eb bashk\u00ebpunim, e mbetur n\u00eb tentativ\u00eb.<\/em><\/span><\/p>\n<p><span style=\"color: #000000;\"><em>Materialet i kaluan p\u00ebr veprime t\u00eb m\u00ebtejshme Prokuroris\u00eb pran\u00eb Gjykat\u00eb s\u00eb Shkall\u00ebs s\u00eb Par\u00eb t\u00eb Juridiksionit t\u00eb P\u00ebrgjithsh\u00ebm Fier.\u201d<\/em><\/span><\/p>\n","protected":false,"gt_translate_keys":[{"key":"rendered","format":"html"}]},"excerpt":{"rendered":"<p>Nj\u00eb 40-vje\u00e7ar \u00ebsht\u00eb arrestuar n\u00eb Sarand\u00eb pasi akuzohet se ka tentuar t\u00eb vrasin me s\u00ebpat\u00eb nj\u00eb person. N\u00eb pranga ka r\u00ebn\u00eb Ndue Paluca i cili \u00ebsht\u00eb kapur duke hipur n\u00eb autobus p\u00ebr n\u00eb Konispol. Njoftimi \u201cKapet duke tentuar t\u00eb largohej p\u00ebr n\u00eb shtetin Grek, autori tjet\u00ebr i ngjarjes s\u00eb ndodhur n\u00eb fshatin Shtyllas, ku bab\u00eb [&hellip;]<\/p>\n","protected":false,"gt_translate_keys":[{"key":"rendered","format":"html"}]},"author":51,"featured_media":739426,"comment_status":"closed","ping_status":"open","sticky":false,"template":"","format":"standard","meta":{"footnotes":""},"categories":[65],"tags":[],"class_list":["post-743198","post","type-post","status-publish","format-standard","has-post-thumbnail","hentry","category-lajme"],"gt_translate_keys":[{"key":"link","format":"url"}],"_links":{"self":[{"href":"https:\/\/www.hashtag.al\/index.php\/wp-json\/wp\/v2\/posts\/743198","targetHints":{"allow":["GET"]}}],"collection":[{"href":"https:\/\/www.hashtag.al\/index.php\/wp-json\/wp\/v2\/posts"}],"about":[{"href":"https:\/\/www.hashtag.al\/index.php\/wp-json\/wp\/v2\/types\/post"}],"author":[{"embeddable":true,"href":"https:\/\/www.hashtag.al\/index.php\/wp-json\/wp\/v2\/users\/51"}],"replies":[{"embeddable":true,"href":"https:\/\/www.hashtag.al\/index.php\/wp-json\/wp\/v2\/comments?post=743198"}],"version-history":[{"count":99999,"href":"https:\/\/www.hashtag.al\/index.php\/wp-json\/wp\/v2\/posts\/743198\/revisions"}],"predecessor-version":[{"id":743199,"href":"https:\/\/www.hashtag.al\/index.php\/wp-json\/wp\/v2\/posts\/743198\/revisions\/743199"}],"wp:featuredmedia":[{"embeddable":true,"href":"https:\/\/www.hashtag.al\/index.php\/wp-json\/wp\/v2\/media\/739426"}],"wp:attachment":[{"href":"https:\/\/www.hashtag.al\/index.php\/wp-json\/wp\/v2\/media?parent=743198"}],"wp:term":[{"taxonomy":"category","embeddable":true,"href":"https:\/\/www.hashtag.al\/index.php\/wp-json\/wp\/v2\/categories?post=743198"},{"taxonomy":"post_tag","embeddable":true,"href":"https:\/\/www.hashtag.al\/index.php\/wp-json\/wp\/v2\/tags?post=743198"}],"curies":[{"name":"wp","href":"https:\/\/api.w.org\/{rel}","templated":true}]}}