{"id":743020,"date":"2025-05-24T09:40:40","date_gmt":"2025-05-24T07:40:40","guid":{"rendered":"https:\/\/www.hashtag.al\/?p=743020"},"modified":"2025-05-24T09:40:40","modified_gmt":"2025-05-24T07:40:40","slug":"theu-arrestin-shtepiak-arrestohet-28-vjecari-ne-vlore-pas-nje-sherri-me-thike","status":"publish","type":"post","link":"https:\/\/www.hashtag.al\/index.php\/2025\/05\/24\/theu-arrestin-shtepiak-arrestohet-28-vjecari-ne-vlore-pas-nje-sherri-me-thike\/","title":{"rendered":"Theu arrestin sht\u00ebpiak, arrestohet 28-vje\u00e7ari n\u00eb Vlor\u00eb pas nj\u00eb sherri me thik\u00eb","gt_translate_keys":[{"key":"rendered","format":"text"}]},"content":{"rendered":"<p data-start=\"0\" data-end=\"83\"><span style=\"color: #000000;\"><img loading=\"lazy\" decoding=\"async\" class=\"size-medium wp-image-715556 aligncenter\" src=\"https:\/\/www.hashtag.al\/wp-content\/uploads\/2024\/12\/PoliciAVlore1-768x433-1-300x169.jpg\" alt=\"\" width=\"300\" height=\"169\" srcset=\"https:\/\/www.hashtag.al\/wp-content\/uploads\/2024\/12\/PoliciAVlore1-768x433-1-300x169.jpg 300w, https:\/\/www.hashtag.al\/wp-content\/uploads\/2024\/12\/PoliciAVlore1-768x433-1.jpg 768w\" sizes=\"auto, (max-width: 300px) 100vw, 300px\" \/><br \/>\nNj\u00eb konflikt mes dy personave n\u00eb Vlor\u00eb ka p\u00ebrfunduar me nj\u00eb arrestim dhe nj\u00eb procedim penal n\u00eb gjendje t\u00eb lir\u00eb. Policia arrestoi n\u00eb flagranc\u00eb Kejvi Bendajn, 28 vje\u00e7, banues n\u00eb Panaja, pasi theu mas\u00ebn e siguris\u00eb \u201carrest n\u00eb sht\u00ebpi\u201d t\u00eb dh\u00ebn\u00eb nga Gjykata p\u00ebr akuzat \u201cplagosje e r\u00ebnd\u00eb me dashje\u201d dhe \u201cshkat\u00ebrrim prone\u201d.<\/span><\/p>\n<p data-start=\"401\" data-end=\"667\"><span style=\"color: #000000;\">Sipas policis\u00eb, 28-vje\u00e7ari dyshohet se ka goditur me thik\u00eb nj\u00eb 34-vje\u00e7ar dhe i ka d\u00ebmtuar automjetin, p\u00ebr motive t\u00eb dob\u00ebta. Pas ngjarjes, 34-vje\u00e7ari ka shkuar n\u00eb banes\u00ebn e Bendajt, ka d\u00ebmtuar automjetin e tij dhe e ka k\u00ebrc\u00ebnuar me nj\u00eb arm\u00eb gjahu q\u00eb e mbante pa leje.<\/span><\/p>\n<p data-start=\"669\" data-end=\"741\"><span style=\"color: #000000;\">I plagosuri mori ndihm\u00eb mjek\u00ebsore dhe ndodhet jasht\u00eb rrezikut p\u00ebr jet\u00ebn.<\/span><\/p>\n<p data-start=\"743\" data-end=\"821\" data-is-last-node=\"\" data-is-only-node=\"\"><span style=\"color: #000000;\">Ngjarja po hetohet nga Prokuroria pran\u00eb Gjykat\u00ebs s\u00eb Shkall\u00ebs s\u00eb Par\u00eb n\u00eb Vlor\u00eb.<\/span><\/p>\n","protected":false,"gt_translate_keys":[{"key":"rendered","format":"html"}]},"excerpt":{"rendered":"<p>Nj\u00eb konflikt mes dy personave n\u00eb Vlor\u00eb ka p\u00ebrfunduar me nj\u00eb arrestim dhe nj\u00eb procedim penal n\u00eb gjendje t\u00eb lir\u00eb. Policia arrestoi n\u00eb flagranc\u00eb Kejvi Bendajn, 28 vje\u00e7, banues n\u00eb Panaja, pasi theu mas\u00ebn e siguris\u00eb \u201carrest n\u00eb sht\u00ebpi\u201d t\u00eb dh\u00ebn\u00eb nga Gjykata p\u00ebr akuzat \u201cplagosje e r\u00ebnd\u00eb me dashje\u201d dhe \u201cshkat\u00ebrrim prone\u201d. Sipas policis\u00eb, [&hellip;]<\/p>\n","protected":false,"gt_translate_keys":[{"key":"rendered","format":"html"}]},"author":32,"featured_media":715556,"comment_status":"closed","ping_status":"open","sticky":false,"template":"","format":"standard","meta":{"footnotes":""},"categories":[65],"tags":[],"class_list":["post-743020","post","type-post","status-publish","format-standard","has-post-thumbnail","hentry","category-lajme"],"gt_translate_keys":[{"key":"link","format":"url"}],"_links":{"self":[{"href":"https:\/\/www.hashtag.al\/index.php\/wp-json\/wp\/v2\/posts\/743020","targetHints":{"allow":["GET"]}}],"collection":[{"href":"https:\/\/www.hashtag.al\/index.php\/wp-json\/wp\/v2\/posts"}],"about":[{"href":"https:\/\/www.hashtag.al\/index.php\/wp-json\/wp\/v2\/types\/post"}],"author":[{"embeddable":true,"href":"https:\/\/www.hashtag.al\/index.php\/wp-json\/wp\/v2\/users\/32"}],"replies":[{"embeddable":true,"href":"https:\/\/www.hashtag.al\/index.php\/wp-json\/wp\/v2\/comments?post=743020"}],"version-history":[{"count":99999,"href":"https:\/\/www.hashtag.al\/index.php\/wp-json\/wp\/v2\/posts\/743020\/revisions"}],"predecessor-version":[{"id":743021,"href":"https:\/\/www.hashtag.al\/index.php\/wp-json\/wp\/v2\/posts\/743020\/revisions\/743021"}],"wp:featuredmedia":[{"embeddable":true,"href":"https:\/\/www.hashtag.al\/index.php\/wp-json\/wp\/v2\/media\/715556"}],"wp:attachment":[{"href":"https:\/\/www.hashtag.al\/index.php\/wp-json\/wp\/v2\/media?parent=743020"}],"wp:term":[{"taxonomy":"category","embeddable":true,"href":"https:\/\/www.hashtag.al\/index.php\/wp-json\/wp\/v2\/categories?post=743020"},{"taxonomy":"post_tag","embeddable":true,"href":"https:\/\/www.hashtag.al\/index.php\/wp-json\/wp\/v2\/tags?post=743020"}],"curies":[{"name":"wp","href":"https:\/\/api.w.org\/{rel}","templated":true}]}}