{"id":742746,"date":"2025-05-22T17:28:27","date_gmt":"2025-05-22T15:28:27","guid":{"rendered":"https:\/\/www.hashtag.al\/?p=742746"},"modified":"2025-05-22T17:28:27","modified_gmt":"2025-05-22T15:28:27","slug":"spak-sekuestron-nje-prone-te-erion-veliajt-dhe-ajola-xoxes-ne-zonen-e-kodres-se-diellit","status":"publish","type":"post","link":"https:\/\/www.hashtag.al\/index.php\/2025\/05\/22\/spak-sekuestron-nje-prone-te-erion-veliajt-dhe-ajola-xoxes-ne-zonen-e-kodres-se-diellit\/","title":{"rendered":"SPAK sekuestron nj\u00eb pron\u00eb t\u00eb Erion Veliajt dhe Ajola Xox\u00ebs n\u00eb zon\u00ebn e \u2018Kodr\u00ebs s\u00eb Diellit\u2019","gt_translate_keys":[{"key":"rendered","format":"text"}]},"content":{"rendered":"<p><span style=\"color: #000000;\"><img loading=\"lazy\" decoding=\"async\" class=\"alignnone size-medium wp-image-742747\" src=\"https:\/\/www.hashtag.al\/wp-content\/uploads\/2025\/05\/veliaj-xoxa-300x166.png\" alt=\"\" width=\"300\" height=\"166\" srcset=\"https:\/\/www.hashtag.al\/wp-content\/uploads\/2025\/05\/veliaj-xoxa-300x166.png 300w, https:\/\/www.hashtag.al\/wp-content\/uploads\/2025\/05\/veliaj-xoxa-768x425.png 768w, https:\/\/www.hashtag.al\/wp-content\/uploads\/2025\/05\/veliaj-xoxa-750x415.png 750w, https:\/\/www.hashtag.al\/wp-content\/uploads\/2025\/05\/veliaj-xoxa.png 1003w\" sizes=\"auto, (max-width: 300px) 100vw, 300px\" \/><\/span><\/p>\n<p><span style=\"color: #000000;\">Prokuroria e Posa\u00e7me (SPAK) ka sekuestruar nj\u00eb pron\u00eb t\u00eb kryebashkiakut Erion Veliaj dhe bashk\u00ebshortes s\u00eb tij Ajola Xoxa.<\/span><\/p>\n<p><span style=\"color: #000000;\">Prona e sekuestruar ndodhet n\u00eb zon\u00ebn e Kodr\u00ebs s\u00eb Diellit n\u00eb Tiran\u00eb.<\/span><\/p>\n<p><span style=\"color: #000000;\">Sipas SPAK, nga t\u00eb dh\u00ebnat konkrete t\u00eb mbledhura deri n\u00eb k\u00ebt\u00eb faz\u00eb t\u00eb hetimit paraprak, ekziston dyshimi i arsyesh\u00ebm i bazuar n\u00eb prova se Veliaj dhe Xoxa kan\u00eb interesa pasurore faktike mbi dy pasuri (nj\u00ebra prej t\u00eb cilave shtes\u00eb pasurie), t\u00eb cilat jan\u00eb fqinje me apartamentin q\u00eb ndodhet n\u00eb Selit\u00eb, (rezidenca Kodra e Diellit), ku aktualisht k\u00ebta shtetas jetojn\u00eb.<\/span><\/p>\n<p>&nbsp;<\/p>\n<p><span style=\"color: #000000;\">NJOFTIMI I SPAK:<\/span><\/p>\n<p><span style=\"color: #000000;\"><em>Prokuroria e Posa\u00e7me kund\u00ebr Korrupsionit dhe Krimit t\u00eb Organizuar ka regjistruar procedimin penal Nr. 27 t\u00eb vitit 2024, q\u00eb b\u00ebn fjal\u00eb p\u00ebr veprat penale t\u00eb \u201cKorrupsioni pasiv i funksionar\u00ebve t\u00eb lart\u00eb shtet\u00ebror\u00eb ose i t\u00eb zgjedhurve vendor\u00eb\u201d, \u201cKorrupsioni aktiv i funksionar\u00ebve t\u00eb lart\u00eb shtet\u00ebrore ose t\u00eb zgjedhurve vendor\u00eb\u201d, \u201cPastrimi i produkteve t\u00eb vepr\u00ebs penale ose veprimtaris\u00eb kriminale\u201d, \u201cRefuzimi p\u00ebr deklarimin, mosdeklarimi, fshehja ose deklarimi i rrem\u00eb i pasurive, interesave privat\u00eb t\u00eb personave t\u00eb zgjedhur dhe n\u00ebpun\u00ebsve publik\u00eb ose i \u00e7do personi tjet\u00ebr q\u00eb ka detyrimin ligjor p\u00ebr deklarim\u201d, \u201cDeklaratat e rreme\u00a0 p\u00ebrpara oficerit t\u00eb policis\u00eb gjyq\u00ebsore\u201d dhe \u201cVeprime q\u00eb pengojn\u00eb zbulimin e s\u00eb v\u00ebrtet\u00ebs\u201d,\u00a0 parashikuar nga neni 260, 245, 287\/2, 257\/a\/2, 305\/b e 301 i Kodit Penal.\u00a0 <\/em><\/span><\/p>\n<p><span style=\"color: #000000;\"><em>Pas kryerjes s\u00eb veprimeve hetimore n\u00eb kuad\u00ebr t\u00eb k\u00ebtij procedimi penal, Prokuroria e Posa\u00e7me ka arritur n\u00eb konkluzionin se ekzistojn\u00eb t\u00eb dh\u00ebna konkrete q\u00eb t\u00eb \u00e7ojn\u00eb n\u00eb dyshimin e arsyesh\u00ebm se shtetasit n\u00ebn hetim E. V. dhe A. X. kan\u00eb konsumuar edhe element\u00ebt e vepr\u00ebs penale t\u00eb \u201cRefuzimi p\u00ebr deklarimin, mosdeklarimi, fshehja ose deklarimi i rrem\u00eb i pasurive, interesave privat\u00eb t\u00eb personave t\u00eb zgjedhur dhe n\u00ebpun\u00ebsve publik\u00eb ose i \u00e7do personi tjet\u00ebr q\u00eb ka detyrimin ligjor p\u00ebr deklarim\u201d, parashikuar nga neni 257\/a\/2 i Kodit Penal. P\u00ebr k\u00ebt\u00eb shkak, m\u00eb dat\u00eb 20.05.2025 emrat e k\u00ebtyre shtetasve jan\u00eb regjistruar n\u00eb regjistrin e njoftimit t\u00eb veprave penale, duke i atribuuar vepr\u00ebn penale cituar m\u00eb lart.<\/em><\/span><\/p>\n<p><span style=\"color: #000000;\"><em>N\u00eb\u00a0 vijim, me k\u00ebrkes\u00ebn e Prokuroris\u00eb s\u00eb Posa\u00e7me t\u00eb dat\u00ebs 20.05.2025, Gjykata e Posa\u00e7me e Shkall\u00ebs s\u00eb Par\u00eb p\u00ebr Korrupsionin dhe Krimin e Organizuar me vendimin Nr. 342 Akti dat\u00eb 22.05.2025 ka vendosur:<\/em><\/span><\/p>\n<ol>\n<li><span style=\"color: #000000;\"><em> Caktimin e mas\u00ebs s\u00eb sigurimit pasuror \u201csekuestro preventive\u201d, mbi pasurin\u00eb e paluajtshme:<\/em><\/span><\/li>\n<\/ol>\n<p><span style=\"color: #000000;\"><em>Pasuria nr. dhe shtes\u00eb me num\u00ebr pasurie, \u200fregjistruar n\u00eb ASHK\u00a0 n\u00eb em\u00ebr t\u00eb subjektit tregtar \u201cA. K.\u201d shpk;<\/em><\/span><\/p>\n<p><span style=\"color: #000000;\"><em>Nga t\u00eb dh\u00ebnat konkrete t\u00eb mbledhura deri n\u00eb k\u00ebt\u00eb faz\u00eb t\u00eb hetimit paraprak, ekziston dyshimi i arsyesh\u00ebm i bazuar n\u00eb prova se shtetasit n\u00ebn hetim E. V.\u00a0 dhe A. X. kan\u00eb interesa pasurore faktike mbi dy pasuri (nj\u00ebra prej t\u00eb cilave shtes\u00eb pasurie), t\u00eb cilat jan\u00eb fqinje me apartamentin q\u00eb ndodhet n\u00eb Selit\u00eb, (rezidenca Kodra e Diellit), ku aktualisht k\u00ebta shtetas jetojn\u00eb.<\/em><\/span><\/p>\n<p><span style=\"color: #000000;\"><em>Sqarim:\u00a0 \u00c7do person prezumohet i pafajsh\u00ebm derisa nuk v\u00ebrtetohet faj\u00ebsia e tij me vendim gjyq\u00ebsor t\u00eb form\u00ebs s\u00eb prer\u00eb.<\/em><\/span><\/p>\n","protected":false,"gt_translate_keys":[{"key":"rendered","format":"html"}]},"excerpt":{"rendered":"<p>Prokuroria e Posa\u00e7me (SPAK) ka sekuestruar nj\u00eb pron\u00eb t\u00eb kryebashkiakut Erion Veliaj dhe bashk\u00ebshortes s\u00eb tij Ajola Xoxa. Prona e sekuestruar ndodhet n\u00eb zon\u00ebn e Kodr\u00ebs s\u00eb Diellit n\u00eb Tiran\u00eb. Sipas SPAK, nga t\u00eb dh\u00ebnat konkrete t\u00eb mbledhura deri n\u00eb k\u00ebt\u00eb faz\u00eb t\u00eb hetimit paraprak, ekziston dyshimi i arsyesh\u00ebm i bazuar n\u00eb prova se Veliaj [&hellip;]<\/p>\n","protected":false,"gt_translate_keys":[{"key":"rendered","format":"html"}]},"author":32,"featured_media":742747,"comment_status":"closed","ping_status":"open","sticky":false,"template":"","format":"standard","meta":{"footnotes":""},"categories":[65],"tags":[],"class_list":["post-742746","post","type-post","status-publish","format-standard","has-post-thumbnail","hentry","category-lajme"],"gt_translate_keys":[{"key":"link","format":"url"}],"_links":{"self":[{"href":"https:\/\/www.hashtag.al\/index.php\/wp-json\/wp\/v2\/posts\/742746","targetHints":{"allow":["GET"]}}],"collection":[{"href":"https:\/\/www.hashtag.al\/index.php\/wp-json\/wp\/v2\/posts"}],"about":[{"href":"https:\/\/www.hashtag.al\/index.php\/wp-json\/wp\/v2\/types\/post"}],"author":[{"embeddable":true,"href":"https:\/\/www.hashtag.al\/index.php\/wp-json\/wp\/v2\/users\/32"}],"replies":[{"embeddable":true,"href":"https:\/\/www.hashtag.al\/index.php\/wp-json\/wp\/v2\/comments?post=742746"}],"version-history":[{"count":99999,"href":"https:\/\/www.hashtag.al\/index.php\/wp-json\/wp\/v2\/posts\/742746\/revisions"}],"predecessor-version":[{"id":742748,"href":"https:\/\/www.hashtag.al\/index.php\/wp-json\/wp\/v2\/posts\/742746\/revisions\/742748"}],"wp:featuredmedia":[{"embeddable":true,"href":"https:\/\/www.hashtag.al\/index.php\/wp-json\/wp\/v2\/media\/742747"}],"wp:attachment":[{"href":"https:\/\/www.hashtag.al\/index.php\/wp-json\/wp\/v2\/media?parent=742746"}],"wp:term":[{"taxonomy":"category","embeddable":true,"href":"https:\/\/www.hashtag.al\/index.php\/wp-json\/wp\/v2\/categories?post=742746"},{"taxonomy":"post_tag","embeddable":true,"href":"https:\/\/www.hashtag.al\/index.php\/wp-json\/wp\/v2\/tags?post=742746"}],"curies":[{"name":"wp","href":"https:\/\/api.w.org\/{rel}","templated":true}]}}