{"id":742683,"date":"2025-05-22T11:19:59","date_gmt":"2025-05-22T09:19:59","guid":{"rendered":"https:\/\/www.hashtag.al\/?p=742683"},"modified":"2025-05-22T11:19:59","modified_gmt":"2025-05-22T09:19:59","slug":"tensione-ne-sallen-e-gjyqit-per-dosjen-5-d-avokatet-kerkojne-gjykim-te-shkurtuar-perplasje-mes-paleve","status":"publish","type":"post","link":"https:\/\/www.hashtag.al\/index.php\/2025\/05\/22\/tensione-ne-sallen-e-gjyqit-per-dosjen-5-d-avokatet-kerkojne-gjykim-te-shkurtuar-perplasje-mes-paleve\/","title":{"rendered":"Tensione n\u00eb sall\u00ebn e gjyqit p\u00ebr \u201cDosjen 5 D\u201d: Avokat\u00ebt k\u00ebrkojn\u00eb gjykim t\u00eb shkurtuar, p\u00ebrplasje mes pal\u00ebve","gt_translate_keys":[{"key":"rendered","format":"text"}]},"content":{"rendered":"<p><span style=\"color: #000000;\"><img loading=\"lazy\" decoding=\"async\" class=\"size-medium wp-image-448568 aligncenter\" src=\"https:\/\/www.hashtag.al\/wp-content\/uploads\/2021\/05\/GJKKO-300x169.jpg\" alt=\"\" width=\"300\" height=\"169\" srcset=\"https:\/\/www.hashtag.al\/wp-content\/uploads\/2021\/05\/GJKKO-300x169.jpg 300w, https:\/\/www.hashtag.al\/wp-content\/uploads\/2021\/05\/GJKKO-768x432.jpg 768w, https:\/\/www.hashtag.al\/wp-content\/uploads\/2021\/05\/GJKKO.jpg 1024w\" sizes=\"auto, (max-width: 300px) 100vw, 300px\" \/><br \/>\nSeanca gjyq\u00ebsore p\u00ebr \u00e7\u00ebshtjen e njohur si \u201cDosja 5D\u201d \u00ebsht\u00eb zhvilluar sot mes tensioneve t\u00eb theksuara mes avokat\u00ebve mbrojt\u00ebs. P\u00ebrfaq\u00ebsuesit ligjor\u00eb t\u00eb t\u00eb pandehurve Redi Molla dhe Denion Bogdani depozituan k\u00ebrkesa p\u00ebr gjykim t\u00eb shkurtuar dhe k\u00ebrkuan pezullimin e seanc\u00ebs derisa t\u00eb merrej nj\u00eb vendim mbi k\u00ebto k\u00ebrkesa.<\/span><\/p>\n<p><span style=\"color: #000000;\">N\u00eb t\u00eb nj\u00ebjt\u00ebn linj\u00eb vepruan edhe avokat\u00ebt e t\u00eb pandehurve Ermir Beta dhe Ardian Leka, t\u00eb cil\u00ebt k\u00ebrkuan shtyrjen e seanc\u00ebs p\u00ebr t\u00eb nj\u00ebjtin motiv.<\/span><\/p>\n<p><span style=\"color: #000000;\">Ndryshe nga ta, avokatja Evi Sheri, q\u00eb p\u00ebrfaq\u00ebson Taulant Tush\u00ebn, kund\u00ebrshtoi shtyrjen dhe k\u00ebrkoi vijimin e shqyrtimit gjyq\u00ebsor. Q\u00ebndrimi i saj shkaktoi p\u00ebrplasje dhe debat mes pal\u00ebve t\u00eb pranishme n\u00eb sall\u00ebn e gjyqit.<\/span><\/p>\n<p><span style=\"color: #000000;\">Nd\u00ebrkoh\u00eb, prokurori i \u00e7\u00ebshtjes, Klodian Braho, theksoi se k\u00ebrkesa p\u00ebr gjykim t\u00eb shkurtuar nuk p\u00ebrb\u00ebn nj\u00eb arsye t\u00eb vlefshme p\u00ebr t\u00eb nd\u00ebrprer\u00eb seanc\u00ebn.<\/span><\/p>\n<p><span style=\"color: #000000;\">N\u00eb p\u00ebrfundim, trupa gjyq\u00ebsore vendosi t\u00eb t\u00ebrhiqet p\u00ebr t\u00eb marr\u00eb nj\u00eb vendim t\u00eb nd\u00ebrmjet\u00ebm lidhur me k\u00ebrkesat e paraqitura.<\/span><\/p>\n","protected":false,"gt_translate_keys":[{"key":"rendered","format":"html"}]},"excerpt":{"rendered":"<p>Seanca gjyq\u00ebsore p\u00ebr \u00e7\u00ebshtjen e njohur si \u201cDosja 5D\u201d \u00ebsht\u00eb zhvilluar sot mes tensioneve t\u00eb theksuara mes avokat\u00ebve mbrojt\u00ebs. P\u00ebrfaq\u00ebsuesit ligjor\u00eb t\u00eb t\u00eb pandehurve Redi Molla dhe Denion Bogdani depozituan k\u00ebrkesa p\u00ebr gjykim t\u00eb shkurtuar dhe k\u00ebrkuan pezullimin e seanc\u00ebs derisa t\u00eb merrej nj\u00eb vendim mbi k\u00ebto k\u00ebrkesa. N\u00eb t\u00eb nj\u00ebjt\u00ebn linj\u00eb vepruan edhe avokat\u00ebt [&hellip;]<\/p>\n","protected":false,"gt_translate_keys":[{"key":"rendered","format":"html"}]},"author":32,"featured_media":448568,"comment_status":"closed","ping_status":"open","sticky":false,"template":"","format":"standard","meta":{"footnotes":""},"categories":[65],"tags":[],"class_list":["post-742683","post","type-post","status-publish","format-standard","has-post-thumbnail","hentry","category-lajme"],"gt_translate_keys":[{"key":"link","format":"url"}],"_links":{"self":[{"href":"https:\/\/www.hashtag.al\/index.php\/wp-json\/wp\/v2\/posts\/742683","targetHints":{"allow":["GET"]}}],"collection":[{"href":"https:\/\/www.hashtag.al\/index.php\/wp-json\/wp\/v2\/posts"}],"about":[{"href":"https:\/\/www.hashtag.al\/index.php\/wp-json\/wp\/v2\/types\/post"}],"author":[{"embeddable":true,"href":"https:\/\/www.hashtag.al\/index.php\/wp-json\/wp\/v2\/users\/32"}],"replies":[{"embeddable":true,"href":"https:\/\/www.hashtag.al\/index.php\/wp-json\/wp\/v2\/comments?post=742683"}],"version-history":[{"count":99999,"href":"https:\/\/www.hashtag.al\/index.php\/wp-json\/wp\/v2\/posts\/742683\/revisions"}],"predecessor-version":[{"id":742684,"href":"https:\/\/www.hashtag.al\/index.php\/wp-json\/wp\/v2\/posts\/742683\/revisions\/742684"}],"wp:featuredmedia":[{"embeddable":true,"href":"https:\/\/www.hashtag.al\/index.php\/wp-json\/wp\/v2\/media\/448568"}],"wp:attachment":[{"href":"https:\/\/www.hashtag.al\/index.php\/wp-json\/wp\/v2\/media?parent=742683"}],"wp:term":[{"taxonomy":"category","embeddable":true,"href":"https:\/\/www.hashtag.al\/index.php\/wp-json\/wp\/v2\/categories?post=742683"},{"taxonomy":"post_tag","embeddable":true,"href":"https:\/\/www.hashtag.al\/index.php\/wp-json\/wp\/v2\/tags?post=742683"}],"curies":[{"name":"wp","href":"https:\/\/api.w.org\/{rel}","templated":true}]}}