{"id":742669,"date":"2025-05-22T11:31:01","date_gmt":"2025-05-22T09:31:01","guid":{"rendered":"https:\/\/www.hashtag.al\/?p=742669"},"modified":"2025-05-22T11:31:01","modified_gmt":"2025-05-22T09:31:01","slug":"kallas-dialogu-kosove-serbi-domosdoshmeri-per-te-ecur-drejt-be-se","status":"publish","type":"post","link":"https:\/\/www.hashtag.al\/index.php\/2025\/05\/22\/kallas-dialogu-kosove-serbi-domosdoshmeri-per-te-ecur-drejt-be-se\/","title":{"rendered":"Kallas: Dialogu Kosov\u00eb-Serbi, domosdoshm\u00ebri p\u00ebr t\u00eb ecur drejt BE-s\u00eb","gt_translate_keys":[{"key":"rendered","format":"text"}]},"content":{"rendered":"<p><span style=\"color: #000000;\"><img loading=\"lazy\" decoding=\"async\" class=\"aligncenter size-full wp-image-742670\" src=\"https:\/\/www.hashtag.al\/wp-content\/uploads\/2025\/05\/Screenshot-2025-05-22-101503.png\" alt=\"\" width=\"1051\" height=\"566\" srcset=\"https:\/\/www.hashtag.al\/wp-content\/uploads\/2025\/05\/Screenshot-2025-05-22-101503.png 1051w, https:\/\/www.hashtag.al\/wp-content\/uploads\/2025\/05\/Screenshot-2025-05-22-101503-300x162.png 300w, https:\/\/www.hashtag.al\/wp-content\/uploads\/2025\/05\/Screenshot-2025-05-22-101503-1024x551.png 1024w, https:\/\/www.hashtag.al\/wp-content\/uploads\/2025\/05\/Screenshot-2025-05-22-101503-768x414.png 768w\" sizes=\"auto, (max-width: 1051px) 100vw, 1051px\" \/><\/span><\/p>\n<p><span style=\"color: #000000;\">P\u00ebrfaq\u00ebsuesja e Lart\u00eb e Bashkimit Evropian p\u00ebr Politik\u00eb t\u00eb Jashtme dhe Siguri, Kaja Kallas, e cila ndodhet n\u00eb Ballkanin Per\u00ebndimor p\u00ebr vizita zyrtare n\u00eb Serbi, Kosov\u00eb dhe Maqedoni t\u00eb Veriut, ka th\u00ebn\u00eb se do t\u00eb bisedoj\u00eb me qeverit\u00eb dhe me shoq\u00ebrin\u00eb civile p\u00ebr \u201crrug\u00ebn e tyre drejt BE-s\u00eb\u201d.<\/span><\/p>\n<p><span style=\"color: #000000;\">Sipas saj, dialogu nd\u00ebrmjet Beogradit dhe Prishtin\u00ebs p\u00ebr normalizimin e marr\u00ebdh\u00ebnieve \u00ebsht\u00eb \u201cdomosdoshm\u00ebri p\u00ebr t\u00eb l\u00ebvizur p\u00ebrpara\u201d n\u00eb at\u00eb drejtim.<\/span><\/p>\n<p><span style=\"color: #000000;\">\u201cTani \u00ebsht\u00eb koha p\u00ebr riangazhim\u201d, ka shkruar Kallas n\u00eb llogarin\u00eb e saj, n\u00eb platform\u00ebn X, n\u00eb internet.<\/span><\/p>\n<p><span style=\"color: #000000;\">Kryediplomatja e BE-s\u00eb do ta q\u00ebndroj\u00eb n\u00eb Kosov\u00eb m\u00eb 22 dhe 23 maj, n\u00eb kuad\u00ebr t\u00eb turneut rajonal q\u00eb e ka nisur m\u00eb 21 maj, me vizit\u00eb n\u00eb Serbi.<\/span><\/p>\n<p><span style=\"color: #000000;\">N\u00eb Beograd, ajo \u00ebsht\u00eb takuar n\u00eb nat\u00ebn e s\u00eb m\u00ebrkur\u00ebs me presidentin e Serbis\u00eb, Aleksandar Vu\u00e7i\u00e7, i cili ka th\u00ebn\u00eb se vendi i tij \u201cmbetet partner i besuesh\u00ebm p\u00ebr t\u00eb gjith\u00eb q\u00eb sinqerisht duan bashk\u00ebpunim, p\u00ebrparim dhe nj\u00eb t\u00eb ardhme t\u00eb p\u00ebrbashk\u00ebt evropiane\u201d.<\/span><\/p>\n<p><span style=\"color: #000000;\">Presidenti i Serbis\u00eb ka pohuar, n\u00eb nj\u00eb postim n\u00eb llogarin\u00eb e tij, n\u00eb rrjetin social Instagram, se me Kallasin ka biseduar p\u00ebr \u00e7\u00ebshtje ky\u00e7 gjeopolitike, p\u00ebr situat\u00ebn e siguris\u00eb n\u00eb rajon, p\u00ebr rrug\u00ebn evropiane t\u00eb Serbis\u00eb dhe p\u00ebr dialogun me Kosov\u00ebn.<\/span><\/p>\n<p><span style=\"color: #000000;\">Ai ka th\u00ebn\u00eb se Kallasit i ka theksuar se \u201cSerbia \u00ebsht\u00eb e vendosur p\u00ebr dialog konstruktiv me nd\u00ebrmjet\u00ebsimin e BE-s\u00eb, si m\u00ebnyr\u00eb p\u00ebr zgjidhjen e \u00e7\u00ebshtjeve t\u00eb hapura, dhe se mbrojtja e serb\u00ebve n\u00eb Kosov\u00eb \u00ebsht\u00eb prioriteti yn\u00eb absolut\u201d.<\/span><\/p>\n<p><span style=\"color: #000000;\">Vu\u00e7i\u00e7 ka th\u00ebn\u00eb se ia ka kujtuar kryediplomates s\u00eb BE-s\u00eb se \u201cAsociacioni i komunave me shumic\u00eb serbe nuk \u00ebsht\u00eb vet\u00ebm obligim p\u00ebr t\u00eb cilin jemi marr\u00eb vesh, p\u00ebr edhe nj\u00eb parakusht p\u00ebr p\u00ebrparim t\u00eb m\u00ebtejm\u00eb n\u00eb dialog, dhe p\u00ebr \u00e7far\u00ebdo normalizimi marr\u00ebdh\u00ebniesh\u201d.<\/span><\/p>\n<p><span style=\"color: #000000;\">BE-ja ka njoftuar se Kallas do ta takoj\u00eb n\u00eb Beograd edhe kryeministrin Gjuro Macut, si dhe ministrin e Jasht\u00ebm, Marko Gjuriq, at\u00eb p\u00ebr Integrime Evropiane, Nemanja Starovi\u00e7, dhe kryetaren e Kuvendit, Ana B\u00ebrnabiq, dhe grupet parlamentare opozitare, para se atje t\u00eb mbaj\u00eb nj\u00eb konferenc\u00eb p\u00ebr media, t\u00eb enjten.<\/span><\/p>\n<p><span style=\"color: #000000;\">Kallas m\u00eb pas, gjat\u00eb dit\u00ebs, do t\u00eb udh\u00ebtoj\u00eb drejt Prishtin\u00ebs.<\/span><\/p>\n<p><span style=\"color: #000000;\">\u201cN\u00eb Kosov\u00eb, p\u00ebrfaq\u00ebsuesja e Lart\u00eb Kallas do t\u00eb takohet me p\u00ebrfaq\u00ebsues t\u00eb partive politike dhe t\u00eb organizatave t\u00eb shoq\u00ebris\u00eb civile\u201d, ka b\u00ebr\u00eb t\u00eb ditur BE-ja.<\/span><\/p>\n<p><span style=\"color: #000000;\">Para takimit me ta, shefja e diplomacis\u00eb evropiane ka planifikuar t\u00eb mbaj\u00eb nj\u00eb konferenc\u00eb p\u00ebr media, n\u00eb Prishtin\u00eb, n\u00eb pasditen e s\u00eb enjtes.<\/span><\/p>\n<p><span style=\"color: #000000;\">Kallas do ta vizitoj\u00eb Kosov\u00ebn n\u00eb koh\u00ebn kur autoritetet kosovare po p\u00ebrs\u00ebrisin thirrjet p\u00ebr heqjen e masave ndaj vendit nga ana e BE-s\u00eb, madje kan\u00eb k\u00ebrkuar q\u00eb kjo t\u00eb ndodh\u00eb para vazhdimit t\u00eb dialogut me Serbin\u00eb, t\u00eb cilin BE-ja e nd\u00ebrmjet\u00ebson.<\/span><\/p>\n<p><span style=\"color: #000000;\">BE-ja, n\u00eb an\u00ebn tjet\u00ebr, ka k\u00ebrkuar shtensionim situate n\u00eb Kosov\u00eb, teksa Kosova po vazhdon me\u00a0mbylljen e institucioneve paralele serbe\u00a0n\u00eb veri t\u00eb vendit, gj\u00eb q\u00eb ka nxitur\u00a0reagimin e Brukselit.<\/span><\/p>\n<p><span style=\"color: #000000;\">N\u00eb Prishtin\u00eb, Kallas pritet t\u00eb vizitoj\u00eb edhe Misionin e BE-s\u00eb p\u00ebr Sundim t\u00eb Ligjit (EULEX), si dhe komandantin e misionit paqeruajt\u00ebs t\u00eb Organizat\u00ebs s\u00eb Traktatit t\u00eb Atlantikut Verior (NATO) n\u00eb Kosov\u00eb \u2013 KFOR, Enrico Barduani.<a href=\"https:\/\/www.evropaelire.org\/a\/kallas-dialogu-kosove-serbi\/33421134.html\"><span style=\"color: #0000ff;\"><strong>\/REL<\/strong><\/span><\/a><\/span><\/p>\n","protected":false,"gt_translate_keys":[{"key":"rendered","format":"html"}]},"excerpt":{"rendered":"<p>P\u00ebrfaq\u00ebsuesja e Lart\u00eb e Bashkimit Evropian p\u00ebr Politik\u00eb t\u00eb Jashtme dhe Siguri, Kaja Kallas, e cila ndodhet n\u00eb Ballkanin Per\u00ebndimor p\u00ebr vizita zyrtare n\u00eb Serbi, Kosov\u00eb dhe Maqedoni t\u00eb Veriut, ka th\u00ebn\u00eb se do t\u00eb bisedoj\u00eb me qeverit\u00eb dhe me shoq\u00ebrin\u00eb civile p\u00ebr \u201crrug\u00ebn e tyre drejt BE-s\u00eb\u201d. Sipas saj, dialogu nd\u00ebrmjet Beogradit dhe Prishtin\u00ebs [&hellip;]<\/p>\n","protected":false,"gt_translate_keys":[{"key":"rendered","format":"html"}]},"author":49,"featured_media":742670,"comment_status":"closed","ping_status":"open","sticky":false,"template":"","format":"standard","meta":{"footnotes":""},"categories":[149],"tags":[],"class_list":["post-742669","post","type-post","status-publish","format-standard","has-post-thumbnail","hentry","category-kosoverajon"],"gt_translate_keys":[{"key":"link","format":"url"}],"_links":{"self":[{"href":"https:\/\/www.hashtag.al\/index.php\/wp-json\/wp\/v2\/posts\/742669","targetHints":{"allow":["GET"]}}],"collection":[{"href":"https:\/\/www.hashtag.al\/index.php\/wp-json\/wp\/v2\/posts"}],"about":[{"href":"https:\/\/www.hashtag.al\/index.php\/wp-json\/wp\/v2\/types\/post"}],"author":[{"embeddable":true,"href":"https:\/\/www.hashtag.al\/index.php\/wp-json\/wp\/v2\/users\/49"}],"replies":[{"embeddable":true,"href":"https:\/\/www.hashtag.al\/index.php\/wp-json\/wp\/v2\/comments?post=742669"}],"version-history":[{"count":99999,"href":"https:\/\/www.hashtag.al\/index.php\/wp-json\/wp\/v2\/posts\/742669\/revisions"}],"predecessor-version":[{"id":742671,"href":"https:\/\/www.hashtag.al\/index.php\/wp-json\/wp\/v2\/posts\/742669\/revisions\/742671"}],"wp:featuredmedia":[{"embeddable":true,"href":"https:\/\/www.hashtag.al\/index.php\/wp-json\/wp\/v2\/media\/742670"}],"wp:attachment":[{"href":"https:\/\/www.hashtag.al\/index.php\/wp-json\/wp\/v2\/media?parent=742669"}],"wp:term":[{"taxonomy":"category","embeddable":true,"href":"https:\/\/www.hashtag.al\/index.php\/wp-json\/wp\/v2\/categories?post=742669"},{"taxonomy":"post_tag","embeddable":true,"href":"https:\/\/www.hashtag.al\/index.php\/wp-json\/wp\/v2\/tags?post=742669"}],"curies":[{"name":"wp","href":"https:\/\/api.w.org\/{rel}","templated":true}]}}