{"id":742571,"date":"2025-05-21T16:30:14","date_gmt":"2025-05-21T14:30:14","guid":{"rendered":"https:\/\/www.hashtag.al\/?p=742571"},"modified":"2025-05-21T16:30:14","modified_gmt":"2025-05-21T14:30:14","slug":"ish-politikani-ukrainas-pro-rus-ekzekutohet-me-arme-prane-nje-shkolle-ne-madrid","status":"publish","type":"post","link":"https:\/\/www.hashtag.al\/index.php\/2025\/05\/21\/ish-politikani-ukrainas-pro-rus-ekzekutohet-me-arme-prane-nje-shkolle-ne-madrid\/","title":{"rendered":"Ish-politikani ukrainas pro-rus, ekzekutohet me arm\u00eb pran\u00eb nj\u00eb shkolle n\u00eb Madrid","gt_translate_keys":[{"key":"rendered","format":"text"}]},"content":{"rendered":"<p><span style=\"color: #000000;\"><img loading=\"lazy\" decoding=\"async\" class=\"alignnone size-medium wp-image-742573\" src=\"https:\/\/www.hashtag.al\/wp-content\/uploads\/2025\/05\/Screenshot-2025-05-21-161549-300x193.png\" alt=\"\" width=\"300\" height=\"193\" srcset=\"https:\/\/www.hashtag.al\/wp-content\/uploads\/2025\/05\/Screenshot-2025-05-21-161549-300x193.png 300w, https:\/\/www.hashtag.al\/wp-content\/uploads\/2025\/05\/Screenshot-2025-05-21-161549-768x493.png 768w, https:\/\/www.hashtag.al\/wp-content\/uploads\/2025\/05\/Screenshot-2025-05-21-161549.png 772w\" sizes=\"auto, (max-width: 300px) 100vw, 300px\" \/><\/span><\/p>\n<p><span style=\"color: #000000;\">Andriy Portnov, ish-k\u00ebshilltar i ngusht\u00eb i ish-presidentit pro-rus t\u00eb Ukrain\u00ebs, Viktor Janukovi\u00e7, \u00ebsht\u00eb q\u00eblluar p\u00ebr vdekje nga persona t\u00eb paidentifikuar m\u00ebngjesin e s\u00eb m\u00ebrkur\u00ebs, pran\u00eb nj\u00eb shkolle private n\u00eb periferi t\u00eb Madridit, nd\u00ebrsa po linte f\u00ebmij\u00ebt n\u00eb shkoll\u00eb.<\/span><\/p>\n<p><span style=\"color: #000000;\">Sipas autoriteteve spanjolle, ngjarja ndodhi jasht\u00eb <em>American School of Madrid<\/em>, n\u00eb zon\u00ebn e pasur t\u00eb Pozuelo de Alarc\u00f3n. Portnov, 52 vje\u00e7, sapo kishte hipur n\u00eb makin\u00ebn e tij, nj\u00eb Mercedes-Benz i zi, kur u q\u00ebllua disa her\u00eb n\u00eb shpin\u00eb dhe n\u00eb kok\u00eb.<\/span><\/p>\n<p><span style=\"color: #000000;\"><em>\u201cDisa persona e q\u00eblluan nga prapa dhe m\u00eb pas u larguan drejt nj\u00eb zone pyjore,\u201d<\/em> tha nj\u00eb burim nga ministria e Brendshme e Spanj\u00ebs p\u00ebr mediat.<\/span><\/p>\n<p><span style=\"color: #000000;\">Mediat vendase raportojn\u00eb se ngjarja ndodhi rreth 30 minuta pasi kishte nisur m\u00ebsimi, dhe Portnov sapo kishte dor\u00ebzuar f\u00ebmij\u00ebt n\u00eb shkoll\u00eb, p\u00ebrcjell<span style=\"color: #0000ff;\"><a style=\"color: #0000ff;\" href=\"https:\/\/www.theguardian.com\/world\/2025\/may\/21\/former-ukrainian-politician-andriy-portnov-shot-dead-outside-madrid-school\"> The Guardian.<\/a><\/span><\/span><\/p>\n<p><span style=\"color: #000000;\">Ekipet mjek\u00ebsore konstatuan vdekjen e tij n\u00eb vendngjarje, pasi ai kishte marr\u00eb t\u00eb pakt\u00ebn tre plumba.<\/span><\/p>\n<p><span style=\"color: #000000;\">Policia rrethoi menj\u00ebher\u00eb zon\u00ebn p\u00ebrreth shkoll\u00ebs, nd\u00ebrsa n\u00eb operacionin p\u00ebr kapjen e autor\u00ebve u p\u00ebrfshin\u00eb edhe helikopter\u00eb dhe dron\u00eb.<\/span><\/p>\n<p><span style=\"color: #000000;\">Portnov ishte nj\u00eb figur\u00eb e njohur pro-ruse n\u00eb politik\u00ebn ukrainase dhe kishte ndihmuar n\u00eb hartimin e legjislacionit kund\u00ebr protestuesve t\u00eb revolucionit t\u00eb 2014-s n\u00eb Ukrain\u00eb, pak para se Janukovi\u00e7 t\u00eb rr\u00ebzohej nga pushteti pas nj\u00eb kryengritjeje popullore. Pas rr\u00ebzimit t\u00eb regjimit, Portnov u largua nga Ukraina.<\/span><\/p>\n<p><span style=\"color: #000000;\">N\u00eb vitin 2015 raportohej se po q\u00ebndronte n\u00eb Rusi, nd\u00ebrsa m\u00eb pas u zhvendos n\u00eb Austri. Mediat e lir\u00eb per\u00ebndimore raportuan se ai jetonte n\u00eb Madrid t\u00eb pakt\u00ebn q\u00eb nga prilli i vitit 2024.<\/span><\/p>\n<p><span style=\"color: #000000;\">N\u00eb vitin 2018, Sh\u00ebrbimi i Siguris\u00eb s\u00eb Ukrain\u00ebs (SBU) hapi nj\u00eb hetim p\u00ebr tradhti ndaj tij, duke e akuzuar p\u00ebr p\u00ebrfshirje n\u00eb aneksimin e paligjsh\u00ebm t\u00eb gadishullit t\u00eb Krimes\u00eb nga Rusia \u2013 nj\u00eb \u00e7\u00ebshtje q\u00eb u mbyll n\u00eb vitin 2019.<\/span><\/p>\n<p><span style=\"color: #000000;\">N\u00eb vitin 2021, Departamenti Amerikan i Thesarit vendosi sanksione ndaj Portnovit, duke deklaruar se ai kishte nd\u00ebrmarr\u00eb hapa p\u00ebr t\u00eb kontrolluar sistemin gjyq\u00ebsor ukrainas, p\u00ebr t\u00eb ndikuar n\u00eb legjislacionin p\u00ebrkat\u00ebs dhe p\u00ebr t\u00eb em\u00ebruar zyrtar\u00eb besnik\u00eb n\u00eb poste t\u00eb larta gjyq\u00ebsore.<\/span><\/p>\n<p><span style=\"color: #000000;\">Ai ka qen\u00eb gjithashtu subjekt i sanksioneve t\u00eb Bashkimit Evropian, t\u00eb cilat m\u00eb pas jan\u00eb hequr.<\/span><\/p>\n<p><span style=\"color: #000000;\">Q\u00eb nga nisja e agresionit t\u00eb Rusis\u00eb ndaj Ukrain\u00ebs, Spanja ka qen\u00eb sken\u00eb e disa ngjarjeve t\u00eb profilit t\u00eb lart\u00eb me sfond politik dhe nd\u00ebrkomb\u00ebtar.<\/span><\/p>\n<p><span style=\"color: #000000;\">N\u00eb vitin 2022, gjasht\u00eb bomba me post\u00eb iu d\u00ebrguan disa objektivave, p\u00ebrfshir\u00eb kryeministrit Pedro S\u00e1nchez dhe ambasadave t\u00eb Ukrain\u00ebs dhe SHBA-s\u00eb. Nd\u00ebrsa n\u00eb shkurt 2024, nj\u00eb pilot rus i dezertuar n\u00eb Ukrain\u00eb u gjet i vrar\u00eb me arm\u00eb pran\u00eb qytetit bregdetar t\u00eb Alicante-s.<\/span><\/p>\n<p><span style=\"color: #000000;\">Vrasja e Portnov sh\u00ebnon atentatin e dyt\u00eb t\u00eb profilit t\u00eb lart\u00eb n\u00eb Madrid brenda dy viteve. N\u00eb vitin 2023, ish-politikani i djatht\u00eb dhe ish-n\u00ebnkryetari i Parlamentit Evropian, Alejo Vidal-Quadras, mbijetoi pasi u q\u00ebllua n\u00eb fytyr\u00eb nga nj\u00eb person i maskuar.<\/span><\/p>\n<p><span style=\"color: #000000;\">Autoritetet spanjolle vijojn\u00eb hetimet dhe nuk kan\u00eb dh\u00ebn\u00eb ende nj\u00eb pist\u00eb t\u00eb qart\u00eb mbi motivin e vrasjes s\u00eb Portnov.<\/span><\/p>\n","protected":false,"gt_translate_keys":[{"key":"rendered","format":"html"}]},"excerpt":{"rendered":"<p>Andriy Portnov, ish-k\u00ebshilltar i ngusht\u00eb i ish-presidentit pro-rus t\u00eb Ukrain\u00ebs, Viktor Janukovi\u00e7, \u00ebsht\u00eb q\u00eblluar p\u00ebr vdekje nga persona t\u00eb paidentifikuar m\u00ebngjesin e s\u00eb m\u00ebrkur\u00ebs, pran\u00eb nj\u00eb shkolle private n\u00eb periferi t\u00eb Madridit, nd\u00ebrsa po linte f\u00ebmij\u00ebt n\u00eb shkoll\u00eb. Sipas autoriteteve spanjolle, ngjarja ndodhi jasht\u00eb American School of Madrid, n\u00eb zon\u00ebn e pasur t\u00eb Pozuelo de [&hellip;]<\/p>\n","protected":false,"gt_translate_keys":[{"key":"rendered","format":"html"}]},"author":32,"featured_media":742573,"comment_status":"closed","ping_status":"open","sticky":false,"template":"","format":"standard","meta":{"footnotes":""},"categories":[6],"tags":[],"class_list":["post-742571","post","type-post","status-publish","format-standard","has-post-thumbnail","hentry","category-nderkombetare"],"gt_translate_keys":[{"key":"link","format":"url"}],"_links":{"self":[{"href":"https:\/\/www.hashtag.al\/index.php\/wp-json\/wp\/v2\/posts\/742571","targetHints":{"allow":["GET"]}}],"collection":[{"href":"https:\/\/www.hashtag.al\/index.php\/wp-json\/wp\/v2\/posts"}],"about":[{"href":"https:\/\/www.hashtag.al\/index.php\/wp-json\/wp\/v2\/types\/post"}],"author":[{"embeddable":true,"href":"https:\/\/www.hashtag.al\/index.php\/wp-json\/wp\/v2\/users\/32"}],"replies":[{"embeddable":true,"href":"https:\/\/www.hashtag.al\/index.php\/wp-json\/wp\/v2\/comments?post=742571"}],"version-history":[{"count":99999,"href":"https:\/\/www.hashtag.al\/index.php\/wp-json\/wp\/v2\/posts\/742571\/revisions"}],"predecessor-version":[{"id":742574,"href":"https:\/\/www.hashtag.al\/index.php\/wp-json\/wp\/v2\/posts\/742571\/revisions\/742574"}],"wp:featuredmedia":[{"embeddable":true,"href":"https:\/\/www.hashtag.al\/index.php\/wp-json\/wp\/v2\/media\/742573"}],"wp:attachment":[{"href":"https:\/\/www.hashtag.al\/index.php\/wp-json\/wp\/v2\/media?parent=742571"}],"wp:term":[{"taxonomy":"category","embeddable":true,"href":"https:\/\/www.hashtag.al\/index.php\/wp-json\/wp\/v2\/categories?post=742571"},{"taxonomy":"post_tag","embeddable":true,"href":"https:\/\/www.hashtag.al\/index.php\/wp-json\/wp\/v2\/tags?post=742571"}],"curies":[{"name":"wp","href":"https:\/\/api.w.org\/{rel}","templated":true}]}}