{"id":742570,"date":"2025-05-21T16:21:33","date_gmt":"2025-05-21T14:21:33","guid":{"rendered":"https:\/\/www.hashtag.al\/?p=742570"},"modified":"2025-05-21T16:21:33","modified_gmt":"2025-05-21T14:21:33","slug":"endri-shabani-berisha-eshte-qaraman-koha-per-nje-front-te-perbashket-kunder-qeverise","status":"publish","type":"post","link":"https:\/\/www.hashtag.al\/index.php\/2025\/05\/21\/endri-shabani-berisha-eshte-qaraman-koha-per-nje-front-te-perbashket-kunder-qeverise\/","title":{"rendered":"Endri Shabani: Berisha \u00ebsht\u00eb qaraman, koha p\u00ebr nj\u00eb front t\u00eb p\u00ebrbashk\u00ebt kund\u00ebr qeveris\u00eb","gt_translate_keys":[{"key":"rendered","format":"text"}]},"content":{"rendered":"<p><span style=\"color: #000000;\"><img loading=\"lazy\" decoding=\"async\" class=\"size-medium wp-image-583070 aligncenter\" src=\"https:\/\/www.hashtag.al\/wp-content\/uploads\/2023\/03\/shabani-300x200.jpg\" alt=\"\" width=\"300\" height=\"200\" srcset=\"https:\/\/www.hashtag.al\/wp-content\/uploads\/2023\/03\/shabani-300x200.jpg 300w, https:\/\/www.hashtag.al\/wp-content\/uploads\/2023\/03\/shabani.jpg 640w\" sizes=\"auto, (max-width: 300px) 100vw, 300px\" \/><\/span><br \/>\n<span style=\"color: #000000;\">Kryetari i Nism\u00ebs Thurje, Endri Shabani, deklaroi se zgjedhjet e fundit treguan se qytetar\u00ebt kan\u00eb filluar t\u2019i kthejn\u00eb syt\u00eb nga alternativat e reja politike, duke u shprehur se partit\u00eb e reja arrit\u00ebn t\u00eb sigurojn\u00eb rreth 10% t\u00eb votave n\u00eb rang komb\u00ebtar.<\/span><\/p>\n<p><span style=\"color: #000000;\">Sipas Shabanit, ky \u00ebsht\u00eb nj\u00eb sinjal pozitiv p\u00ebr ndryshim dhe nj\u00eb mund\u00ebsi reale p\u00ebr t\u00eb nd\u00ebrtuar nj\u00eb front t\u00eb ri politik, p\u00ebrtej strukturave tradicionale. Ai i b\u00ebri thirrje t\u00eb gjitha forcave t\u00eb reja t\u00eb bashkohen n\u00eb nj\u00eb front t\u00eb p\u00ebrbashk\u00ebt kund\u00ebr qeveris\u00eb aktuale, duke p\u00ebrmendur konkretisht Adriatik Lapajn, Arlind Qorin dhe Agron Shehajn si figura me t\u00eb cilat do t\u00eb d\u00ebshironte t\u00eb bashk\u00ebpunonte.<\/span><\/p>\n<p><span style=\"color: #000000;\">\u201c<em>Luft\u00ebn nuk e kemi me partit\u00eb e reja, por me qeverin\u00eb. Duhet t\u00eb b\u00ebhemi bashk\u00eb si forca t\u00eb reja dhe t\u00eb jemi m\u00eb t\u00eb fort\u00eb. Un\u00eb dhe Adriatik Lapaj e dham\u00eb shembullin, u b\u00ebm\u00eb bashk\u00eb. Duhet t\u00eb bashkohemi t\u00eb gjith\u00eb n\u00eb nj\u00eb front\u201d,<\/em> deklaroi ai.<\/span><\/p>\n<p><span style=\"color: #000000;\">Shabani kritikoi ashp\u00ebr m\u00ebnyr\u00ebn se si funksionon aktualisht gara elektorale, duke e konsideruar t\u00eb pabarabart\u00eb dhe t\u00eb kapur nga parat\u00eb dhe pushteti. Ai theksoi kontrastin mes partive t\u00eb reja q\u00eb b\u00ebjn\u00eb fushat\u00eb me mjete modeste dhe partive t\u00eb m\u00ebdha q\u00eb, sipas tij, p\u00ebrdorin para dhe makina luksoze p\u00ebr t\u00eb bler\u00eb vota.<\/span><\/p>\n<p><span style=\"color: #000000;\">N\u00eb komentet e tij, Shabani nuk kurseu as kritikat ndaj Partis\u00eb Demokratike dhe liderit t\u00eb saj Sali Berisha, duke e cil\u00ebsuar si t\u00eb fundit q\u00eb mund t\u00eb ankohet p\u00ebr rezultatin. \u201c<em>Berisha duhet t\u00eb mbaj\u00eb p\u00ebrgjegj\u00ebsi, \u00ebsht\u00eb qaraman. Edhe Rama nuk ka pranuar rezultatet kur ka qen\u00eb n\u00eb opozit\u00eb<\/em>\u201d, tha ai.<\/span><\/p>\n<p><span style=\"color: #000000;\">Duke komentuar rezultatet n\u00eb Tiran\u00eb, ai u shpreh i zhg\u00ebnjyer q\u00eb kandidati i Nism\u00ebs, Ilir Alimehmeti, nuk u b\u00eb deputet, nd\u00ebrsa Tedi Blushi i LSI-s\u00eb p\u00ebrfitoi nga votat e koalicionit. Ai theksoi gjithashtu se ndodhet n\u00eb K\u00ebshillin Bashkiak t\u00eb Tiran\u00ebs dhe paralajm\u00ebroi se shumica e madhe parlamentare e Edi Ram\u00ebs p\u00ebrb\u00ebn rrezik p\u00ebr funksionimin e demokracis\u00eb n\u00eb vend.<\/span><\/p>\n","protected":false,"gt_translate_keys":[{"key":"rendered","format":"html"}]},"excerpt":{"rendered":"<p>Kryetari i Nism\u00ebs Thurje, Endri Shabani, deklaroi se zgjedhjet e fundit treguan se qytetar\u00ebt kan\u00eb filluar t\u2019i kthejn\u00eb syt\u00eb nga alternativat e reja politike, duke u shprehur se partit\u00eb e reja arrit\u00ebn t\u00eb sigurojn\u00eb rreth 10% t\u00eb votave n\u00eb rang komb\u00ebtar. Sipas Shabanit, ky \u00ebsht\u00eb nj\u00eb sinjal pozitiv p\u00ebr ndryshim dhe nj\u00eb mund\u00ebsi reale p\u00ebr [&hellip;]<\/p>\n","protected":false,"gt_translate_keys":[{"key":"rendered","format":"html"}]},"author":32,"featured_media":583070,"comment_status":"closed","ping_status":"open","sticky":false,"template":"","format":"standard","meta":{"footnotes":""},"categories":[65],"tags":[],"class_list":["post-742570","post","type-post","status-publish","format-standard","has-post-thumbnail","hentry","category-lajme"],"gt_translate_keys":[{"key":"link","format":"url"}],"_links":{"self":[{"href":"https:\/\/www.hashtag.al\/index.php\/wp-json\/wp\/v2\/posts\/742570","targetHints":{"allow":["GET"]}}],"collection":[{"href":"https:\/\/www.hashtag.al\/index.php\/wp-json\/wp\/v2\/posts"}],"about":[{"href":"https:\/\/www.hashtag.al\/index.php\/wp-json\/wp\/v2\/types\/post"}],"author":[{"embeddable":true,"href":"https:\/\/www.hashtag.al\/index.php\/wp-json\/wp\/v2\/users\/32"}],"replies":[{"embeddable":true,"href":"https:\/\/www.hashtag.al\/index.php\/wp-json\/wp\/v2\/comments?post=742570"}],"version-history":[{"count":99999,"href":"https:\/\/www.hashtag.al\/index.php\/wp-json\/wp\/v2\/posts\/742570\/revisions"}],"predecessor-version":[{"id":742572,"href":"https:\/\/www.hashtag.al\/index.php\/wp-json\/wp\/v2\/posts\/742570\/revisions\/742572"}],"wp:featuredmedia":[{"embeddable":true,"href":"https:\/\/www.hashtag.al\/index.php\/wp-json\/wp\/v2\/media\/583070"}],"wp:attachment":[{"href":"https:\/\/www.hashtag.al\/index.php\/wp-json\/wp\/v2\/media?parent=742570"}],"wp:term":[{"taxonomy":"category","embeddable":true,"href":"https:\/\/www.hashtag.al\/index.php\/wp-json\/wp\/v2\/categories?post=742570"},{"taxonomy":"post_tag","embeddable":true,"href":"https:\/\/www.hashtag.al\/index.php\/wp-json\/wp\/v2\/tags?post=742570"}],"curies":[{"name":"wp","href":"https:\/\/api.w.org\/{rel}","templated":true}]}}