{"id":742563,"date":"2025-05-21T16:05:13","date_gmt":"2025-05-21T14:05:13","guid":{"rendered":"https:\/\/www.hashtag.al\/?p=742563"},"modified":"2025-05-21T16:05:13","modified_gmt":"2025-05-21T14:05:13","slug":"shtyhet-seanca-per-ceshtjen-e-sterilizimit-rjepaj-prej-19-vitesh-paragjykime-seshte-lejuar-debat-profesional","status":"publish","type":"post","link":"https:\/\/www.hashtag.al\/index.php\/2025\/05\/21\/shtyhet-seanca-per-ceshtjen-e-sterilizimit-rjepaj-prej-19-vitesh-paragjykime-seshte-lejuar-debat-profesional\/","title":{"rendered":"Shtyhet seanca p\u00ebr \u00e7\u00ebshtjen e sterilizimit, Rjepaj: Prej 19 vitesh paragjykime, s\u2019\u00ebsht\u00eb lejuar debat profesional","gt_translate_keys":[{"key":"rendered","format":"text"}]},"content":{"rendered":"<p><span style=\"color: #000000;\"><img loading=\"lazy\" decoding=\"async\" class=\"alignnone size-medium wp-image-742564\" src=\"https:\/\/www.hashtag.al\/wp-content\/uploads\/2025\/05\/Klodian-Rrjepaj-768x602-1-300x235.jpg\" alt=\"\" width=\"300\" height=\"235\" srcset=\"https:\/\/www.hashtag.al\/wp-content\/uploads\/2025\/05\/Klodian-Rrjepaj-768x602-1-300x235.jpg 300w, https:\/\/www.hashtag.al\/wp-content\/uploads\/2025\/05\/Klodian-Rrjepaj-768x602-1.jpg 768w\" sizes=\"auto, (max-width: 300px) 100vw, 300px\" \/><\/span><\/p>\n<p><span style=\"color: #000000;\">Seanca gjyq\u00ebsore p\u00ebr \u00e7\u00ebshtjen e sterilizimit, ku nj\u00eb nd\u00ebr t\u00eb pandehurit kryesor\u00eb \u00ebsht\u00eb Klodian Rjepaj, u nd\u00ebrpre sot p\u00ebr shkak t\u00eb munges\u00ebs s\u00eb avokatit t\u00eb tij, i cili mungoi p\u00ebr arsye familjare. Gjykata vendosi q\u00eb seanca t\u00eb shtyhet m\u00eb 28 maj.<\/span><\/p>\n<p><span style=\"color: #000000;\">N\u00eb nj\u00eb deklarat\u00eb t\u00eb gjat\u00eb para trupit gjykues, Rjepaj u shpreh se kjo \u00e7\u00ebshtje \u00ebsht\u00eb trajtuar p\u00ebr gati dy dekada me paragjykime t\u00eb vazhdueshme dhe nuk \u00ebsht\u00eb lejuar t\u00eb zhvillohet nj\u00eb debat i mir\u00ebfillt\u00eb profesional.<\/span><br \/>\n<span style=\"color: #000000;\"><em>\u201cNe jemi k\u00ebtu p\u00ebr nj\u00eb procedur\u00eb q\u00eb ka gati 19 vite q\u00eb diskutohet, paragjykohet, akuzohet dhe n\u00eb asnj\u00eb rast kjo \u00e7\u00ebshtje nuk \u00ebsht\u00eb lejuar t\u00eb debatohet shkenc\u00ebrisht, por \u00ebsht\u00eb debatuar n\u00eb m\u00ebnyr\u00eb folklorike, mediatike dhe politike,\u201d<\/em> deklaroi ai.<\/span><\/p>\n<p><span style=\"color: #000000;\">Sipas tij, vendimet gjyq\u00ebsore t\u00eb deritanishme nuk kan\u00eb qen\u00eb t\u00eb paanshme dhe kan\u00eb reflektuar nj\u00eb qasje t\u00eb nj\u00ebanshme ndaj t\u00eb gjith\u00eb procesit. \u201cDeri m\u00eb sot \u00e7do vendim gjykate ka treguar paragjykim ndaj k\u00ebsaj \u00e7\u00ebshtjeje,\u201d u shpreh Rjepaj.<\/span><\/p>\n<p><span style=\"color: #000000;\">Ai vijoi m\u00eb tej duke th\u00ebn\u00eb se projekti i sterilizimit \u00ebsht\u00eb keqinterpretuar dhe devijuar q\u00ebllimisht:<\/span><br \/>\n<span style=\"color: #000000;\"><em>\u201cProjekti i Sterilizimit \u00ebsht\u00eb nj\u00eb devijim nga projekti i v\u00ebrtet\u00eb. \u00cbsht\u00eb devijim i q\u00ebllimsh\u00ebm p\u00ebr t\u00eb b\u00ebr\u00eb persekutim. Nuk ekziston projekti i Sterilizimit. T\u00eb gjith\u00eb element\u00ebt n\u00eb kall\u00ebzim nuk p\u00ebrputhen me element\u00ebt e projektit,\u201d<\/em> tha ai.<\/span><\/p>\n<p><span style=\"color: #000000;\">Rrjepaj k\u00ebmb\u00ebnguli se akuza \u00ebsht\u00eb nd\u00ebrtuar mbi fakte t\u00eb pav\u00ebrteta dhe se mjek\u00ebt dhe stafet q\u00eb kan\u00eb punuar n\u00eb k\u00ebt\u00eb sh\u00ebrbim meritojn\u00eb trajtim t\u00eb drejt\u00eb dhe jo lin\u00e7im publik:<\/span><br \/>\n<span style=\"color: #000000;\"><em>\u201cN\u00eb respekt t\u00eb kirurg\u00ebve dhe stafeve mjek\u00ebsore q\u00eb jan\u00eb ndihmuar nga ky sh\u00ebrbim, duhet b\u00ebr\u00eb nj\u00eb debat mir\u00ebfilli,\u201d<\/em> theksoi ai.<\/span><\/p>\n<p><span style=\"color: #000000;\">Ai shtoi gjithashtu se nuk \u00ebsht\u00eb shqyrtuar seriozisht fakti q\u00eb \u201cakt-padia e b\u00ebr\u00eb nga Nisma Thurje \u00ebsht\u00eb e rreme, mbi fakte t\u00eb pav\u00ebrteta.\u201d<\/span><\/p>\n<p><span style=\"color: #000000;\">Procesi gjyq\u00ebsor pritet t\u00eb vijoj\u00eb m\u00eb 28 maj, ku pritet q\u00eb mbrojtja e t\u00eb pandehurit t\u00eb paraqes\u00eb q\u00ebndrimet e saj p\u00ebr akuzat q\u00eb r\u00ebndojn\u00eb mbi t\u00eb.<\/span><\/p>\n","protected":false,"gt_translate_keys":[{"key":"rendered","format":"html"}]},"excerpt":{"rendered":"<p>Seanca gjyq\u00ebsore p\u00ebr \u00e7\u00ebshtjen e sterilizimit, ku nj\u00eb nd\u00ebr t\u00eb pandehurit kryesor\u00eb \u00ebsht\u00eb Klodian Rjepaj, u nd\u00ebrpre sot p\u00ebr shkak t\u00eb munges\u00ebs s\u00eb avokatit t\u00eb tij, i cili mungoi p\u00ebr arsye familjare. Gjykata vendosi q\u00eb seanca t\u00eb shtyhet m\u00eb 28 maj. N\u00eb nj\u00eb deklarat\u00eb t\u00eb gjat\u00eb para trupit gjykues, Rjepaj u shpreh se kjo \u00e7\u00ebshtje [&hellip;]<\/p>\n","protected":false,"gt_translate_keys":[{"key":"rendered","format":"html"}]},"author":32,"featured_media":742564,"comment_status":"closed","ping_status":"open","sticky":false,"template":"","format":"standard","meta":{"footnotes":""},"categories":[65],"tags":[],"class_list":["post-742563","post","type-post","status-publish","format-standard","has-post-thumbnail","hentry","category-lajme"],"gt_translate_keys":[{"key":"link","format":"url"}],"_links":{"self":[{"href":"https:\/\/www.hashtag.al\/index.php\/wp-json\/wp\/v2\/posts\/742563","targetHints":{"allow":["GET"]}}],"collection":[{"href":"https:\/\/www.hashtag.al\/index.php\/wp-json\/wp\/v2\/posts"}],"about":[{"href":"https:\/\/www.hashtag.al\/index.php\/wp-json\/wp\/v2\/types\/post"}],"author":[{"embeddable":true,"href":"https:\/\/www.hashtag.al\/index.php\/wp-json\/wp\/v2\/users\/32"}],"replies":[{"embeddable":true,"href":"https:\/\/www.hashtag.al\/index.php\/wp-json\/wp\/v2\/comments?post=742563"}],"version-history":[{"count":99999,"href":"https:\/\/www.hashtag.al\/index.php\/wp-json\/wp\/v2\/posts\/742563\/revisions"}],"predecessor-version":[{"id":742569,"href":"https:\/\/www.hashtag.al\/index.php\/wp-json\/wp\/v2\/posts\/742563\/revisions\/742569"}],"wp:featuredmedia":[{"embeddable":true,"href":"https:\/\/www.hashtag.al\/index.php\/wp-json\/wp\/v2\/media\/742564"}],"wp:attachment":[{"href":"https:\/\/www.hashtag.al\/index.php\/wp-json\/wp\/v2\/media?parent=742563"}],"wp:term":[{"taxonomy":"category","embeddable":true,"href":"https:\/\/www.hashtag.al\/index.php\/wp-json\/wp\/v2\/categories?post=742563"},{"taxonomy":"post_tag","embeddable":true,"href":"https:\/\/www.hashtag.al\/index.php\/wp-json\/wp\/v2\/tags?post=742563"}],"curies":[{"name":"wp","href":"https:\/\/api.w.org\/{rel}","templated":true}]}}