{"id":742013,"date":"2025-05-18T13:39:03","date_gmt":"2025-05-18T11:39:03","guid":{"rendered":"https:\/\/www.hashtag.al\/?p=742013"},"modified":"2025-05-18T13:39:03","modified_gmt":"2025-05-18T11:39:03","slug":"presidenti-begaj-ne-vatikan-per-inaugurimin-e-papa-leoni-xiv-takohet-me-atin-e-shenjte","status":"publish","type":"post","link":"https:\/\/www.hashtag.al\/index.php\/2025\/05\/18\/presidenti-begaj-ne-vatikan-per-inaugurimin-e-papa-leoni-xiv-takohet-me-atin-e-shenjte\/","title":{"rendered":"Presidenti Begaj n\u00eb Vatikan p\u00ebr inaugurimin e Papa Leoni XIV, takohet me Atin e Shenjt\u00eb","gt_translate_keys":[{"key":"rendered","format":"text"}]},"content":{"rendered":"<p><span style=\"color: #000000;\"><img loading=\"lazy\" decoding=\"async\" class=\"alignnone size-medium wp-image-742014\" src=\"https:\/\/www.hashtag.al\/wp-content\/uploads\/2025\/05\/a9d103ad-78ab-45c9-a02b-bef8ed235bcf-1536x1023-1-300x200.jpg\" alt=\"\" width=\"300\" height=\"200\" srcset=\"https:\/\/www.hashtag.al\/wp-content\/uploads\/2025\/05\/a9d103ad-78ab-45c9-a02b-bef8ed235bcf-1536x1023-1-300x200.jpg 300w, https:\/\/www.hashtag.al\/wp-content\/uploads\/2025\/05\/a9d103ad-78ab-45c9-a02b-bef8ed235bcf-1536x1023-1-1024x682.jpg 1024w, https:\/\/www.hashtag.al\/wp-content\/uploads\/2025\/05\/a9d103ad-78ab-45c9-a02b-bef8ed235bcf-1536x1023-1-768x512.jpg 768w, https:\/\/www.hashtag.al\/wp-content\/uploads\/2025\/05\/a9d103ad-78ab-45c9-a02b-bef8ed235bcf-1536x1023-1.jpg 1536w\" sizes=\"auto, (max-width: 300px) 100vw, 300px\" \/><\/span><\/p>\n<p><span style=\"color: #000000;\">Presidenti i Republik\u00ebs, Bajram Begaj, udh\u00ebhoqi delegacionin shqiptar n\u00eb Vatikan gjat\u00eb ceremonis\u00eb solemne t\u00eb inaugurimit t\u00eb Papa Leoni XIV, nj\u00eb ngjarje madhore q\u00eb mblodhi lider\u00eb t\u00eb shumt\u00eb bot\u00ebror\u00eb dhe p\u00ebrfaq\u00ebsues t\u00eb lart\u00eb t\u00eb komunitetit nd\u00ebrkomb\u00ebtar.<\/span><\/p>\n<p><span style=\"color: #000000;\">Gjat\u00eb k\u00ebsaj vizite, Kreu i Shtetit zhvilloi nj\u00eb takim me Atin e Shenjt\u00eb, t\u00eb cilit i p\u00ebrcolli urimet m\u00eb t\u00eb p\u00ebrzem\u00ebrta p\u00ebr zgjedhjen si Pap\u00eb dhe Peshkop i Kish\u00ebs Katolike Romake.<\/span><\/p>\n<p><span style=\"color: #000000;\">Presidenti Begaj e p\u00ebrg\u00ebzoi Papa Leoni XIV p\u00ebr misionin e tij n\u00eb sh\u00ebrbim t\u00eb paqes dhe nd\u00ebrtimit t\u00eb urave t\u00eb dialogut n\u00eb nj\u00eb bot\u00eb t\u00eb p\u00ebrballur me sfida e pasiguri t\u00eb shumta.<\/span><\/p>\n<p><span style=\"color: #000000;\"><em>\u201cUdh\u00ebheqja juaj shpirt\u00ebrore \u00ebsht\u00eb nj\u00eb z\u00eb q\u00eb jep shpres\u00eb, dhembshuri dhe unitet nd\u00ebrmjet njer\u00ebzve\u201d,<\/em> theksoi Presidenti Begaj.<\/span><\/p>\n<p><span style=\"color: #000000;\">Ai shtoi se Shqip\u00ebria mbetet nj\u00eb model i harmonis\u00eb fetare, ku toleranca, respekti dhe bashk\u00ebjetesa nd\u00ebrmjet feve jan\u00eb vlera t\u00eb thella dhe trash\u00ebgimi e vyer q\u00eb p\u00ebrcillet brez pas brezi.<\/span><\/p>\n<p><span style=\"color: #000000;\">N\u00eb k\u00ebt\u00eb ceremoni t\u00eb r\u00ebnd\u00ebsishme, Presidenti ishte i shoq\u00ebruar nga Ministri p\u00ebr Evrop\u00ebn dhe Pun\u00ebt e Jashtme, Igli Hasani, si dhe Ambasadorja e Shqip\u00ebris\u00eb pran\u00eb Selis\u00eb s\u00eb Shenjt\u00eb, Majlinda Frangaj.<\/span><\/p>\n<p><img decoding=\"async\" src=\"https:\/\/www.balkanweb.com\/wp-content\/uploads\/2025\/05\/03cba54d-c696-46c0-8c99-b527150a98d6.jpg\" alt=\"foto galeri \" \/><\/p>\n<p><img decoding=\"async\" src=\"https:\/\/www.balkanweb.com\/wp-content\/uploads\/2025\/05\/0add9ae3-54ec-4bd6-a281-e6261834a200.jpg\" alt=\"foto galeri \" \/><\/p>\n","protected":false,"gt_translate_keys":[{"key":"rendered","format":"html"}]},"excerpt":{"rendered":"<p>Presidenti i Republik\u00ebs, Bajram Begaj, udh\u00ebhoqi delegacionin shqiptar n\u00eb Vatikan gjat\u00eb ceremonis\u00eb solemne t\u00eb inaugurimit t\u00eb Papa Leoni XIV, nj\u00eb ngjarje madhore q\u00eb mblodhi lider\u00eb t\u00eb shumt\u00eb bot\u00ebror\u00eb dhe p\u00ebrfaq\u00ebsues t\u00eb lart\u00eb t\u00eb komunitetit nd\u00ebrkomb\u00ebtar. Gjat\u00eb k\u00ebsaj vizite, Kreu i Shtetit zhvilloi nj\u00eb takim me Atin e Shenjt\u00eb, t\u00eb cilit i p\u00ebrcolli urimet m\u00eb t\u00eb [&hellip;]<\/p>\n","protected":false,"gt_translate_keys":[{"key":"rendered","format":"html"}]},"author":32,"featured_media":742014,"comment_status":"closed","ping_status":"open","sticky":false,"template":"","format":"standard","meta":{"footnotes":""},"categories":[65],"tags":[],"class_list":["post-742013","post","type-post","status-publish","format-standard","has-post-thumbnail","hentry","category-lajme"],"gt_translate_keys":[{"key":"link","format":"url"}],"_links":{"self":[{"href":"https:\/\/www.hashtag.al\/index.php\/wp-json\/wp\/v2\/posts\/742013","targetHints":{"allow":["GET"]}}],"collection":[{"href":"https:\/\/www.hashtag.al\/index.php\/wp-json\/wp\/v2\/posts"}],"about":[{"href":"https:\/\/www.hashtag.al\/index.php\/wp-json\/wp\/v2\/types\/post"}],"author":[{"embeddable":true,"href":"https:\/\/www.hashtag.al\/index.php\/wp-json\/wp\/v2\/users\/32"}],"replies":[{"embeddable":true,"href":"https:\/\/www.hashtag.al\/index.php\/wp-json\/wp\/v2\/comments?post=742013"}],"version-history":[{"count":99999,"href":"https:\/\/www.hashtag.al\/index.php\/wp-json\/wp\/v2\/posts\/742013\/revisions"}],"predecessor-version":[{"id":742015,"href":"https:\/\/www.hashtag.al\/index.php\/wp-json\/wp\/v2\/posts\/742013\/revisions\/742015"}],"wp:featuredmedia":[{"embeddable":true,"href":"https:\/\/www.hashtag.al\/index.php\/wp-json\/wp\/v2\/media\/742014"}],"wp:attachment":[{"href":"https:\/\/www.hashtag.al\/index.php\/wp-json\/wp\/v2\/media?parent=742013"}],"wp:term":[{"taxonomy":"category","embeddable":true,"href":"https:\/\/www.hashtag.al\/index.php\/wp-json\/wp\/v2\/categories?post=742013"},{"taxonomy":"post_tag","embeddable":true,"href":"https:\/\/www.hashtag.al\/index.php\/wp-json\/wp\/v2\/tags?post=742013"}],"curies":[{"name":"wp","href":"https:\/\/api.w.org\/{rel}","templated":true}]}}