{"id":741704,"date":"2025-05-16T15:05:14","date_gmt":"2025-05-16T13:05:14","guid":{"rendered":"https:\/\/www.hashtag.al\/?p=741704"},"modified":"2025-05-16T15:05:14","modified_gmt":"2025-05-16T13:05:14","slug":"von-der-leyen-nga-tirana-faleminderit-edi-per-mikpritjen-e-jashtezakonshme-europa-eshte-zgjuar","status":"publish","type":"post","link":"https:\/\/www.hashtag.al\/index.php\/2025\/05\/16\/von-der-leyen-nga-tirana-faleminderit-edi-per-mikpritjen-e-jashtezakonshme-europa-eshte-zgjuar\/","title":{"rendered":"Von der Leyen nga Tirana: Faleminderit Edi p\u00ebr mikpritjen e jasht\u00ebzakonshme, Europa \u00ebsht\u00eb zgjuar","gt_translate_keys":[{"key":"rendered","format":"text"}]},"content":{"rendered":"<p><span style=\"color: #000000;\"><img decoding=\"async\" src=\"https:\/\/www.hashtag.al\/wp-content\/uploads\/2025\/05\/URUSLA-VPN-DER-LEIN-685x450-1.jpg\" \/><\/span><\/p>\n<p><span style=\"color: #000000;\">Presidentja e Komisionit Europian, Ursula von der Leyen, gjat\u00eb fjal\u00ebs s\u00eb saj n\u00eb Samitin e Komunitetit Politik Evropian n\u00eb Tiran\u00eb, vler\u00ebsoi mikpritjen dhe organizimin e samitit nga Shqip\u00ebria, duke i shprehur mir\u00ebnjohje kryeministrit Edi Rama p\u00ebr kreativitetin dhe angazhimin.<\/span><\/p>\n<p><span style=\"color: #000000;\"><em>\u201cFaleminderit shum\u00eb, Edi, p\u00ebr mikpritjen e jasht\u00ebzakonshme. Si gjithmon\u00eb, e b\u00ebn n\u00eb m\u00ebnyr\u00eb kreative dhe t\u00eb ve\u00e7ant\u00eb,\u201d<\/em> tha ajo, duke shtuar se zhvillimi i k\u00ebtij samiti n\u00eb Tiran\u00eb \u00ebsht\u00eb nj\u00eb sinjal i r\u00ebnd\u00ebsish\u00ebm i bashk\u00ebpunimit dhe unitetit evropian.<\/span><\/p>\n<p><span style=\"color: #000000;\">Von der Leyen theksoi se Europa ndodhet n\u00eb nj\u00eb moment kthese, ku \u00ebsht\u00eb m\u00eb e vet\u00ebdijshme dhe m\u00eb e mobilizuar p\u00ebr t\u00eb reaguar ndaj sfidave nd\u00ebrkomb\u00ebtare.<\/span><\/p>\n<p><span style=\"color: #000000;\"><em>\u201cSot, Europa \u00ebsht\u00eb zgjuar. I kemi syt\u00eb hapur dhe jemi t\u00eb bashkuar m\u00eb shum\u00eb se kurr\u00eb. Nd\u00ebrsa m\u00eb par\u00eb u mendua se fundi i Luft\u00ebs s\u00eb Ftoht\u00eb do t\u00eb sillte nj\u00eb epok\u00eb t\u00eb stabilitetit, sot po p\u00ebrballemi me \u00e7rregullim t\u00eb shkaktuar nga ambiciet imperialiste t\u00eb Putinit,\u201d<\/em> deklaroi ajo.<\/span><\/p>\n<p><span style=\"color: #000000;\">Duke folur p\u00ebr mb\u00ebshtetjen ndaj Ukrain\u00ebs, Presidentja e Komisionit Evropian tha se Europa ka q\u00ebndruar e pal\u00ebkundur p\u00ebrkrah vendit t\u00eb sulmuar nga Rusia, dhe se vet\u00eb prania e presidentit ukrainas Volodymyr Zelensky n\u00eb k\u00ebt\u00eb samit \u00ebsht\u00eb d\u00ebshmi e bashkimit dhe vendosm\u00ebris\u00eb evropiane p\u00ebr t\u00eb ruajtur sovranitetin dhe paqen.<\/span><\/p>\n<p><span style=\"color: #000000;\"><em>\u201cJemi gati t\u00eb b\u00ebjm\u00eb m\u00eb shum\u00eb p\u00ebr ta sjell\u00eb Putinin n\u00eb tryez\u00ebn e negociatave. Po p\u00ebrgatisim nj\u00eb paket\u00eb t\u00eb re sanksionesh, p\u00ebrfshir\u00eb edhe ato kund\u00ebr Nord Stream 1 dhe 2,\u201d<\/em> shtoi ajo.<\/span><\/p>\n<p><span style=\"color: #000000;\">Von der Leyen p\u00ebrfundoi fjal\u00ebn e saj me nj\u00eb mesazh optimizmi p\u00ebr t\u00eb ardhmen evropiane: <em>\u201cKemi ardhur n\u00eb Tiran\u00eb p\u00ebr t\u00eb nd\u00ebrtuar nj\u00eb t\u00eb ardhme t\u00eb p\u00ebrbashk\u00ebt dhe nuk kam asnj\u00eb dyshim se do t\u2019ia dalim. Kjo \u00ebsht\u00eb nj\u00eb epok\u00eb e re e besimit dhe bashk\u00ebpunimit p\u00ebr kontinentin ton\u00eb.\u201d<\/em><\/span><\/p>\n","protected":false,"gt_translate_keys":[{"key":"rendered","format":"html"}]},"excerpt":{"rendered":"<p>Presidentja e Komisionit Europian, Ursula von der Leyen, gjat\u00eb fjal\u00ebs s\u00eb saj n\u00eb Samitin e Komunitetit Politik Evropian n\u00eb Tiran\u00eb, vler\u00ebsoi mikpritjen dhe organizimin e samitit nga Shqip\u00ebria, duke i shprehur mir\u00ebnjohje kryeministrit Edi Rama p\u00ebr kreativitetin dhe angazhimin. \u201cFaleminderit shum\u00eb, Edi, p\u00ebr mikpritjen e jasht\u00ebzakonshme. Si gjithmon\u00eb, e b\u00ebn n\u00eb m\u00ebnyr\u00eb kreative dhe t\u00eb [&hellip;]<\/p>\n","protected":false,"gt_translate_keys":[{"key":"rendered","format":"html"}]},"author":32,"featured_media":741674,"comment_status":"closed","ping_status":"open","sticky":false,"template":"","format":"standard","meta":{"footnotes":""},"categories":[65],"tags":[],"class_list":["post-741704","post","type-post","status-publish","format-standard","has-post-thumbnail","hentry","category-lajme"],"gt_translate_keys":[{"key":"link","format":"url"}],"_links":{"self":[{"href":"https:\/\/www.hashtag.al\/index.php\/wp-json\/wp\/v2\/posts\/741704","targetHints":{"allow":["GET"]}}],"collection":[{"href":"https:\/\/www.hashtag.al\/index.php\/wp-json\/wp\/v2\/posts"}],"about":[{"href":"https:\/\/www.hashtag.al\/index.php\/wp-json\/wp\/v2\/types\/post"}],"author":[{"embeddable":true,"href":"https:\/\/www.hashtag.al\/index.php\/wp-json\/wp\/v2\/users\/32"}],"replies":[{"embeddable":true,"href":"https:\/\/www.hashtag.al\/index.php\/wp-json\/wp\/v2\/comments?post=741704"}],"version-history":[{"count":99999,"href":"https:\/\/www.hashtag.al\/index.php\/wp-json\/wp\/v2\/posts\/741704\/revisions"}],"predecessor-version":[{"id":741705,"href":"https:\/\/www.hashtag.al\/index.php\/wp-json\/wp\/v2\/posts\/741704\/revisions\/741705"}],"wp:featuredmedia":[{"embeddable":true,"href":"https:\/\/www.hashtag.al\/index.php\/wp-json\/wp\/v2\/media\/741674"}],"wp:attachment":[{"href":"https:\/\/www.hashtag.al\/index.php\/wp-json\/wp\/v2\/media?parent=741704"}],"wp:term":[{"taxonomy":"category","embeddable":true,"href":"https:\/\/www.hashtag.al\/index.php\/wp-json\/wp\/v2\/categories?post=741704"},{"taxonomy":"post_tag","embeddable":true,"href":"https:\/\/www.hashtag.al\/index.php\/wp-json\/wp\/v2\/tags?post=741704"}],"curies":[{"name":"wp","href":"https:\/\/api.w.org\/{rel}","templated":true}]}}