{"id":741630,"date":"2025-05-15T23:23:39","date_gmt":"2025-05-15T21:23:39","guid":{"rendered":"https:\/\/www.hashtag.al\/?p=741630"},"modified":"2025-05-15T23:23:45","modified_gmt":"2025-05-15T21:23:45","slug":"india-operacion-masiv-ushtarak-kunder-maoisteve-komuniste-vriten-31-rebele","status":"publish","type":"post","link":"https:\/\/www.hashtag.al\/index.php\/2025\/05\/15\/india-operacion-masiv-ushtarak-kunder-maoisteve-komuniste-vriten-31-rebele\/","title":{"rendered":"India operacion masiv ushtarak kund\u00ebr maoist\u00ebve komunist\u00eb, vriten 31 rebel\u00eb","gt_translate_keys":[{"key":"rendered","format":"text"}]},"content":{"rendered":"<p><a href=\"https:\/\/www.hashtag.al\/index.php\/2025\/05\/15\/india-operacion-masiv-ushtarak-kunder-maoisteve-komuniste-vriten-31-rebele\/pti01_17_2025_000180b\/\" rel=\"attachment wp-att-741631\"><img loading=\"lazy\" decoding=\"async\" class=\"aligncenter size-full wp-image-741631\" src=\"https:\/\/www.hashtag.al\/wp-content\/uploads\/2025\/05\/PTI01_17_2025_000180B.jpg\" alt=\"\" width=\"1200\" height=\"675\" srcset=\"https:\/\/www.hashtag.al\/wp-content\/uploads\/2025\/05\/PTI01_17_2025_000180B.jpg 1200w, https:\/\/www.hashtag.al\/wp-content\/uploads\/2025\/05\/PTI01_17_2025_000180B-300x169.jpg 300w, https:\/\/www.hashtag.al\/wp-content\/uploads\/2025\/05\/PTI01_17_2025_000180B-1024x576.jpg 1024w, https:\/\/www.hashtag.al\/wp-content\/uploads\/2025\/05\/PTI01_17_2025_000180B-768x432.jpg 768w\" sizes=\"auto, (max-width: 1200px) 100vw, 1200px\" \/><\/a><\/p>\n<p><span style=\"color: #000000;\">Policia indiane ka vrar\u00eb 31 rebel\u00eb t\u00eb dyshuar maoist\u00eb n\u00eb at\u00eb q\u00eb p\u00ebrshkruhet si &#8220;operacioni m\u00eb i madh ndonj\u00ebher\u00eb&#8221; kund\u00ebr kryengritjes.<\/span><\/p>\n<p><span style=\"color: #000000;\">Forcat e siguris\u00eb kaluan 21 dit\u00eb duke u p\u00ebrpjekur p\u00ebr t\u00eb kapur rebel\u00ebt p\u00ebrgjat\u00eb kufirit t\u00eb shteteve t\u00eb Chhattisgarh dhe Telangana n\u00eb Indin\u00eb qendrore, tha t\u00eb m\u00ebrkur\u00ebn Ministri i Brendsh\u00ebm Amit Shah.<\/span><\/p>\n<p><span style=\"color: #000000;\">Duke e p\u00ebrshkruar operacionin si nj\u00eb &#8220;p\u00ebrparim historik&#8221;, Shah tha se forcat e siguris\u00eb kryen &#8220;operacionin m\u00eb t\u00eb madh ndonj\u00ebher\u00eb&#8221; kund\u00ebr rebel\u00ebve, duke vrar\u00eb 31 prej tyre n\u00eb Kodr\u00ebn Karreguttalu, e konsideruar si nj\u00eb bastion maoist, shkruan <span style=\"color: #0000ff;\"><a style=\"color: #0000ff;\" href=\"https:\/\/edition.cnn.com\/2025\/05\/15\/india\/india-maoist-rebel-group-biggest-operation-intl-hnk\">CNN<\/a>.<\/span><\/span><\/p>\n<p><span style=\"color: #000000;\">Autoritetet indiane kan\u00eb luftuar kund\u00ebr grupeve rebele maoiste, t\u00eb njohura edhe si Naxals, n\u00ebp\u00ebr disa shtete qendrore dhe veriore q\u00eb nga viti 1967. T\u00eb frym\u00ebzuar nga lideri revolucionar kinez Mao Ce Dun, kryengrit\u00ebsit kan\u00eb nisur gjat\u00eb dekadave sulme ndaj forcave qeveritare n\u00eb nj\u00eb p\u00ebrpjekje p\u00ebr t\u00eb p\u00ebrmbysur shtetin dhe, thon\u00eb ata, p\u00ebr t\u00eb krijuar nj\u00eb shoq\u00ebri pa klasa.<\/span><\/p>\n<p><span style=\"color: #000000;\"><em>&#8220;Forcat tona t\u00eb siguris\u00eb p\u00ebrfunduan k\u00ebt\u00eb operacion m\u00eb t\u00eb madh anti-Naxal n\u00eb vet\u00ebm 21 dit\u00eb dhe jam jasht\u00ebzakonisht i lumtur q\u00eb nuk pati asnj\u00eb viktim\u00eb n\u00eb forcat e siguris\u00eb n\u00eb k\u00ebt\u00eb operacion,&#8221;<\/em> shkroi Shah n\u00eb X, duke p\u00ebrg\u00ebzuar ushtar\u00ebt p\u00ebr &#8220;trim\u00ebrin\u00eb dhe guximin e tyre&#8221;.<\/span><\/p>\n<p><span style=\"color: #000000;\">Kryengrit\u00ebsit njihen si Naxalit\u00eb n\u00eb Indi pas Naxalbari, nj\u00eb fshat n\u00eb shtetin e Bengalit Per\u00ebndimor ku ata e kan\u00eb origjin\u00ebn n\u00eb fund t\u00eb viteve 1960.<\/span><\/p>\n<p><span style=\"color: #000000;\">Qeveria indiane ka goditur zonat ku grupet maoiste jan\u00eb aktive, nj\u00eb qasje q\u00eb, ndon\u00ebse duket se zvog\u00eblon nivelin e k\u00ebrc\u00ebnimit, \u00ebsht\u00eb kritikuar nga disa v\u00ebzhgues si t\u00eb ashp\u00ebr dhe t\u00eb prirur p\u00ebr abuzim.<\/span><\/p>\n","protected":false,"gt_translate_keys":[{"key":"rendered","format":"html"}]},"excerpt":{"rendered":"<p>Policia indiane ka vrar\u00eb 31 rebel\u00eb t\u00eb dyshuar maoist\u00eb n\u00eb at\u00eb q\u00eb p\u00ebrshkruhet si &#8220;operacioni m\u00eb i madh ndonj\u00ebher\u00eb&#8221; kund\u00ebr kryengritjes. Forcat e siguris\u00eb kaluan 21 dit\u00eb duke u p\u00ebrpjekur p\u00ebr t\u00eb kapur rebel\u00ebt p\u00ebrgjat\u00eb kufirit t\u00eb shteteve t\u00eb Chhattisgarh dhe Telangana n\u00eb Indin\u00eb qendrore, tha t\u00eb m\u00ebrkur\u00ebn Ministri i Brendsh\u00ebm Amit Shah. Duke e [&hellip;]<\/p>\n","protected":false,"gt_translate_keys":[{"key":"rendered","format":"html"}]},"author":51,"featured_media":741631,"comment_status":"closed","ping_status":"open","sticky":false,"template":"","format":"standard","meta":{"footnotes":""},"categories":[6],"tags":[],"class_list":["post-741630","post","type-post","status-publish","format-standard","has-post-thumbnail","hentry","category-nderkombetare"],"gt_translate_keys":[{"key":"link","format":"url"}],"_links":{"self":[{"href":"https:\/\/www.hashtag.al\/index.php\/wp-json\/wp\/v2\/posts\/741630","targetHints":{"allow":["GET"]}}],"collection":[{"href":"https:\/\/www.hashtag.al\/index.php\/wp-json\/wp\/v2\/posts"}],"about":[{"href":"https:\/\/www.hashtag.al\/index.php\/wp-json\/wp\/v2\/types\/post"}],"author":[{"embeddable":true,"href":"https:\/\/www.hashtag.al\/index.php\/wp-json\/wp\/v2\/users\/51"}],"replies":[{"embeddable":true,"href":"https:\/\/www.hashtag.al\/index.php\/wp-json\/wp\/v2\/comments?post=741630"}],"version-history":[{"count":99999,"href":"https:\/\/www.hashtag.al\/index.php\/wp-json\/wp\/v2\/posts\/741630\/revisions"}],"predecessor-version":[{"id":741633,"href":"https:\/\/www.hashtag.al\/index.php\/wp-json\/wp\/v2\/posts\/741630\/revisions\/741633"}],"wp:featuredmedia":[{"embeddable":true,"href":"https:\/\/www.hashtag.al\/index.php\/wp-json\/wp\/v2\/media\/741631"}],"wp:attachment":[{"href":"https:\/\/www.hashtag.al\/index.php\/wp-json\/wp\/v2\/media?parent=741630"}],"wp:term":[{"taxonomy":"category","embeddable":true,"href":"https:\/\/www.hashtag.al\/index.php\/wp-json\/wp\/v2\/categories?post=741630"},{"taxonomy":"post_tag","embeddable":true,"href":"https:\/\/www.hashtag.al\/index.php\/wp-json\/wp\/v2\/tags?post=741630"}],"curies":[{"name":"wp","href":"https:\/\/api.w.org\/{rel}","templated":true}]}}