{"id":741566,"date":"2025-05-15T19:47:43","date_gmt":"2025-05-15T17:47:43","guid":{"rendered":"https:\/\/www.hashtag.al\/?p=741566"},"modified":"2025-05-15T19:47:43","modified_gmt":"2025-05-15T17:47:43","slug":"policia-refuzoi-lejen-pd-e-vendosur-te-mbaje-protesten-ne-bulevardin-zogu-i-pare","status":"publish","type":"post","link":"https:\/\/www.hashtag.al\/index.php\/2025\/05\/15\/policia-refuzoi-lejen-pd-e-vendosur-te-mbaje-protesten-ne-bulevardin-zogu-i-pare\/","title":{"rendered":"Policia refuzoi lejen, PD e vendosur t\u00eb mbaj\u00eb protest\u00ebn n\u00eb Bulevardin \u201cZogu i Par\u00eb\u201d","gt_translate_keys":[{"key":"rendered","format":"text"}]},"content":{"rendered":"<p><span style=\"color: #000000;\"><img loading=\"lazy\" decoding=\"async\" class=\"alignnone size-medium wp-image-741567\" src=\"https:\/\/www.hashtag.al\/wp-content\/uploads\/2025\/05\/pd-proteste-11-shkurt-1536x1023-1-300x200.jpg\" alt=\"\" width=\"300\" height=\"200\" srcset=\"https:\/\/www.hashtag.al\/wp-content\/uploads\/2025\/05\/pd-proteste-11-shkurt-1536x1023-1-300x200.jpg 300w, https:\/\/www.hashtag.al\/wp-content\/uploads\/2025\/05\/pd-proteste-11-shkurt-1536x1023-1-1024x682.jpg 1024w, https:\/\/www.hashtag.al\/wp-content\/uploads\/2025\/05\/pd-proteste-11-shkurt-1536x1023-1-768x512.jpg 768w, https:\/\/www.hashtag.al\/wp-content\/uploads\/2025\/05\/pd-proteste-11-shkurt-1536x1023-1.jpg 1536w\" sizes=\"auto, (max-width: 300px) 100vw, 300px\" \/><\/span><\/p>\n<p><span style=\"color: #000000;\">Pavar\u00ebsisht Samitit t\u00eb Komunitetit Politik Europian q\u00eb do t\u00eb zhvillohet t\u00eb premten e 16 majit n\u00eb Tiran\u00eb, Partia Demokratike \u00ebsht\u00eb e vendosur n\u00eb mbajtjen e protest\u00ebs gjat\u00eb k\u00ebsaj dite.<\/span><\/p>\n<p><span style=\"color: #000000;\">U p\u00ebrfol se mund t\u00eb kishte nj\u00eb spostim nga Bulevardi \u201cZogu i Par\u00eb\u201d n\u00eb nj\u00eb vend tjet\u00ebr, por nuk do t\u00eb ket\u00eb asnj\u00eb zhvendosje, teksa disa qindra metra m\u00eb larg n\u00eb sheshin \u201cSk\u00ebnderbej\u201d jan\u00eb n\u00eb aktivitet lider\u00ebt europian\u00eb.<\/span><\/p>\n<p><span style=\"color: #000000;\">Policia i refuzoi lejen p\u00ebr protest\u00eb te Zogu i Par\u00eb, madje u ndryshua edhe posteri, por PD \u00ebsht\u00eb e vendosur q\u00eb t\u2019i shkoj\u00eb deri n\u00eb fund ashtu si\u00e7 lajm\u00ebroi n\u00eb fillim.<\/span><\/p>\n<p><span style=\"color: #000000;\">Nes\u00ebr protesta do t\u00eb zhvillohet te Bulevardi Zogu i Par\u00eb, kryq\u00ebzimi me rrug\u00ebn Fortuzi, te Ministria e Drejt\u00ebsis\u00eb, ora 17:00. Ky \u00ebsht\u00eb njoftimi p\u00ebrfundimtar.<\/span><\/p>\n","protected":false,"gt_translate_keys":[{"key":"rendered","format":"html"}]},"excerpt":{"rendered":"<p>Pavar\u00ebsisht Samitit t\u00eb Komunitetit Politik Europian q\u00eb do t\u00eb zhvillohet t\u00eb premten e 16 majit n\u00eb Tiran\u00eb, Partia Demokratike \u00ebsht\u00eb e vendosur n\u00eb mbajtjen e protest\u00ebs gjat\u00eb k\u00ebsaj dite. U p\u00ebrfol se mund t\u00eb kishte nj\u00eb spostim nga Bulevardi \u201cZogu i Par\u00eb\u201d n\u00eb nj\u00eb vend tjet\u00ebr, por nuk do t\u00eb ket\u00eb asnj\u00eb zhvendosje, teksa disa [&hellip;]<\/p>\n","protected":false,"gt_translate_keys":[{"key":"rendered","format":"html"}]},"author":32,"featured_media":741567,"comment_status":"closed","ping_status":"open","sticky":false,"template":"","format":"standard","meta":{"footnotes":""},"categories":[65],"tags":[],"class_list":["post-741566","post","type-post","status-publish","format-standard","has-post-thumbnail","hentry","category-lajme"],"gt_translate_keys":[{"key":"link","format":"url"}],"_links":{"self":[{"href":"https:\/\/www.hashtag.al\/index.php\/wp-json\/wp\/v2\/posts\/741566","targetHints":{"allow":["GET"]}}],"collection":[{"href":"https:\/\/www.hashtag.al\/index.php\/wp-json\/wp\/v2\/posts"}],"about":[{"href":"https:\/\/www.hashtag.al\/index.php\/wp-json\/wp\/v2\/types\/post"}],"author":[{"embeddable":true,"href":"https:\/\/www.hashtag.al\/index.php\/wp-json\/wp\/v2\/users\/32"}],"replies":[{"embeddable":true,"href":"https:\/\/www.hashtag.al\/index.php\/wp-json\/wp\/v2\/comments?post=741566"}],"version-history":[{"count":99999,"href":"https:\/\/www.hashtag.al\/index.php\/wp-json\/wp\/v2\/posts\/741566\/revisions"}],"predecessor-version":[{"id":741571,"href":"https:\/\/www.hashtag.al\/index.php\/wp-json\/wp\/v2\/posts\/741566\/revisions\/741571"}],"wp:featuredmedia":[{"embeddable":true,"href":"https:\/\/www.hashtag.al\/index.php\/wp-json\/wp\/v2\/media\/741567"}],"wp:attachment":[{"href":"https:\/\/www.hashtag.al\/index.php\/wp-json\/wp\/v2\/media?parent=741566"}],"wp:term":[{"taxonomy":"category","embeddable":true,"href":"https:\/\/www.hashtag.al\/index.php\/wp-json\/wp\/v2\/categories?post=741566"},{"taxonomy":"post_tag","embeddable":true,"href":"https:\/\/www.hashtag.al\/index.php\/wp-json\/wp\/v2\/tags?post=741566"}],"curies":[{"name":"wp","href":"https:\/\/api.w.org\/{rel}","templated":true}]}}