{"id":741402,"date":"2025-05-14T18:10:46","date_gmt":"2025-05-14T16:10:46","guid":{"rendered":"https:\/\/www.hashtag.al\/?p=741402"},"modified":"2025-05-14T18:10:46","modified_gmt":"2025-05-14T16:10:46","slug":"tirane-durres-trafik-i-pazakonte-ne-dalje-te-kryeqytetit","status":"publish","type":"post","link":"https:\/\/www.hashtag.al\/index.php\/2025\/05\/14\/tirane-durres-trafik-i-pazakonte-ne-dalje-te-kryeqytetit\/","title":{"rendered":"Tiran\u00eb-Durr\u00ebs, trafik i pazakont\u00eb n\u00eb dalje t\u00eb kryeqytetit","gt_translate_keys":[{"key":"rendered","format":"text"}]},"content":{"rendered":"<p><img loading=\"lazy\" decoding=\"async\" class=\"alignnone size-medium wp-image-741403\" src=\"https:\/\/www.hashtag.al\/wp-content\/uploads\/2025\/05\/IMG_3152-300x159.jpeg\" alt=\"\" width=\"300\" height=\"159\" srcset=\"https:\/\/www.hashtag.al\/wp-content\/uploads\/2025\/05\/IMG_3152-300x159.jpeg 300w, https:\/\/www.hashtag.al\/wp-content\/uploads\/2025\/05\/IMG_3152-1024x544.jpeg 1024w, https:\/\/www.hashtag.al\/wp-content\/uploads\/2025\/05\/IMG_3152-768x408.jpeg 768w, https:\/\/www.hashtag.al\/wp-content\/uploads\/2025\/05\/IMG_3152.jpeg 1104w\" sizes=\"auto, (max-width: 300px) 100vw, 300px\" \/><br \/>\n<span style=\"color: #000000;\">Nj\u00eb trafik i r\u00ebnduar dhe jasht\u00eb normales \u00ebsht\u00eb regjistruar gjat\u00eb dit\u00ebs s\u00eb sotme n\u00eb dalje t\u00eb Tiran\u00ebs, duke sjell\u00eb v\u00ebshtir\u00ebsi t\u00eb shumta p\u00ebr drejtuesit e mjeteve. Situata m\u00eb problematike u sh\u00ebnua n\u00eb segmentin nga Qafa e Kasharit deri n\u00eb hyrje t\u00eb qytez\u00ebs s\u00eb Vor\u00ebs, ku l\u00ebvizja u ngadal\u00ebsua ndjesh\u00ebm p\u00ebr or\u00eb t\u00eb t\u00ebra.<\/span><\/p>\n<p><span style=\"color: #000000;\">Ende nuk ka nj\u00eb konfirmim zyrtar n\u00ebse ky bllokim lidhet me ndonj\u00eb nd\u00ebrhyrje apo punime n\u00eb autostrad\u00ebn Tiran\u00eb-Durr\u00ebs. Autoritetet nuk kan\u00eb dh\u00ebn\u00eb ende nj\u00eb reagim lidhur me shkaqet e k\u00ebtij trafiku t\u00eb pazakont\u00eb.<\/span><\/p>\n","protected":false,"gt_translate_keys":[{"key":"rendered","format":"html"}]},"excerpt":{"rendered":"<p>Nj\u00eb trafik i r\u00ebnduar dhe jasht\u00eb normales \u00ebsht\u00eb regjistruar gjat\u00eb dit\u00ebs s\u00eb sotme n\u00eb dalje t\u00eb Tiran\u00ebs, duke sjell\u00eb v\u00ebshtir\u00ebsi t\u00eb shumta p\u00ebr drejtuesit e mjeteve. Situata m\u00eb problematike u sh\u00ebnua n\u00eb segmentin nga Qafa e Kasharit deri n\u00eb hyrje t\u00eb qytez\u00ebs s\u00eb Vor\u00ebs, ku l\u00ebvizja u ngadal\u00ebsua ndjesh\u00ebm p\u00ebr or\u00eb t\u00eb t\u00ebra. Ende nuk [&hellip;]<\/p>\n","protected":false,"gt_translate_keys":[{"key":"rendered","format":"html"}]},"author":32,"featured_media":741403,"comment_status":"closed","ping_status":"open","sticky":false,"template":"","format":"standard","meta":{"footnotes":""},"categories":[65],"tags":[],"class_list":["post-741402","post","type-post","status-publish","format-standard","has-post-thumbnail","hentry","category-lajme"],"gt_translate_keys":[{"key":"link","format":"url"}],"_links":{"self":[{"href":"https:\/\/www.hashtag.al\/index.php\/wp-json\/wp\/v2\/posts\/741402","targetHints":{"allow":["GET"]}}],"collection":[{"href":"https:\/\/www.hashtag.al\/index.php\/wp-json\/wp\/v2\/posts"}],"about":[{"href":"https:\/\/www.hashtag.al\/index.php\/wp-json\/wp\/v2\/types\/post"}],"author":[{"embeddable":true,"href":"https:\/\/www.hashtag.al\/index.php\/wp-json\/wp\/v2\/users\/32"}],"replies":[{"embeddable":true,"href":"https:\/\/www.hashtag.al\/index.php\/wp-json\/wp\/v2\/comments?post=741402"}],"version-history":[{"count":99999,"href":"https:\/\/www.hashtag.al\/index.php\/wp-json\/wp\/v2\/posts\/741402\/revisions"}],"predecessor-version":[{"id":741404,"href":"https:\/\/www.hashtag.al\/index.php\/wp-json\/wp\/v2\/posts\/741402\/revisions\/741404"}],"wp:featuredmedia":[{"embeddable":true,"href":"https:\/\/www.hashtag.al\/index.php\/wp-json\/wp\/v2\/media\/741403"}],"wp:attachment":[{"href":"https:\/\/www.hashtag.al\/index.php\/wp-json\/wp\/v2\/media?parent=741402"}],"wp:term":[{"taxonomy":"category","embeddable":true,"href":"https:\/\/www.hashtag.al\/index.php\/wp-json\/wp\/v2\/categories?post=741402"},{"taxonomy":"post_tag","embeddable":true,"href":"https:\/\/www.hashtag.al\/index.php\/wp-json\/wp\/v2\/tags?post=741402"}],"curies":[{"name":"wp","href":"https:\/\/api.w.org\/{rel}","templated":true}]}}