{"id":741351,"date":"2025-05-14T14:52:33","date_gmt":"2025-05-14T12:52:33","guid":{"rendered":"https:\/\/www.hashtag.al\/?p=741351"},"modified":"2025-05-14T14:52:39","modified_gmt":"2025-05-14T12:52:39","slug":"vota-e-shqiptareve-u-plackit-zgjedhjet-e-grabitura-nuk-do-i-falen-kurre-narkodiktatorit-edi-rama-berisha","status":"publish","type":"post","link":"https:\/\/www.hashtag.al\/index.php\/2025\/05\/14\/vota-e-shqiptareve-u-plackit-zgjedhjet-e-grabitura-nuk-do-i-falen-kurre-narkodiktatorit-edi-rama-berisha\/","title":{"rendered":"\u201cVota e shqiptar\u00ebve u pla\u00e7kit, zgjedhjet e grabitura nuk do i falen kurr\u00eb narkodiktatorit Edi Rama\u201d &#8211; Berisha","gt_translate_keys":[{"key":"rendered","format":"text"}]},"content":{"rendered":"<p><a href=\"https:\/\/www.hashtag.al\/index.php\/2025\/05\/14\/vota-e-shqiptareve-u-plackit-zgjedhjet-e-grabitura-nuk-do-i-falen-kurre-narkodiktatorit-edi-rama-berisha\/sala3-5\/\" rel=\"attachment wp-att-741352\"><img loading=\"lazy\" decoding=\"async\" class=\"aligncenter size-full wp-image-741352\" src=\"https:\/\/www.hashtag.al\/wp-content\/uploads\/2025\/05\/sala3.png\" alt=\"\" width=\"1372\" height=\"710\" srcset=\"https:\/\/www.hashtag.al\/wp-content\/uploads\/2025\/05\/sala3.png 1372w, https:\/\/www.hashtag.al\/wp-content\/uploads\/2025\/05\/sala3-300x155.png 300w, https:\/\/www.hashtag.al\/wp-content\/uploads\/2025\/05\/sala3-1024x530.png 1024w, https:\/\/www.hashtag.al\/wp-content\/uploads\/2025\/05\/sala3-768x397.png 768w\" sizes=\"auto, (max-width: 1372px) 100vw, 1372px\" \/><\/a><\/p>\n<p><span style=\"color: #000000;\">Kryedemokrati Berisha tha se opozita e ka nisur dhe do e mbyll\u00eb me sukses betej\u00ebn p\u00ebr vot\u00ebn e lir\u00eb t\u00eb shqiptar\u00ebve. <\/span><\/p>\n<p><span style=\"color: #000000;\">N\u00eb konferenc\u00ebn p\u00ebr mediat nga selia blu, ai theksoi se nj\u00eb pjes\u00eb e provave p\u00ebr manipulimin e zgjedhjeve t\u00eb 11 majit jan\u00eb publike dhe jan\u00eb b\u00ebr\u00eb me vendime qeverie nd\u00ebrsa shtoi se disponon edhe prova t\u00eb tjera nga ato q\u00eb i quajti bota e n\u00ebndheshme e krimit.<\/span><\/p>\n<p><span style=\"color: #000000;\">\u201c<em>Do e b\u00ebjm\u00eb me sukses k\u00ebt\u00eb betej\u00eb, e kemi nisur dhe do e \u00e7ojm\u00eb deri n\u00eb fund. \u00cbsht\u00eb e v\u00ebrteta ajo q\u00eb na garanton suksesin. N\u00ebse flet p\u00ebr fitore n\u00eb 2025-\u00ebn b\u00ebhesh pal\u00eb me Edi Ram\u00ebn. Kjo nuk \u00ebsht\u00eb fitore, \u00ebsht\u00eb grabitje dhe nuk ka shqiptar q\u00eb nuk e pa. Kush nuk e pa shp\u00ebrndarjen nga 100 euro p\u00ebr pensionist nd\u00ebrkoh\u00eb q\u00eb ata jan\u00eb mbi 40 p\u00ebr qind e votuesve. Cili nuk e pa faljen e 200 milion\u00eb gjobave dy dit\u00eb para zgjedhjeve. Kush nuk i pa licencat p\u00ebr\u00a0 mbjellje kanabisi, kush nuk i pa Xhabaft\u00ebt n\u00eb Vor\u00eb, Poj\u00ebn n\u00eb Durr\u00ebs, Suel \u00c7el\u00ebn n\u00eb Elbasan, tjet\u00ebr n\u00eb Shkod\u00ebr. K\u00ebto jan\u00eb zgjedhje t\u00eb grabitura, t\u00eb pla\u00e7kitura. I kemi pa edhe n\u00eb vitin 2001 k\u00ebto urime. Deklaratat jan\u00eb paraprake, jemi opozit\u00eb q\u00eb kemi faktuar. N\u00eb Senat dhe Kongres, n\u00eb Parlamentin Evropian, n\u00eb ODIHR, pran\u00eb qeverive t\u00eb vendeve t\u00eb lira. E drejta e k\u00ebtij populli p\u00ebr vot\u00ebn e lir\u00eb do mbrohet. PD n\u00eb emergjenc\u00eb duhet t\u00eb p\u00ebrcaktoj\u00eb rrug\u00ebn e mbrojtjes s\u00eb vot\u00ebs s\u00eb shqiptar\u00ebve. Zgjedhjet e grabitura nuk i falen kurr\u00eb narkodiktatorit Edi Rama. K\u00ebsaj here, gj\u00ebrat jan\u00eb jan\u00eb publike, i b\u00ebri me vendime qeverie Edi Rama, nuk po merremi me ato t\u00eb n\u00ebndheshme. Kjo \u00ebsht\u00eb luft\u00eb e v\u00ebrtet\u00eb p\u00ebr vler\u00ebn m\u00eb themelore t\u00eb liris\u00eb q\u00eb \u00ebsht\u00eb vota e lir\u00eb.\u201d<\/em> &#8211; tha Berisha.<\/span><\/p>\n","protected":false,"gt_translate_keys":[{"key":"rendered","format":"html"}]},"excerpt":{"rendered":"<p>Kryedemokrati Berisha tha se opozita e ka nisur dhe do e mbyll\u00eb me sukses betej\u00ebn p\u00ebr vot\u00ebn e lir\u00eb t\u00eb shqiptar\u00ebve. N\u00eb konferenc\u00ebn p\u00ebr mediat nga selia blu, ai theksoi se nj\u00eb pjes\u00eb e provave p\u00ebr manipulimin e zgjedhjeve t\u00eb 11 majit jan\u00eb publike dhe jan\u00eb b\u00ebr\u00eb me vendime qeverie nd\u00ebrsa shtoi se disponon edhe [&hellip;]<\/p>\n","protected":false,"gt_translate_keys":[{"key":"rendered","format":"html"}]},"author":51,"featured_media":741352,"comment_status":"closed","ping_status":"open","sticky":false,"template":"","format":"standard","meta":{"footnotes":""},"categories":[65],"tags":[],"class_list":["post-741351","post","type-post","status-publish","format-standard","has-post-thumbnail","hentry","category-lajme"],"gt_translate_keys":[{"key":"link","format":"url"}],"_links":{"self":[{"href":"https:\/\/www.hashtag.al\/index.php\/wp-json\/wp\/v2\/posts\/741351","targetHints":{"allow":["GET"]}}],"collection":[{"href":"https:\/\/www.hashtag.al\/index.php\/wp-json\/wp\/v2\/posts"}],"about":[{"href":"https:\/\/www.hashtag.al\/index.php\/wp-json\/wp\/v2\/types\/post"}],"author":[{"embeddable":true,"href":"https:\/\/www.hashtag.al\/index.php\/wp-json\/wp\/v2\/users\/51"}],"replies":[{"embeddable":true,"href":"https:\/\/www.hashtag.al\/index.php\/wp-json\/wp\/v2\/comments?post=741351"}],"version-history":[{"count":99999,"href":"https:\/\/www.hashtag.al\/index.php\/wp-json\/wp\/v2\/posts\/741351\/revisions"}],"predecessor-version":[{"id":741354,"href":"https:\/\/www.hashtag.al\/index.php\/wp-json\/wp\/v2\/posts\/741351\/revisions\/741354"}],"wp:featuredmedia":[{"embeddable":true,"href":"https:\/\/www.hashtag.al\/index.php\/wp-json\/wp\/v2\/media\/741352"}],"wp:attachment":[{"href":"https:\/\/www.hashtag.al\/index.php\/wp-json\/wp\/v2\/media?parent=741351"}],"wp:term":[{"taxonomy":"category","embeddable":true,"href":"https:\/\/www.hashtag.al\/index.php\/wp-json\/wp\/v2\/categories?post=741351"},{"taxonomy":"post_tag","embeddable":true,"href":"https:\/\/www.hashtag.al\/index.php\/wp-json\/wp\/v2\/tags?post=741351"}],"curies":[{"name":"wp","href":"https:\/\/api.w.org\/{rel}","templated":true}]}}