{"id":741262,"date":"2025-05-14T12:02:31","date_gmt":"2025-05-14T10:02:31","guid":{"rendered":"https:\/\/www.hashtag.al\/?p=741262"},"modified":"2025-05-14T12:02:31","modified_gmt":"2025-05-14T10:02:31","slug":"emigrimi-masiv-shqiptaret-jane-kombesia-me-e-madhe-ne-be-ne-raport-me-popullsine","status":"publish","type":"post","link":"https:\/\/www.hashtag.al\/index.php\/2025\/05\/14\/emigrimi-masiv-shqiptaret-jane-kombesia-me-e-madhe-ne-be-ne-raport-me-popullsine\/","title":{"rendered":"Emigrimi masiv, Shqiptar\u00ebt jan\u00eb komb\u00ebsia m\u00eb e madhe n\u00eb BE, n\u00eb raport me popullsin\u00eb","gt_translate_keys":[{"key":"rendered","format":"text"}]},"content":{"rendered":"<p><span style=\"color: #000000;\"><img loading=\"lazy\" decoding=\"async\" class=\"aligncenter size-full wp-image-741263\" src=\"https:\/\/www.hashtag.al\/wp-content\/uploads\/2025\/05\/emigrim-new-1-690x403-1.jpg\" alt=\"\" width=\"690\" height=\"403\" srcset=\"https:\/\/www.hashtag.al\/wp-content\/uploads\/2025\/05\/emigrim-new-1-690x403-1.jpg 690w, https:\/\/www.hashtag.al\/wp-content\/uploads\/2025\/05\/emigrim-new-1-690x403-1-300x175.jpg 300w, https:\/\/www.hashtag.al\/wp-content\/uploads\/2025\/05\/emigrim-new-1-690x403-1-250x145.jpg 250w\" sizes=\"auto, (max-width: 690px) 100vw, 690px\" \/><\/span><\/p>\n<p><span style=\"color: #000000;\">N\u00eb fillim t\u00eb vitit 2023, n\u00eb Bashkimin Europian (BE) jetonin 27.4 milion\u00eb persona q\u00eb nuk ishin qytetar\u00eb t\u00eb Bashkimit Europian, sipas t\u00eb dh\u00ebnave t\u00eb Eurostat. K\u00ebta p\u00ebrb\u00ebnin 6.1% t\u00eb popullsis\u00eb s\u00eb BE-s\u00eb.<\/span><\/p>\n<p><span style=\"color: #000000;\">N\u00eb vitin 2023, u regjistruan 25 shtet\u00ebsi jo-BE \u2013 q\u00eb secila p\u00ebrb\u00ebnte t\u00eb pakt\u00ebn 1,0 % t\u00eb gjith\u00eb rezident\u00ebve jo-BE n\u00eb Bashkimin Europian; s\u00eb bashku, k\u00ebto grupe p\u00ebrfaq\u00ebsonin 74,7 % t\u00eb totalit.<\/span><\/p>\n<p><span style=\"color: #000000;\">Komunitetet m\u00eb t\u00eb m\u00ebdha q\u00eb jetonin n\u00eb BE pa pasur shtet\u00ebsi t\u00eb nj\u00eb vendi an\u00ebtar ishin shtetasit ukrainas (11,9 %), turq (7,7 %), maroken\u00eb (7,1 %) dhe sirian\u00eb (5,3 %). Nd\u00ebrkoh\u00eb, shtetasit kinez\u00eb (p\u00ebrfshir\u00eb Hong-Kongun) dhe rus\u00ebt zinin p\u00ebrkat\u00ebsisht 3,9 % dhe 3,3 % t\u00eb numrit t\u00eb p\u00ebrgjithsh\u00ebm.<\/span><\/p>\n<p><span style=\"color: #000000;\">Shqiptar\u00ebt renditen n\u00eb vendin e n\u00ebnt\u00eb me rreth 2.3% t\u00eb totalit t\u00eb t\u00eb huajve q\u00eb jetojn\u00eb n\u00eb BE, pas Indis\u00eb (3.2%) dhe Mbret\u00ebris\u00eb s\u00eb Bashkuar (2.6%).<\/span><\/p>\n<p><span style=\"color: #000000;\"><strong>Shqip\u00ebria, e para n\u00eb raport me popullsin\u00eb p\u00ebrkat\u00ebse<\/strong><\/span><\/p>\n<p><span style=\"color: #000000;\">N\u00eb vendet e BE-s\u00eb jetojn\u00eb rreth 3.2 milion\u00eb ukrainas, dhe 2.1 milion\u00eb turq, sipas t\u00eb dh\u00ebnave t\u00eb Eurostat, duke u renditur t\u00eb par\u00ebt n\u00eb num\u00ebr.<\/span><\/p>\n<p><span style=\"color: #000000;\">Por emigrant\u00ebt nga t\u00eb dy k\u00ebto shtete vijn\u00eb nga vende me popullsi t\u00eb m\u00ebdha, ku Turqia ka 87 mln banor\u00eb dhe Ukraina 39 milion\u00eb banor\u00eb, duke b\u00ebr\u00eb q\u00eb emigrant\u00ebt n\u00eb raport me popullsit\u00eb e tyre p\u00ebrkat\u00ebse te jen\u00eb vet\u00ebm 2.4% dhe 8.4%..<\/span><\/p>\n<p><span style=\"color: #000000;\">N\u00eb BE, sipas Eurostat jetojn\u00eb rreth 630 mij\u00eb shqiptare (t\u00eb dh\u00ebnat nuk p\u00ebrfshijn\u00eb Greqin\u00eb). Kjo \u00ebsht\u00eb e barabart\u00eb me 26% t\u00eb popullsis\u00eb q\u00eb jeton n\u00eb Shqip\u00ebri, duke na renditur t\u00eb par\u00ebt n\u00eb BE, n\u00eb raport me popullsin\u00eb, sipas t\u00eb dh\u00ebnave t\u00eb p\u00ebrpunuara nga Monitor. N\u00ebse shtohen dhe ata q\u00eb jetojn\u00eb n\u00eb Greqi, q\u00eb jan\u00eb t\u00eb pakt\u00ebn 400 mij\u00eb persona, shifra e kalon 40%.<\/span><\/p>\n<p><span style=\"color: #000000;\">N\u00eb nivele t\u00eb larta \u00ebsht\u00eb dhe Kosova, q\u00eb renditet e dyta p\u00ebr shtetasit q\u00eb jetojn\u00eb n\u00eb BE, n\u00eb raport me popullsin\u00eb p\u00ebrkat\u00ebse, me 25.7%.<\/span><br \/>\n<span style=\"color: #000000;\">Ballkani Per\u00ebndimor vijon kryesimin, me Maqedonin\u00eb e Veriut me 19.6% dhe Bosnj\u00eb e Hercegovin\u00ebn me 17.3%.<\/span><\/p>\n<p><span style=\"color: #000000;\"><strong>Lejet e q\u00ebndrimit, 73 mij\u00eb vet\u00ebm n\u00eb 2023<\/strong><\/span><\/p>\n<p><span style=\"color: #000000;\">T\u00eb dh\u00ebna t\u00eb tjera t\u00eb Eurostat b\u00ebn\u00eb t\u00eb ditur se n\u00eb vitin 2023 u dhan\u00eb rreth 75 mij\u00eb leje q\u00ebndrimi p\u00ebr shtetasit shqiptar\u00eb nga vendet e BE-s\u00eb.<\/span><\/p>\n<p><span style=\"color: #000000;\">N\u00eb 2022-2023 jan\u00eb dh\u00ebn\u00eb gjithsej 154 mij\u00eb leje q\u00ebndrimi p\u00ebr her\u00eb t\u00eb par\u00eb.<\/span><\/p>\n<p><span style=\"color: #000000;\">Q\u00eb nga viti 2008, kur Eurostat raporton t\u00eb dh\u00ebnat kan\u00eb marr\u00eb leje q\u00ebndrimi p\u00ebr her\u00eb t\u00eb par\u00eb rreth 920 mij\u00eb shtetas shqiptar\u00eb.<\/span><\/p>\n<p><span style=\"color: #000000;\">Ikja n\u00eb vendet e BE-s\u00eb \u00ebsht\u00eb nj\u00eb nga arsyet kryesore e r\u00ebnies s\u00eb ndjeshme t\u00eb popullsis\u00eb. INSTAT gjeti n\u00eb Censin e fundit se popullsia e vendit \u00ebsht\u00eb reduktuar me 420 mij\u00eb persona n\u00eb raport me Censin e m\u00ebparsh\u00ebm t\u00eb 2011. N\u00eb vend, sipas INSTAT tashm\u00eb jetojn\u00eb vet\u00ebm 2.4 milion\u00eb persona.<a href=\"https:\/\/monitor.al\/emigrimi-masiv-shqiptaret-jane-kombesia-me-e-madhe-ne-be-ne-raport-me-popullsine\/\"><span style=\"color: #0000ff;\"><strong>\/Monitor<\/strong><\/span><\/a><\/span><\/p>\n","protected":false,"gt_translate_keys":[{"key":"rendered","format":"html"}]},"excerpt":{"rendered":"<p>N\u00eb fillim t\u00eb vitit 2023, n\u00eb Bashkimin Europian (BE) jetonin 27.4 milion\u00eb persona q\u00eb nuk ishin qytetar\u00eb t\u00eb Bashkimit Europian, sipas t\u00eb dh\u00ebnave t\u00eb Eurostat. K\u00ebta p\u00ebrb\u00ebnin 6.1% t\u00eb popullsis\u00eb s\u00eb BE-s\u00eb. N\u00eb vitin 2023, u regjistruan 25 shtet\u00ebsi jo-BE \u2013 q\u00eb secila p\u00ebrb\u00ebnte t\u00eb pakt\u00ebn 1,0 % t\u00eb gjith\u00eb rezident\u00ebve jo-BE n\u00eb Bashkimin Europian; [&hellip;]<\/p>\n","protected":false,"gt_translate_keys":[{"key":"rendered","format":"html"}]},"author":49,"featured_media":741263,"comment_status":"closed","ping_status":"open","sticky":false,"template":"","format":"standard","meta":{"footnotes":""},"categories":[65],"tags":[],"class_list":["post-741262","post","type-post","status-publish","format-standard","has-post-thumbnail","hentry","category-lajme"],"gt_translate_keys":[{"key":"link","format":"url"}],"_links":{"self":[{"href":"https:\/\/www.hashtag.al\/index.php\/wp-json\/wp\/v2\/posts\/741262","targetHints":{"allow":["GET"]}}],"collection":[{"href":"https:\/\/www.hashtag.al\/index.php\/wp-json\/wp\/v2\/posts"}],"about":[{"href":"https:\/\/www.hashtag.al\/index.php\/wp-json\/wp\/v2\/types\/post"}],"author":[{"embeddable":true,"href":"https:\/\/www.hashtag.al\/index.php\/wp-json\/wp\/v2\/users\/49"}],"replies":[{"embeddable":true,"href":"https:\/\/www.hashtag.al\/index.php\/wp-json\/wp\/v2\/comments?post=741262"}],"version-history":[{"count":99999,"href":"https:\/\/www.hashtag.al\/index.php\/wp-json\/wp\/v2\/posts\/741262\/revisions"}],"predecessor-version":[{"id":741264,"href":"https:\/\/www.hashtag.al\/index.php\/wp-json\/wp\/v2\/posts\/741262\/revisions\/741264"}],"wp:featuredmedia":[{"embeddable":true,"href":"https:\/\/www.hashtag.al\/index.php\/wp-json\/wp\/v2\/media\/741263"}],"wp:attachment":[{"href":"https:\/\/www.hashtag.al\/index.php\/wp-json\/wp\/v2\/media?parent=741262"}],"wp:term":[{"taxonomy":"category","embeddable":true,"href":"https:\/\/www.hashtag.al\/index.php\/wp-json\/wp\/v2\/categories?post=741262"},{"taxonomy":"post_tag","embeddable":true,"href":"https:\/\/www.hashtag.al\/index.php\/wp-json\/wp\/v2\/tags?post=741262"}],"curies":[{"name":"wp","href":"https:\/\/api.w.org\/{rel}","templated":true}]}}