{"id":740549,"date":"2025-05-10T18:24:11","date_gmt":"2025-05-10T16:24:11","guid":{"rendered":"https:\/\/www.hashtag.al\/?p=740549"},"modified":"2025-05-10T18:24:11","modified_gmt":"2025-05-10T16:24:11","slug":"celibashi-rezultatet-e-para-te-zgjedhjeve-pritet-te-dalin-pasditen-e-se-martes","status":"publish","type":"post","link":"https:\/\/www.hashtag.al\/index.php\/2025\/05\/10\/celibashi-rezultatet-e-para-te-zgjedhjeve-pritet-te-dalin-pasditen-e-se-martes\/","title":{"rendered":"Celibashi: Rezultatet e para t\u00eb zgjedhjeve pritet t\u00eb dalin pasditen e s\u00eb mart\u00ebs","gt_translate_keys":[{"key":"rendered","format":"text"}]},"content":{"rendered":"<p class=\"\" data-start=\"173\" data-end=\"524\"><span style=\"color: #000000;\"><img decoding=\"async\" src=\"https:\/\/www.hashtag.al\/wp-content\/uploads\/2025\/01\/celibashi.png\" \/><\/span><\/p>\n<p class=\"\" data-start=\"173\" data-end=\"524\"><span style=\"color: #000000;\">Kreu i Komisionit Qendror t\u00eb Zgjedhjeve, Ilirjan Celibashi, deklaroi se rezultatet e para t\u00eb zgjedhjeve pritet t\u00eb b\u00ebhen publike pasditen e s\u00eb mart\u00ebs, nj\u00eb dit\u00eb pas votimit. N\u00eb nj\u00eb intervist\u00eb p\u00ebr emisionin \u201cKjo Jav\u00eb\u201d n\u00eb News24 me gazetaren Nisida Tufa, Celibashi shprehu pritshm\u00ebrin\u00eb q\u00eb ky proces t\u00eb jet\u00eb m\u00eb i shpejt\u00eb krahasuar me zgjedhjet e m\u00ebparshme.<\/span><\/p>\n<p class=\"\" data-start=\"526\" data-end=\"739\"><em><span style=\"color: #000000;\">\u201cDo t\u00eb ishte shum\u00eb pozitive n\u00ebse rezultatet do t\u00eb shpallen m\u00eb her\u00ebt se n\u00eb zgjedhjet e viteve 2021 dhe 2023,\u201d <\/span><\/em><span style=\"color: #000000;\">tha Celibashi.<\/span><em><span style=\"color: #000000;\"> \u201cBesoj se deri t\u00eb mart\u00ebn pasdite do t\u00eb kemi t\u00eb dh\u00ebna t\u00eb plota p\u00ebr votimin brenda vendit.\u201d<\/span><\/em><\/p>\n<p class=\"\" data-start=\"741\" data-end=\"931\"><span style=\"color: #000000;\"><em>Ai shtoi se aktualisht po punohet p\u00ebr t\u00eb p\u00ebrmir\u00ebsuar aspektet organizative dhe infrastrukturore, me q\u00ebl<\/em>lim q\u00eb edhe rezultatet e votimit nga jasht\u00eb vendit t\u00eb b\u00ebhen publike brenda k\u00ebtij afati.<\/span><\/p>\n<p class=\"\" data-start=\"933\" data-end=\"1116\"><em><span style=\"color: #000000;\">\u201cEnde nuk e dim\u00eb se sa do ndikoj\u00eb num\u00ebrimi i votave nga diaspora n\u00eb ritmin e p\u00ebrgjithsh\u00ebm, por jemi t\u00eb p\u00ebrqendruar q\u00eb \u00e7do gj\u00eb t\u00eb jet\u00eb brenda kufijve t\u00eb parashikuar nga ligji,\u201d <\/span><\/em><span style=\"color: #000000;\">tha ai.<\/span><\/p>\n","protected":false,"gt_translate_keys":[{"key":"rendered","format":"html"}]},"excerpt":{"rendered":"<p>Kreu i Komisionit Qendror t\u00eb Zgjedhjeve, Ilirjan Celibashi, deklaroi se rezultatet e para t\u00eb zgjedhjeve pritet t\u00eb b\u00ebhen publike pasditen e s\u00eb mart\u00ebs, nj\u00eb dit\u00eb pas votimit. N\u00eb nj\u00eb intervist\u00eb p\u00ebr emisionin \u201cKjo Jav\u00eb\u201d n\u00eb News24 me gazetaren Nisida Tufa, Celibashi shprehu pritshm\u00ebrin\u00eb q\u00eb ky proces t\u00eb jet\u00eb m\u00eb i shpejt\u00eb krahasuar me zgjedhjet e [&hellip;]<\/p>\n","protected":false,"gt_translate_keys":[{"key":"rendered","format":"html"}]},"author":32,"featured_media":718415,"comment_status":"closed","ping_status":"open","sticky":false,"template":"","format":"standard","meta":{"footnotes":""},"categories":[65],"tags":[],"class_list":["post-740549","post","type-post","status-publish","format-standard","has-post-thumbnail","hentry","category-lajme"],"gt_translate_keys":[{"key":"link","format":"url"}],"_links":{"self":[{"href":"https:\/\/www.hashtag.al\/index.php\/wp-json\/wp\/v2\/posts\/740549","targetHints":{"allow":["GET"]}}],"collection":[{"href":"https:\/\/www.hashtag.al\/index.php\/wp-json\/wp\/v2\/posts"}],"about":[{"href":"https:\/\/www.hashtag.al\/index.php\/wp-json\/wp\/v2\/types\/post"}],"author":[{"embeddable":true,"href":"https:\/\/www.hashtag.al\/index.php\/wp-json\/wp\/v2\/users\/32"}],"replies":[{"embeddable":true,"href":"https:\/\/www.hashtag.al\/index.php\/wp-json\/wp\/v2\/comments?post=740549"}],"version-history":[{"count":99999,"href":"https:\/\/www.hashtag.al\/index.php\/wp-json\/wp\/v2\/posts\/740549\/revisions"}],"predecessor-version":[{"id":740550,"href":"https:\/\/www.hashtag.al\/index.php\/wp-json\/wp\/v2\/posts\/740549\/revisions\/740550"}],"wp:featuredmedia":[{"embeddable":true,"href":"https:\/\/www.hashtag.al\/index.php\/wp-json\/wp\/v2\/media\/718415"}],"wp:attachment":[{"href":"https:\/\/www.hashtag.al\/index.php\/wp-json\/wp\/v2\/media?parent=740549"}],"wp:term":[{"taxonomy":"category","embeddable":true,"href":"https:\/\/www.hashtag.al\/index.php\/wp-json\/wp\/v2\/categories?post=740549"},{"taxonomy":"post_tag","embeddable":true,"href":"https:\/\/www.hashtag.al\/index.php\/wp-json\/wp\/v2\/tags?post=740549"}],"curies":[{"name":"wp","href":"https:\/\/api.w.org\/{rel}","templated":true}]}}