{"id":740421,"date":"2025-05-09T20:47:20","date_gmt":"2025-05-09T18:47:20","guid":{"rendered":"https:\/\/www.hashtag.al\/?p=740421"},"modified":"2025-05-09T20:47:20","modified_gmt":"2025-05-09T18:47:20","slug":"rama-mbyll-fushaten-ne-diten-e-europes-te-firmosim-ne-kuti-marreveshjen-per-shqiperine-ne-be","status":"publish","type":"post","link":"https:\/\/www.hashtag.al\/index.php\/2025\/05\/09\/rama-mbyll-fushaten-ne-diten-e-europes-te-firmosim-ne-kuti-marreveshjen-per-shqiperine-ne-be\/","title":{"rendered":"Rama mbyll fushat\u00ebn n\u00eb Dit\u00ebn e Europ\u00ebs: T\u00eb firmosim n\u00eb kuti marr\u00ebveshjen p\u00ebr Shqip\u00ebrin\u00eb n\u00eb BE","gt_translate_keys":[{"key":"rendered","format":"text"}]},"content":{"rendered":"<p><span style=\"color: #000000;\"><img loading=\"lazy\" decoding=\"async\" class=\"alignnone size-medium wp-image-740425\" src=\"https:\/\/www.hashtag.al\/wp-content\/uploads\/2025\/05\/Screenshot-2025-05-09-204507-300x204.png\" alt=\"\" width=\"300\" height=\"204\" srcset=\"https:\/\/www.hashtag.al\/wp-content\/uploads\/2025\/05\/Screenshot-2025-05-09-204507-300x204.png 300w, https:\/\/www.hashtag.al\/wp-content\/uploads\/2025\/05\/Screenshot-2025-05-09-204507.png 526w\" sizes=\"auto, (max-width: 300px) 100vw, 300px\" \/><\/span><\/p>\n<p><span style=\"color: #000000;\">Kryeministri Edi Rama ka p\u00ebrmbyllur fushat\u00ebn elektorale me nj\u00eb fjalim simbolik n\u00eb Dit\u00ebn e Europ\u00ebs, m\u00eb 9 maj, duke e lidhur k\u00ebt\u00eb dat\u00eb me aspirat\u00ebn europiane t\u00eb Shqip\u00ebris\u00eb.<\/span><\/p>\n<p><span style=\"color: #000000;\">Nga mitingu p\u00ebrmbyll\u00ebs n\u00eb Tiran\u00eb, Rama tha se kjo dit\u00eb nuk \u00ebsht\u00eb nj\u00eb rast\u00ebsi, por nj\u00eb moment dometh\u00ebn\u00ebs p\u00ebr rrug\u00ebtimin e vendit drejt Bashkimit Europian.<\/span><\/p>\n<p><span style=\"color: #000000;\"><em>\u201cJu jam mir\u00ebnjoh\u00ebs p\u00ebr pranin\u00eb tuaj n\u00eb k\u00ebt\u00eb fush\u00eb. U rikthyem k\u00ebtu e gjith\u00eb skuadra e Tiran\u00ebs son\u00eb, jo thjesht p\u00ebr t\u00eb p\u00ebrmbyllur nj\u00eb tjet\u00ebr betej\u00eb zgjedhore, por n\u00eb kulmin e nj\u00eb rruge kat\u00ebrvje\u00e7are drejt maj\u00ebs ku ndodhet Shqip\u00ebria e Bashkuar me Europ\u00ebn,\u201d<\/em> \u2013 u shpreh kreu i qeveris\u00eb.<\/span><\/p>\n<p><span style=\"color: #000000;\">Rama n\u00ebnvizoi se dita e 9 majit, e njohur si Dita e Europ\u00ebs, \u00ebsht\u00eb simbol i angazhimit t\u00eb Shqip\u00ebris\u00eb p\u00ebr integrim dhe p\u00ebrfaq\u00ebson m\u00eb s\u00eb miri frym\u00ebn e k\u00ebsaj fushate.<\/span><\/p>\n<p><span style=\"color: #000000;\"><em>\u201cNuk besoj se \u00ebsht\u00eb rast\u00ebsi q\u00eb jemi k\u00ebtu m\u00eb 9 maj p\u00ebr t\u00eb th\u00ebn\u00eb fjal\u00ebn e fundit t\u00eb k\u00ebtij rrug\u00ebtimi, p\u00ebrpara se t\u00eb shkojm\u00eb t\u00eb gjith\u00eb bashk\u00eb n\u00eb kutit\u00eb e votimit p\u00ebr t\u00eb firmosur marr\u00ebveshjen ton\u00eb t\u00eb madhe p\u00ebr Shqip\u00ebrin\u00eb n\u00eb Bashkimin Europian,\u201d<\/em> \u2013 tha Rama para mb\u00ebshtet\u00ebsve.<\/span><\/p>\n","protected":false,"gt_translate_keys":[{"key":"rendered","format":"html"}]},"excerpt":{"rendered":"<p>Kryeministri Edi Rama ka p\u00ebrmbyllur fushat\u00ebn elektorale me nj\u00eb fjalim simbolik n\u00eb Dit\u00ebn e Europ\u00ebs, m\u00eb 9 maj, duke e lidhur k\u00ebt\u00eb dat\u00eb me aspirat\u00ebn europiane t\u00eb Shqip\u00ebris\u00eb. Nga mitingu p\u00ebrmbyll\u00ebs n\u00eb Tiran\u00eb, Rama tha se kjo dit\u00eb nuk \u00ebsht\u00eb nj\u00eb rast\u00ebsi, por nj\u00eb moment dometh\u00ebn\u00ebs p\u00ebr rrug\u00ebtimin e vendit drejt Bashkimit Europian. \u201cJu jam [&hellip;]<\/p>\n","protected":false,"gt_translate_keys":[{"key":"rendered","format":"html"}]},"author":32,"featured_media":740425,"comment_status":"closed","ping_status":"open","sticky":false,"template":"","format":"standard","meta":{"footnotes":""},"categories":[65],"tags":[],"class_list":["post-740421","post","type-post","status-publish","format-standard","has-post-thumbnail","hentry","category-lajme"],"gt_translate_keys":[{"key":"link","format":"url"}],"_links":{"self":[{"href":"https:\/\/www.hashtag.al\/index.php\/wp-json\/wp\/v2\/posts\/740421","targetHints":{"allow":["GET"]}}],"collection":[{"href":"https:\/\/www.hashtag.al\/index.php\/wp-json\/wp\/v2\/posts"}],"about":[{"href":"https:\/\/www.hashtag.al\/index.php\/wp-json\/wp\/v2\/types\/post"}],"author":[{"embeddable":true,"href":"https:\/\/www.hashtag.al\/index.php\/wp-json\/wp\/v2\/users\/32"}],"replies":[{"embeddable":true,"href":"https:\/\/www.hashtag.al\/index.php\/wp-json\/wp\/v2\/comments?post=740421"}],"version-history":[{"count":99999,"href":"https:\/\/www.hashtag.al\/index.php\/wp-json\/wp\/v2\/posts\/740421\/revisions"}],"predecessor-version":[{"id":740427,"href":"https:\/\/www.hashtag.al\/index.php\/wp-json\/wp\/v2\/posts\/740421\/revisions\/740427"}],"wp:featuredmedia":[{"embeddable":true,"href":"https:\/\/www.hashtag.al\/index.php\/wp-json\/wp\/v2\/media\/740425"}],"wp:attachment":[{"href":"https:\/\/www.hashtag.al\/index.php\/wp-json\/wp\/v2\/media?parent=740421"}],"wp:term":[{"taxonomy":"category","embeddable":true,"href":"https:\/\/www.hashtag.al\/index.php\/wp-json\/wp\/v2\/categories?post=740421"},{"taxonomy":"post_tag","embeddable":true,"href":"https:\/\/www.hashtag.al\/index.php\/wp-json\/wp\/v2\/tags?post=740421"}],"curies":[{"name":"wp","href":"https:\/\/api.w.org\/{rel}","templated":true}]}}