{"id":740268,"date":"2025-05-09T10:39:44","date_gmt":"2025-05-09T08:39:44","guid":{"rendered":"https:\/\/www.hashtag.al\/?p=740268"},"modified":"2025-05-09T10:39:44","modified_gmt":"2025-05-09T08:39:44","slug":"giro-ditalia-mberrin-ne-tirane-policia-ne-oren-1300-fillon-bllokimi-i-akseve-rrugore","status":"publish","type":"post","link":"https:\/\/www.hashtag.al\/index.php\/2025\/05\/09\/giro-ditalia-mberrin-ne-tirane-policia-ne-oren-1300-fillon-bllokimi-i-akseve-rrugore\/","title":{"rendered":"\u201cGiro d\u2019Italia\u201d mb\u00ebrrin n\u00eb Tiran\u00eb, policia: N\u00eb or\u00ebn 13:00, fillon bllokimi i akseve rrugore","gt_translate_keys":[{"key":"rendered","format":"text"}]},"content":{"rendered":"<p data-start=\"152\" data-end=\"390\"><span style=\"color: #000000;\"><img loading=\"lazy\" decoding=\"async\" class=\"aligncenter size-full wp-image-739839\" src=\"https:\/\/www.hashtag.al\/wp-content\/uploads\/2025\/05\/Giro-DItalia1-600x299-1.jpg\" alt=\"\" width=\"600\" height=\"299\" srcset=\"https:\/\/www.hashtag.al\/wp-content\/uploads\/2025\/05\/Giro-DItalia1-600x299-1.jpg 600w, https:\/\/www.hashtag.al\/wp-content\/uploads\/2025\/05\/Giro-DItalia1-600x299-1-300x150.jpg 300w\" sizes=\"auto, (max-width: 600px) 100vw, 600px\" \/>Gara nd\u00ebrkomb\u00ebtare e \u00e7iklizmit \u201cGiro d\u2019Italia\u201d ka mb\u00ebrritur n\u00eb Tiran\u00eb, ku p\u00ebr dy dit\u00eb me radh\u00eb kryeqyteti do t\u00eb pres\u00eb nj\u00eb nga aktivitetet m\u00eb t\u00eb r\u00ebnd\u00ebsishme sportive n\u00eb Europ\u00eb, duke vendosur Shqip\u00ebrin\u00eb n\u00eb qend\u00ebr t\u00eb v\u00ebmendjes nd\u00ebrkomb\u00ebtare.<\/span><\/p>\n<p data-start=\"392\" data-end=\"664\"><span style=\"color: #000000;\">Drejtoria Vendore e Policis\u00eb s\u00eb Tiran\u00ebs ka marr\u00eb masa t\u00eb posa\u00e7me p\u00ebr garantimin e mbar\u00ebvajtjes s\u00eb gar\u00ebs dhe sigurin\u00eb publike. Sh\u00ebrbimet e Policis\u00eb Rrugore dhe komisariateve t\u00eb kryeqytetit jan\u00eb angazhuar p\u00ebr monitorimin e itinerarit t\u00eb gar\u00ebs dhe asistenc\u00ebn ndaj qytetar\u00ebve.<\/span><\/p>\n<p data-start=\"666\" data-end=\"828\"><span style=\"color: #000000;\">M\u00ebngjesin e sot\u00ebm, punonj\u00ebsit e Policis\u00eb kan\u00eb marr\u00eb instruksione t\u00eb qarta p\u00ebr p\u00ebrmbushjen e detyrave funksionale, p\u00ebr mbajtjen e rendit dhe orientimin e trafikut.<\/span><\/p>\n<p><span style=\"color: #000000;\"><strong>Njoftimi i policis\u00eb:<\/strong><\/span><\/p>\n<p><span style=\"color: #000000;\">Punonj\u00ebsit e Policis\u00eb, instruktazh t\u00eb ve\u00e7ant\u00eb, p\u00ebr p\u00ebrmbushjen e detyrave funksionale, t\u00eb caktuara p\u00ebr mbar\u00ebvajtjen e gar\u00ebs \u201cGiro d\u2019Italia\u201d.<\/span><\/p>\n<p><span style=\"color: #000000;\">Sh\u00ebrbimet e Policis\u00eb Rrugore t\u00eb Tiran\u00ebs dhe sh\u00ebrbimet e komisariateve n\u00eb var\u00ebsi t\u00eb DVP Tiran\u00eb kan\u00eb nd\u00ebrmarr\u00eb t\u00eb gjitha masat e nevojshme p\u00ebr garantimin e mbar\u00ebvajtjes s\u00eb aktivitetit nd\u00ebrkomb\u00ebtar \u201cGiro d\u2019Italia\u201d, si dhe p\u00ebr garantimin e siguris\u00eb publike gjat\u00eb 2 dit\u00ebve gjat\u00eb t\u00eb cilave ky aktivitet do t\u00eb zhvillohet n\u00eb Tiran\u00eb.<\/span><\/p>\n<p><span style=\"color: #000000;\">Mengjesin e sot\u00ebm \u00ebsht\u00eb zhvilluar instruktazhi i punonj\u00ebsve t\u00eb Policis\u00eb, gjat\u00eb t\u00eb cilit jan\u00eb dh\u00ebn\u00eb porosi t\u00eb qarta p\u00ebr respektimin rigoroz t\u00eb detyrave funksionale, p\u00ebr garantimin e siguris\u00eb p\u00ebrgjat\u00eb itinerarit t\u00eb gar\u00ebs, p\u00ebr ofrimin e asistenc\u00ebs, si dhe p\u00ebr orientimin e qytetar\u00ebve.<\/span><\/p>\n<p><span style=\"color: #000000;\">\u203cKUJTES\u00cb: Dit\u00ebn e sotme, n\u00eb or\u00ebn 13:00, fillon bllokimi i akseve rrugore:<\/span><\/p>\n<p><span style=\"color: #000000;\">Rruga \u201cSH3\u201d (fshati Gracen deri n\u00eb rrethrrotullimin i TEG-ut);<\/span><\/p>\n<p><span style=\"color: #000000;\">Rrethrrotullimi i TEG-ut deri te rrethrrotullimi i Sanatoriumit;<\/span><\/p>\n<p><span style=\"color: #000000;\">Rruga e Elbasanit,<\/span><\/p>\n<p><span style=\"color: #000000;\">Bulevardi \u201cBajram Curri\u201d;<\/span><\/p>\n<p><span style=\"color: #000000;\">Rruga \u201cAli Shefqeti\u201d;<\/span><\/p>\n<p><span style=\"color: #000000;\">Rruga \u201cAlajdin Frash\u00ebri\u201d;<\/span><\/p>\n<p><span style=\"color: #000000;\">Rruga e Rexhekrit;<\/span><\/p>\n<p><span style=\"color: #000000;\">Rruga \u201cMuhamet Deliu\u201d, deri tek rrethrrotullimi i Freskut;<\/span><\/p>\n<p><span style=\"color: #000000;\">Rruga \u201cSotir \u00c7aci\u201d;<\/span><\/p>\n<p><span style=\"color: #000000;\">Rruga \u201cXhanfize Keko\u201d;<\/span><\/p>\n<p><span style=\"color: #000000;\">Rruga \u201cArkitekt Kasemi\u201d;<\/span><\/p>\n<p><span style=\"color: #000000;\">Bulevardi \u201cZhan D\u2019Ark\u201d;<\/span><\/p>\n<p><span style=\"color: #000000;\">Bulevardi \u201cD\u00ebshmor\u00ebt e Kombit\u201d;<\/span><\/p>\n<p><span style=\"color: #000000;\">N\u00eb brend\u00ebsi t\u00eb ish-Gard\u00ebs s\u00eb Republik\u00ebs;<\/span><\/p>\n<p><span style=\"color: #000000;\">Rruga pas Pallatit t\u00eb Kultur\u00ebs;<\/span><\/p>\n<p><span style=\"color: #000000;\">Rruga \u201cD\u00ebshmor\u00ebt e 4 Shkurtit\u201d.<\/span><\/p>\n<p><span style=\"color: #000000;\">Drejtoria Vendore e Policis\u00eb Tiran\u00eb iu b\u00ebn thirrje qytetar\u00ebve\/drejtuesve t\u00eb mjeteve, t\u00eb tregojn\u00eb mir\u00ebkuptim dhe bashk\u00ebpunim, p\u00ebr zbatimin e k\u00ebtyre kufizimeve q\u00eb do t\u00eb mund\u00ebsojn\u00eb zhvillimin e gar\u00ebs n\u00eb kushte optimale sigurie.<\/span><\/p>\n<p><span style=\"color: #000000;\">Mbar\u00ebvajtja e gar\u00ebs ndikon pozitivisht dhe n\u00eb m\u00ebnyr\u00eb t\u00eb drejtp\u00ebrdrejt\u00eb n\u00eb imazhin e vendit.<\/span><\/p>\n<p>&nbsp;<\/p>\n","protected":false,"gt_translate_keys":[{"key":"rendered","format":"html"}]},"excerpt":{"rendered":"<p>Gara nd\u00ebrkomb\u00ebtare e \u00e7iklizmit \u201cGiro d\u2019Italia\u201d ka mb\u00ebrritur n\u00eb Tiran\u00eb, ku p\u00ebr dy dit\u00eb me radh\u00eb kryeqyteti do t\u00eb pres\u00eb nj\u00eb nga aktivitetet m\u00eb t\u00eb r\u00ebnd\u00ebsishme sportive n\u00eb Europ\u00eb, duke vendosur Shqip\u00ebrin\u00eb n\u00eb qend\u00ebr t\u00eb v\u00ebmendjes nd\u00ebrkomb\u00ebtare. Drejtoria Vendore e Policis\u00eb s\u00eb Tiran\u00ebs ka marr\u00eb masa t\u00eb posa\u00e7me p\u00ebr garantimin e mbar\u00ebvajtjes s\u00eb gar\u00ebs dhe [&hellip;]<\/p>\n","protected":false,"gt_translate_keys":[{"key":"rendered","format":"html"}]},"author":49,"featured_media":739839,"comment_status":"closed","ping_status":"open","sticky":false,"template":"","format":"standard","meta":{"footnotes":""},"categories":[65],"tags":[],"class_list":["post-740268","post","type-post","status-publish","format-standard","has-post-thumbnail","hentry","category-lajme"],"gt_translate_keys":[{"key":"link","format":"url"}],"_links":{"self":[{"href":"https:\/\/www.hashtag.al\/index.php\/wp-json\/wp\/v2\/posts\/740268","targetHints":{"allow":["GET"]}}],"collection":[{"href":"https:\/\/www.hashtag.al\/index.php\/wp-json\/wp\/v2\/posts"}],"about":[{"href":"https:\/\/www.hashtag.al\/index.php\/wp-json\/wp\/v2\/types\/post"}],"author":[{"embeddable":true,"href":"https:\/\/www.hashtag.al\/index.php\/wp-json\/wp\/v2\/users\/49"}],"replies":[{"embeddable":true,"href":"https:\/\/www.hashtag.al\/index.php\/wp-json\/wp\/v2\/comments?post=740268"}],"version-history":[{"count":99999,"href":"https:\/\/www.hashtag.al\/index.php\/wp-json\/wp\/v2\/posts\/740268\/revisions"}],"predecessor-version":[{"id":740269,"href":"https:\/\/www.hashtag.al\/index.php\/wp-json\/wp\/v2\/posts\/740268\/revisions\/740269"}],"wp:featuredmedia":[{"embeddable":true,"href":"https:\/\/www.hashtag.al\/index.php\/wp-json\/wp\/v2\/media\/739839"}],"wp:attachment":[{"href":"https:\/\/www.hashtag.al\/index.php\/wp-json\/wp\/v2\/media?parent=740268"}],"wp:term":[{"taxonomy":"category","embeddable":true,"href":"https:\/\/www.hashtag.al\/index.php\/wp-json\/wp\/v2\/categories?post=740268"},{"taxonomy":"post_tag","embeddable":true,"href":"https:\/\/www.hashtag.al\/index.php\/wp-json\/wp\/v2\/tags?post=740268"}],"curies":[{"name":"wp","href":"https:\/\/api.w.org\/{rel}","templated":true}]}}