{"id":739875,"date":"2025-05-07T12:10:52","date_gmt":"2025-05-07T10:10:52","guid":{"rendered":"https:\/\/www.hashtag.al\/?p=739875"},"modified":"2025-05-07T12:31:35","modified_gmt":"2025-05-07T10:31:35","slug":"pas-kater-vitesh-kthehemi-ketu-me-koken-lart-na-votoni-rama-ne-fushe-kruje","status":"publish","type":"post","link":"https:\/\/www.hashtag.al\/index.php\/2025\/05\/07\/pas-kater-vitesh-kthehemi-ketu-me-koken-lart-na-votoni-rama-ne-fushe-kruje\/","title":{"rendered":"\u201cPas kat\u00ebr vitesh kthehemi k\u00ebtu me kok\u00ebn lart, na votoni\u201d &#8211; Rama n\u00eb Fush\u00eb Kruj\u00eb","gt_translate_keys":[{"key":"rendered","format":"text"}]},"content":{"rendered":"<p><a href=\"https:\/\/www.hashtag.al\/index.php\/2025\/05\/07\/pas-kater-vitesh-kthehemi-ketu-me-koken-lart-na-votoni-rama-ne-fushe-kruje\/image-235\/\" rel=\"attachment wp-att-739877\"><img loading=\"lazy\" decoding=\"async\" class=\"aligncenter size-full wp-image-739877\" src=\"https:\/\/www.hashtag.al\/wp-content\/uploads\/2025\/05\/image-3.jpg\" alt=\"\" width=\"600\" height=\"293\" srcset=\"https:\/\/www.hashtag.al\/wp-content\/uploads\/2025\/05\/image-3.jpg 600w, https:\/\/www.hashtag.al\/wp-content\/uploads\/2025\/05\/image-3-300x147.jpg 300w\" sizes=\"auto, (max-width: 600px) 100vw, 600px\" \/><\/a><\/p>\n<p><span style=\"color: #000000;\">Kryeministri Rama tha nga Fush\u00eb Kruja se PS-ja del para qytetar\u00ebve me kok\u00ebn lart pasi ka arritur nj\u00eb s\u00ebr\u00eb objektivash gjat\u00eb mandatit t\u00eb tret\u00eb. <\/span><\/p>\n<p><span style=\"color: #000000;\">Gjat\u00eb takimit p\u00ebrmbyll\u00ebs p\u00ebr zgjedhjet e 11 majit ai p\u00ebrmendi ndihm\u00ebn p\u00ebr familjet e prekura nga t\u00ebrmeti i 26 n\u00ebntori 2019.<\/span><\/p>\n<p><span style=\"color: #000000;\"><em>\u201cPas kat\u00ebr vitesh kthehemi k\u00ebtu me kok\u00ebn lart, duke pasur arritur nj\u00eb s\u00ebr\u00eb objektivash gjat\u00eb k\u00ebtij mandati. E nis\u00ebm me p\u00ebrkushtimin p\u00ebr t\u00eb ndihmuar familjet q\u00eb u prek\u00ebn nga t\u00ebrmeti i r\u00ebnd\u00eb, t\u00eb cilat mbet\u00ebn pa streh\u00eb brenda pak sekondash. Sot kemi p\u00ebrmbyllur procesin e rind\u00ebrtimit, duke shp\u00ebrndar\u00eb 350 apartamentet e fundit, t\u00eb cilat u mbajt\u00ebn n\u00eb pritje p\u00ebr shkak t\u00eb rregullave t\u00eb fushat\u00ebs. Menj\u00ebher\u00eb pas zgjedhjeve, n\u00eb Kruj\u00eb do t\u00eb ndahen sht\u00ebpit\u00eb e fundit, duke e \u00e7uar totalin n\u00eb 1100 banesa t\u00eb reja, t\u00eb dh\u00ebna falas p\u00ebr qytetar\u00ebt q\u00eb tani jan\u00eb pronar\u00eb t\u00eb ligjsh\u00ebm dhe pa asnj\u00eb detyrim financiar ndaj shtetit,\u201d<\/em> u shpreh Rama.<\/span><\/p>\n","protected":false,"gt_translate_keys":[{"key":"rendered","format":"html"}]},"excerpt":{"rendered":"<p>Kryeministri Rama tha nga Fush\u00eb Kruja se PS-ja del para qytetar\u00ebve me kok\u00ebn lart pasi ka arritur nj\u00eb s\u00ebr\u00eb objektivash gjat\u00eb mandatit t\u00eb tret\u00eb. Gjat\u00eb takimit p\u00ebrmbyll\u00ebs p\u00ebr zgjedhjet e 11 majit ai p\u00ebrmendi ndihm\u00ebn p\u00ebr familjet e prekura nga t\u00ebrmeti i 26 n\u00ebntori 2019. \u201cPas kat\u00ebr vitesh kthehemi k\u00ebtu me kok\u00ebn lart, duke pasur [&hellip;]<\/p>\n","protected":false,"gt_translate_keys":[{"key":"rendered","format":"html"}]},"author":51,"featured_media":739877,"comment_status":"closed","ping_status":"open","sticky":false,"template":"","format":"standard","meta":{"footnotes":""},"categories":[65],"tags":[],"class_list":["post-739875","post","type-post","status-publish","format-standard","has-post-thumbnail","hentry","category-lajme"],"gt_translate_keys":[{"key":"link","format":"url"}],"_links":{"self":[{"href":"https:\/\/www.hashtag.al\/index.php\/wp-json\/wp\/v2\/posts\/739875","targetHints":{"allow":["GET"]}}],"collection":[{"href":"https:\/\/www.hashtag.al\/index.php\/wp-json\/wp\/v2\/posts"}],"about":[{"href":"https:\/\/www.hashtag.al\/index.php\/wp-json\/wp\/v2\/types\/post"}],"author":[{"embeddable":true,"href":"https:\/\/www.hashtag.al\/index.php\/wp-json\/wp\/v2\/users\/51"}],"replies":[{"embeddable":true,"href":"https:\/\/www.hashtag.al\/index.php\/wp-json\/wp\/v2\/comments?post=739875"}],"version-history":[{"count":99999,"href":"https:\/\/www.hashtag.al\/index.php\/wp-json\/wp\/v2\/posts\/739875\/revisions"}],"predecessor-version":[{"id":739886,"href":"https:\/\/www.hashtag.al\/index.php\/wp-json\/wp\/v2\/posts\/739875\/revisions\/739886"}],"wp:featuredmedia":[{"embeddable":true,"href":"https:\/\/www.hashtag.al\/index.php\/wp-json\/wp\/v2\/media\/739877"}],"wp:attachment":[{"href":"https:\/\/www.hashtag.al\/index.php\/wp-json\/wp\/v2\/media?parent=739875"}],"wp:term":[{"taxonomy":"category","embeddable":true,"href":"https:\/\/www.hashtag.al\/index.php\/wp-json\/wp\/v2\/categories?post=739875"},{"taxonomy":"post_tag","embeddable":true,"href":"https:\/\/www.hashtag.al\/index.php\/wp-json\/wp\/v2\/tags?post=739875"}],"curies":[{"name":"wp","href":"https:\/\/api.w.org\/{rel}","templated":true}]}}