{"id":739705,"date":"2025-05-06T15:26:10","date_gmt":"2025-05-06T13:26:10","guid":{"rendered":"https:\/\/www.hashtag.al\/?p=739705"},"modified":"2025-05-06T15:31:08","modified_gmt":"2025-05-06T13:31:08","slug":"abdixhiku-i-fton-partite-parlamentare-per-qeveri-tranzicionale","status":"publish","type":"post","link":"https:\/\/www.hashtag.al\/index.php\/2025\/05\/06\/abdixhiku-i-fton-partite-parlamentare-per-qeveri-tranzicionale\/","title":{"rendered":"Kosov\u00eb\/ Abdixhiku i fton partit\u00eb parlamentare p\u00ebr qeveri tranzicionale","gt_translate_keys":[{"key":"rendered","format":"text"}]},"content":{"rendered":"<p><span style=\"color: #000000;\"><img loading=\"lazy\" decoding=\"async\" class=\"alignnone size-medium wp-image-739706\" src=\"https:\/\/www.hashtag.al\/wp-content\/uploads\/2025\/05\/Screenshot-2025-05-06-151746-300x181.png\" alt=\"\" width=\"300\" height=\"181\" srcset=\"https:\/\/www.hashtag.al\/wp-content\/uploads\/2025\/05\/Screenshot-2025-05-06-151746-300x181.png 300w, https:\/\/www.hashtag.al\/wp-content\/uploads\/2025\/05\/Screenshot-2025-05-06-151746-1024x618.png 1024w, https:\/\/www.hashtag.al\/wp-content\/uploads\/2025\/05\/Screenshot-2025-05-06-151746-768x464.png 768w, https:\/\/www.hashtag.al\/wp-content\/uploads\/2025\/05\/Screenshot-2025-05-06-151746.png 1072w\" sizes=\"auto, (max-width: 300px) 100vw, 300px\" \/><\/span><\/p>\n<p><span style=\"color: #000000;\">Kryetari i Lidhjes Demokratike t\u00eb Kosov\u00ebs, Lumir Abdixhiku, njoftoi t\u00eb mart\u00ebn se i ka ftuar t\u00eb gjitha partit\u00eb parlamentare shqiptare t\u00eb takohen s\u00eb bashku p\u00ebr ta formuar nj\u00eb qeveri tranzicionale dhe \u201cunifikuese\u201d.<\/span><\/p>\n<p><span style=\"color: #000000;\">Propozimi i Abdixhikut vjen pas nj\u00eb letre q\u00eb ai e mori nga partia fituese e zgjedhjeve t\u00eb 9 shkurtit, L\u00ebvizja Vet\u00ebvendosje, p\u00ebr koalicion qeveris\u00ebs dhe pas d\u00ebshtimeve t\u00eb nj\u00ebpasnj\u00ebshme p\u00ebr formimin e institucioneve t\u00eb reja rreth tre muaj pas zgjedhjeve.<\/span><\/p>\n<p><span style=\"color: #000000;\"><em>\u201cPropozojm\u00eb nisjen e nj\u00eb procesi t\u00eb ri politik. N\u00eb p\u00ebrputhshm\u00ebri me k\u00ebt\u00eb, LDK-ja propozon nisjen e k\u00ebtij procesi me t\u00eb gjitha partit\u00eb p\u00ebr nisjen e nj\u00eb qeverie nacionale t\u00eb tranzicionit\u201d<\/em>, tha Abdixhiku n\u00eb nj\u00eb konferenc\u00eb p\u00ebr media n\u00eb Prishtin\u00eb.<\/span><\/p>\n<p><span style=\"color: #000000;\">Abdixhiku e hodhi posht\u00eb ofert\u00ebn e liderit t\u00eb Vet\u00ebvendosjes, Albin Kurti, p\u00ebr formimin e koalicionit qeveris\u00ebs LVV-LDK, duke th\u00ebn\u00eb se q\u00ebndrimet e partis\u00eb s\u00eb tij nuk kan\u00eb ndryshuar.<\/span><\/p>\n<p><span style=\"color: #000000;\"><em>\u201cE kam vler\u00ebsuar t\u00eb pamundur bashk\u00ebpunimin me Kurtin<\/em>\u201d, tha ai.<\/span><\/p>\n<p><span style=\"color: #000000;\">Abdixhiku tha se i ka ftuar lider\u00ebt e partive parlamentare dhe se e fton edhe Kurtin, p\u00ebr takim konsultativ p\u00ebr ta nisur k\u00ebt\u00eb proces.<\/span><\/p>\n<p><span style=\"color: #000000;\">Ai tha se qeveria e tranzicionit do t\u00eb kishte nj\u00eb kryeminist\u00ebr \u201cunifikues\u201d dhe se do t\u00eb zgjaste deri n\u00eb koh\u00ebn kur vendi duhet ta zgjedh\u00eb presidentin e ri, pra n\u00eb prill t\u00eb vitit 2026, kur presidentes s\u00eb tanishme Vjosa Osmani i mbaron mandati.<\/span><\/p>\n<p><span style=\"color: #000000;\"><em>\u201cPo flasim p\u00ebr qeveri nacionale t\u00eb tranzicionit, t\u00eb unitetit t\u00eb tanish\u00ebm, t\u00eb domosdosh\u00ebm p\u00ebr Kosov\u00ebn dhe me afat t\u00eb shkurt\u00ebr. Me kryeminist\u00ebr dhe kabinet unifikues deri n\u00eb zgjedhjen e presidentit t\u00eb Kosov\u00ebs\u201d,<\/em> tha ai.<\/span><\/p>\n<p><span style=\"color: #000000;\">Kurti e p\u00ebrs\u00ebriti t\u00eb mart\u00ebn gjat\u00eb nj\u00eb ngjarjeje n\u00eb Gjilan se ai &#8220;un\u00eb do t\u00eb jem kryeminist\u00ebr dhe vazhdojm\u00eb tutje&#8221;, pasi ishte pyetur rreth formimit t\u00eb institucioneve t\u00eb reja.<\/span><\/p>\n<p><span style=\"color: #000000;\">Abdixhiku tha se disa prej lider\u00ebve t\u00eb partive parlamentare kan\u00eb shprehur gatishm\u00ebri p\u00ebr k\u00ebt\u00eb dhe se Ramush Haradinaj i Aleanc\u00ebs p\u00ebr Ardhm\u00ebrin\u00eb e Kosov\u00ebs (AAK) e ka pranuar ftes\u00ebn.<\/span><\/p>\n<p><span style=\"color: #000000;\">Vet\u00ebvendosje i fitoi zgjedhjet e 9 shkurtit, me rreth 42 p\u00ebr qind t\u00eb votave, apo 48 ul\u00ebse, q\u00eb \u00ebsht\u00eb pamjaftuesh\u00ebm p\u00ebr t\u00eb qeverisur e vetme.<\/span><\/p>\n<p><span style=\"color: #000000;\">Pas LVV-s\u00eb m\u00eb s\u00eb shumti vota fitoi Partia Demokratike e Kosov\u00ebs, me 24 ul\u00ebse, e pastaj LDK-ja me 20 sosh.<\/span><\/p>\n<p><span style=\"color: #000000;\">AAK dhe Nisma i fituan tet\u00eb ul\u00ebse, prej t\u00eb cilave tri i takojn\u00eb k\u00ebsaj t\u00eb fundit.<\/span><\/p>\n<p><span style=\"color: #000000;\">Gati tre muaj pas zgjedhjeve t\u00eb 9 shkurtit, procesi ka ngecur p\u00ebr shkak t\u00eb mospajtimeve mes disa prej partive m\u00eb t\u00eb m\u00ebdha parlamentare p\u00ebr postimin e kryetarit t\u00eb Kuvendit.<\/span><\/p>\n<p><span style=\"color: #000000;\">Konstituimi i Kuvendit, i nisur m\u00eb 15 prill, po d\u00ebshton p\u00ebr shkak se Vet\u00ebvendosje nuk po arrin t\u2019i siguroj\u00eb votat e nevojshme prej 61 p\u00ebr kandidaten e saj p\u00ebr kryetare, Albulena Haxhiu.<\/span><\/p>\n<p><span style=\"color: #000000;\">Haxhiu shihet nga PDK-ja dhe AAK-ja si &#8220;figur\u00eb p\u00ebr\u00e7ar\u00ebse&#8221;, derisa LDK-ja nuk d\u00ebshiron ta votoj\u00eb asnj\u00eb kandidat t\u00eb partis\u00eb fituese.<\/span><\/p>\n<p><span style=\"color: #000000;\">Vet\u00ebvendosje ngul k\u00ebmb\u00eb se Haxhiu \u00ebsht\u00eb kandidate meritore dhe, p\u00ebrkund\u00ebr se ka b\u00ebr\u00eb thirrje p\u00ebr marr\u00ebveshje politike, ka hedhur posht\u00eb mund\u00ebsin\u00eb e propozimit t\u00eb ndonj\u00eb kandidati tjet\u00ebr pos saj.\/<span style=\"color: #0000ff;\"><a style=\"color: #0000ff;\" href=\"https:\/\/www.evropaelire.org\/a\/abdixhiku-partite-qeveri-tranzicionale\/33406273.html\">REL<\/a><\/span><\/span><\/p>\n","protected":false,"gt_translate_keys":[{"key":"rendered","format":"html"}]},"excerpt":{"rendered":"<p>Kryetari i Lidhjes Demokratike t\u00eb Kosov\u00ebs, Lumir Abdixhiku, njoftoi t\u00eb mart\u00ebn se i ka ftuar t\u00eb gjitha partit\u00eb parlamentare shqiptare t\u00eb takohen s\u00eb bashku p\u00ebr ta formuar nj\u00eb qeveri tranzicionale dhe \u201cunifikuese\u201d. Propozimi i Abdixhikut vjen pas nj\u00eb letre q\u00eb ai e mori nga partia fituese e zgjedhjeve t\u00eb 9 shkurtit, L\u00ebvizja Vet\u00ebvendosje, p\u00ebr koalicion [&hellip;]<\/p>\n","protected":false,"gt_translate_keys":[{"key":"rendered","format":"html"}]},"author":32,"featured_media":739706,"comment_status":"closed","ping_status":"open","sticky":false,"template":"","format":"standard","meta":{"footnotes":""},"categories":[149],"tags":[],"class_list":["post-739705","post","type-post","status-publish","format-standard","has-post-thumbnail","hentry","category-kosoverajon"],"gt_translate_keys":[{"key":"link","format":"url"}],"_links":{"self":[{"href":"https:\/\/www.hashtag.al\/index.php\/wp-json\/wp\/v2\/posts\/739705","targetHints":{"allow":["GET"]}}],"collection":[{"href":"https:\/\/www.hashtag.al\/index.php\/wp-json\/wp\/v2\/posts"}],"about":[{"href":"https:\/\/www.hashtag.al\/index.php\/wp-json\/wp\/v2\/types\/post"}],"author":[{"embeddable":true,"href":"https:\/\/www.hashtag.al\/index.php\/wp-json\/wp\/v2\/users\/32"}],"replies":[{"embeddable":true,"href":"https:\/\/www.hashtag.al\/index.php\/wp-json\/wp\/v2\/comments?post=739705"}],"version-history":[{"count":99999,"href":"https:\/\/www.hashtag.al\/index.php\/wp-json\/wp\/v2\/posts\/739705\/revisions"}],"predecessor-version":[{"id":739708,"href":"https:\/\/www.hashtag.al\/index.php\/wp-json\/wp\/v2\/posts\/739705\/revisions\/739708"}],"wp:featuredmedia":[{"embeddable":true,"href":"https:\/\/www.hashtag.al\/index.php\/wp-json\/wp\/v2\/media\/739706"}],"wp:attachment":[{"href":"https:\/\/www.hashtag.al\/index.php\/wp-json\/wp\/v2\/media?parent=739705"}],"wp:term":[{"taxonomy":"category","embeddable":true,"href":"https:\/\/www.hashtag.al\/index.php\/wp-json\/wp\/v2\/categories?post=739705"},{"taxonomy":"post_tag","embeddable":true,"href":"https:\/\/www.hashtag.al\/index.php\/wp-json\/wp\/v2\/tags?post=739705"}],"curies":[{"name":"wp","href":"https:\/\/api.w.org\/{rel}","templated":true}]}}