{"id":739682,"date":"2025-05-06T13:39:29","date_gmt":"2025-05-06T11:39:29","guid":{"rendered":"https:\/\/www.hashtag.al\/?p=739682"},"modified":"2025-05-06T13:39:35","modified_gmt":"2025-05-06T11:39:35","slug":"apeli-le-ne-fuqi-pafajesine-ndaj-kryebashkiakut-te-devollit-eduard-duro","status":"publish","type":"post","link":"https:\/\/www.hashtag.al\/index.php\/2025\/05\/06\/apeli-le-ne-fuqi-pafajesine-ndaj-kryebashkiakut-te-devollit-eduard-duro\/","title":{"rendered":"Apeli l\u00eb n\u00eb fuqi pafaj\u00ebsin\u00eb ndaj kryebashkiakut t\u00eb Devollit Eduard Duro","gt_translate_keys":[{"key":"rendered","format":"text"}]},"content":{"rendered":"<p><a href=\"https:\/\/www.hashtag.al\/index.php\/2025\/05\/06\/apeli-le-ne-fuqi-pafajesine-ndaj-kryebashkiakut-te-devollit-eduard-duro\/duro-2\/\" rel=\"attachment wp-att-739683\"><img loading=\"lazy\" decoding=\"async\" class=\"aligncenter size-full wp-image-739683\" src=\"https:\/\/www.hashtag.al\/wp-content\/uploads\/2025\/05\/duro.jpg\" alt=\"\" width=\"500\" height=\"334\" srcset=\"https:\/\/www.hashtag.al\/wp-content\/uploads\/2025\/05\/duro.jpg 500w, https:\/\/www.hashtag.al\/wp-content\/uploads\/2025\/05\/duro-300x200.jpg 300w\" sizes=\"auto, (max-width: 500px) 100vw, 500px\" \/><\/a><\/p>\n<p><span style=\"color: #000000;\">Gjykata e Apelit ka l\u00ebn\u00eb n\u00eb fuqi vendimin e Shkall\u00ebs s\u00eb Par\u00eb q\u00eb e shpalli t\u00eb pafajsh\u00ebm kryebashkiakun e Devollit Eduard Duro. <\/span><\/p>\n<p><span style=\"color: #000000;\">SPAK kishte k\u00ebrkuar d\u00ebnimin e kryebashkiakut socialist me 1 vit burg p\u00ebr shp\u00ebrdorim detyre, q\u00eb t\u00eb konvertohej n\u00eb 3 vite sh\u00ebrbim prove si dhe me d\u00ebnimin plot\u00ebsues q\u00eb p\u00ebr 5 vite t\u00eb mos ushtroj\u00eb funksione publike.<\/span><\/p>\n<p><span style=\"color: #000000;\">T\u00eb nj\u00ebjtin d\u00ebnim prokurori Dritan Pren\u00e7i k\u00ebrkoi edhe p\u00ebr 4 zyrtar\u00ebt e tjer\u00eb, p\u00ebrkat\u00ebsisht ish-administratoren e Komanduar t\u00eb Bilishtit, Vojsava Bregu, 2 zyrtar\u00ebt e Sektorit t\u00eb t\u00eb Ardhurave dhe Li\u00e7encimit n\u00eb Bashkin\u00eb Devoll, Gazmend Haxhija dhe Gazmend Malo dhe sekretari i p\u00ebrgjithsh\u00ebm Astrit Seferkolli.<\/span><\/p>\n<p><span style=\"color: #000000;\">GJKKO vendosi ta rr\u00ebzoj\u00eb SPAK pasi Duro e \u00e7oi \u00e7\u00ebshtjen n\u00eb Apel. Ai u mor i pandehur nga SPAK pasi akuzohej se licencoi nj\u00eb pik\u00eb karburanti n\u00eb Bilisht, q\u00eb ishte nd\u00ebrtim pa leje.<\/span><\/p>\n","protected":false,"gt_translate_keys":[{"key":"rendered","format":"html"}]},"excerpt":{"rendered":"<p>Gjykata e Apelit ka l\u00ebn\u00eb n\u00eb fuqi vendimin e Shkall\u00ebs s\u00eb Par\u00eb q\u00eb e shpalli t\u00eb pafajsh\u00ebm kryebashkiakun e Devollit Eduard Duro. SPAK kishte k\u00ebrkuar d\u00ebnimin e kryebashkiakut socialist me 1 vit burg p\u00ebr shp\u00ebrdorim detyre, q\u00eb t\u00eb konvertohej n\u00eb 3 vite sh\u00ebrbim prove si dhe me d\u00ebnimin plot\u00ebsues q\u00eb p\u00ebr 5 vite t\u00eb mos [&hellip;]<\/p>\n","protected":false,"gt_translate_keys":[{"key":"rendered","format":"html"}]},"author":51,"featured_media":739684,"comment_status":"closed","ping_status":"open","sticky":false,"template":"","format":"standard","meta":{"footnotes":""},"categories":[65],"tags":[],"class_list":["post-739682","post","type-post","status-publish","format-standard","has-post-thumbnail","hentry","category-lajme"],"gt_translate_keys":[{"key":"link","format":"url"}],"_links":{"self":[{"href":"https:\/\/www.hashtag.al\/index.php\/wp-json\/wp\/v2\/posts\/739682","targetHints":{"allow":["GET"]}}],"collection":[{"href":"https:\/\/www.hashtag.al\/index.php\/wp-json\/wp\/v2\/posts"}],"about":[{"href":"https:\/\/www.hashtag.al\/index.php\/wp-json\/wp\/v2\/types\/post"}],"author":[{"embeddable":true,"href":"https:\/\/www.hashtag.al\/index.php\/wp-json\/wp\/v2\/users\/51"}],"replies":[{"embeddable":true,"href":"https:\/\/www.hashtag.al\/index.php\/wp-json\/wp\/v2\/comments?post=739682"}],"version-history":[{"count":99999,"href":"https:\/\/www.hashtag.al\/index.php\/wp-json\/wp\/v2\/posts\/739682\/revisions"}],"predecessor-version":[{"id":739686,"href":"https:\/\/www.hashtag.al\/index.php\/wp-json\/wp\/v2\/posts\/739682\/revisions\/739686"}],"wp:featuredmedia":[{"embeddable":true,"href":"https:\/\/www.hashtag.al\/index.php\/wp-json\/wp\/v2\/media\/739684"}],"wp:attachment":[{"href":"https:\/\/www.hashtag.al\/index.php\/wp-json\/wp\/v2\/media?parent=739682"}],"wp:term":[{"taxonomy":"category","embeddable":true,"href":"https:\/\/www.hashtag.al\/index.php\/wp-json\/wp\/v2\/categories?post=739682"},{"taxonomy":"post_tag","embeddable":true,"href":"https:\/\/www.hashtag.al\/index.php\/wp-json\/wp\/v2\/tags?post=739682"}],"curies":[{"name":"wp","href":"https:\/\/api.w.org\/{rel}","templated":true}]}}