{"id":739335,"date":"2025-05-04T18:31:04","date_gmt":"2025-05-04T16:31:04","guid":{"rendered":"https:\/\/www.hashtag.al\/?p=739335"},"modified":"2025-05-04T18:53:31","modified_gmt":"2025-05-04T16:53:31","slug":"vucic-pritet-te-marre-pjese-ne-paraden-e-moskes-pasnderprerjes-se-vizites-ne-shba","status":"publish","type":"post","link":"https:\/\/www.hashtag.al\/index.php\/2025\/05\/04\/vucic-pritet-te-marre-pjese-ne-paraden-e-moskes-pasnderprerjes-se-vizites-ne-shba\/","title":{"rendered":"Vu\u00e7i\u00e7 pritet t\u00eb marr\u00eb pjes\u00eb n\u00eb parad\u00ebn e Mosk\u00ebs pas nd\u00ebrprerjes s\u00eb beft\u00eb t\u00eb vizit\u00ebs n\u00eb SHBA","gt_translate_keys":[{"key":"rendered","format":"text"}]},"content":{"rendered":"<p><a href=\"https:\/\/www.hashtag.al\/index.php\/2025\/05\/04\/vucic-pritet-te-marre-pjese-ne-paraden-e-moskes-pasnderprerjes-se-vizites-ne-shba\/6816f66420302756833af1fd\/\" rel=\"attachment wp-att-739336\"><img loading=\"lazy\" decoding=\"async\" class=\"aligncenter size-full wp-image-739336\" src=\"https:\/\/www.hashtag.al\/wp-content\/uploads\/2025\/05\/6816f66420302756833af1fd.jpg\" alt=\"\" width=\"768\" height=\"432\" srcset=\"https:\/\/www.hashtag.al\/wp-content\/uploads\/2025\/05\/6816f66420302756833af1fd.jpg 768w, https:\/\/www.hashtag.al\/wp-content\/uploads\/2025\/05\/6816f66420302756833af1fd-300x169.jpg 300w\" sizes=\"auto, (max-width: 768px) 100vw, 768px\" \/><\/a><\/p>\n<p><span style=\"color: #000000;\">Presidenti serb Aleksandar Vu\u00e7i\u00e7 pritet t\u00eb marr\u00eb pjes\u00eb n\u00eb festimet e Dit\u00ebs s\u00eb Fitores mbi nazizmin, pavar\u00ebsisht problemeve t\u00eb fundit\u00a0 sh\u00ebndet\u00ebsore, ka th\u00ebn\u00eb ministri i Financave dhe z\u00ebvend\u00ebskryeministri Sinisa Mali.<\/span><\/p>\n<p><span style=\"color: #000000;\">T\u00eb premten, Vu\u00e7i\u00e7 p\u00ebrfundoi papritmas nj\u00eb udh\u00ebtim n\u00eb SHBA pasi p\u00ebrjetoi dhimbje gjoksi gjat\u00eb nj\u00eb takimi n\u00eb Florida, q\u00eb thuhet se erdhi nga presioni i lart\u00eb i gjakut, shkruan <span style=\"color: #0000ff;\"><a style=\"color: #0000ff;\" href=\"https:\/\/rtnews.com\/news\/616716-vucic-expected-at-moscow-parade\/\">Rt<\/a>.<\/span> Ai kishte planifikuar t\u00eb takohej me diaspor\u00ebn serbe dhe presidentin amerikan Donald Trump, por u kthye n\u00eb Beograd dhe u shtrua n\u00eb Akademin\u00eb Mjek\u00ebsore Ushtarake, sipas medias RTS. Mjek\u00ebt than\u00eb se presidenti &#8220;nuk \u00a0pritet t\u00eb kthehet n\u00eb pun\u00ebn e tij t\u00eb rregullt p\u00ebr disa dit\u00eb&#8221;.<\/span><\/p>\n<p><span style=\"color: #000000;\">Duke folur t\u00eb shtun\u00ebn, Mali tha se Vu\u00e7i\u00e7 ka t\u00eb ngjar\u00eb t\u00eb ec\u00eb p\u00ebrpara me vizit\u00ebn.<\/span><\/p>\n<p><span style=\"color: #000000;\"><em>&#8220;Nj\u00eb gj\u00eb q\u00eb mund t\u00eb them \u00ebsht\u00eb se duke e njohur at\u00eb, duke pasur parasysh q\u00eb \u00ebsht\u00eb nj\u00eb njeri i fjal\u00ebs, ai dha fjal\u00ebn se do ishte atje, supozoj se do e mbaj\u00eb fjal\u00ebn. Por k\u00ebt\u00eb nuk mund ta them n\u00eb k\u00ebt\u00eb moment.&#8221;<\/em> Vu\u00e7i\u00e7 doli nga spitali t\u00eb shtun\u00ebn.<\/span><\/p>\n<p><span style=\"color: #000000;\">Akademia Mjek\u00ebsore Ushtarake konfirmoi se presidenti iu n\u00ebnshtrua diagnostikimit kardiovaskular dhe hematologjik dhe tani \u00ebsht\u00eb n\u00eb gjendje t\u00eb q\u00ebndrueshme. Mjek\u00ebt e kan\u00eb urdh\u00ebruar t\u00eb pushoj\u00eb dhe ai ka anuluar t\u00eb gjitha aktivitetet dhe detyrimet p\u00ebr dit\u00ebt n\u00eb vijim.<\/span><\/p>\n<p><span style=\"color: #000000;\">Ajo q\u00eb \u00ebsht\u00eb e \u00e7uditshme \u00ebsht\u00eb se Vu\u00e7i\u00e7it nuk iu dha ndihm\u00eb mjek\u00ebsore n\u00eb SHBA.<\/span><\/p>\n<p><span style=\"color: #000000;\">Si rregull autoritetet shtet\u00ebrore amerikane mbajn\u00eb dhe q\u00ebndrim publik n\u00eb t\u00eb tilla raste dhe raportojn\u00eb mbi gjendjen sh\u00ebndet\u00ebsore t\u00eb pacientit.<\/span><\/p>\n<p><span style=\"color: #000000;\">Gjat\u00eb q\u00ebndrimit n\u00eb SHBA, Vu\u00e7i\u00e7 u takua me ish-kryebashkiakun e Nju Jorkut, Rudy Giuliani.<\/span><\/p>\n<p><span style=\"color: #000000;\">Ishte parashikuar q\u00eb ai t\u00eb takohej me disa zyrtar\u00eb t\u00eb lart\u00eb t\u00eb Partis\u00eb Republikane, para se t\u00eb nd\u00ebrpriste vizit\u00ebn n\u00eb SHBA.<\/span><\/p>\n<p><span style=\"color: #000000;\">I d\u00ebrguari i presidentit amerikan p\u00ebr Misione t\u00eb Posa\u00e7me, Richard Grenell, i uroi sh\u00ebrim t\u00eb shpejt\u00eb Vu\u00e7i\u00e7it, pasi udh\u00ebheq\u00ebsi serb nd\u00ebrpreu vizit\u00ebn papritur. Grenell \u00ebsht\u00eb mb\u00ebshtet\u00ebsi m\u00eb i madh i presidentit serb, e nj\u00ebkoh\u00ebsisht lobist i pashpallur i Vu\u00e7i\u00e7it dhe Ram\u00ebs pran\u00eb administrat\u00ebs Trump.<\/span><\/p>\n<p><span style=\"color: #000000;\">N\u00eb nj\u00eb postim n\u00eb X, Grenell po ashtu ka shprehur keqardhje q\u00eb nuk ka mundur t\u00eb takohet me udh\u00ebheq\u00ebsin serb.<\/span><\/p>\n","protected":false,"gt_translate_keys":[{"key":"rendered","format":"html"}]},"excerpt":{"rendered":"<p>Presidenti serb Aleksandar Vu\u00e7i\u00e7 pritet t\u00eb marr\u00eb pjes\u00eb n\u00eb festimet e Dit\u00ebs s\u00eb Fitores mbi nazizmin, pavar\u00ebsisht problemeve t\u00eb fundit\u00a0 sh\u00ebndet\u00ebsore, ka th\u00ebn\u00eb ministri i Financave dhe z\u00ebvend\u00ebskryeministri Sinisa Mali. T\u00eb premten, Vu\u00e7i\u00e7 p\u00ebrfundoi papritmas nj\u00eb udh\u00ebtim n\u00eb SHBA pasi p\u00ebrjetoi dhimbje gjoksi gjat\u00eb nj\u00eb takimi n\u00eb Florida, q\u00eb thuhet se erdhi nga presioni i [&hellip;]<\/p>\n","protected":false,"gt_translate_keys":[{"key":"rendered","format":"html"}]},"author":51,"featured_media":739336,"comment_status":"closed","ping_status":"open","sticky":false,"template":"","format":"standard","meta":{"footnotes":""},"categories":[149],"tags":[],"class_list":["post-739335","post","type-post","status-publish","format-standard","has-post-thumbnail","hentry","category-kosoverajon"],"gt_translate_keys":[{"key":"link","format":"url"}],"_links":{"self":[{"href":"https:\/\/www.hashtag.al\/index.php\/wp-json\/wp\/v2\/posts\/739335","targetHints":{"allow":["GET"]}}],"collection":[{"href":"https:\/\/www.hashtag.al\/index.php\/wp-json\/wp\/v2\/posts"}],"about":[{"href":"https:\/\/www.hashtag.al\/index.php\/wp-json\/wp\/v2\/types\/post"}],"author":[{"embeddable":true,"href":"https:\/\/www.hashtag.al\/index.php\/wp-json\/wp\/v2\/users\/51"}],"replies":[{"embeddable":true,"href":"https:\/\/www.hashtag.al\/index.php\/wp-json\/wp\/v2\/comments?post=739335"}],"version-history":[{"count":99999,"href":"https:\/\/www.hashtag.al\/index.php\/wp-json\/wp\/v2\/posts\/739335\/revisions"}],"predecessor-version":[{"id":739340,"href":"https:\/\/www.hashtag.al\/index.php\/wp-json\/wp\/v2\/posts\/739335\/revisions\/739340"}],"wp:featuredmedia":[{"embeddable":true,"href":"https:\/\/www.hashtag.al\/index.php\/wp-json\/wp\/v2\/media\/739336"}],"wp:attachment":[{"href":"https:\/\/www.hashtag.al\/index.php\/wp-json\/wp\/v2\/media?parent=739335"}],"wp:term":[{"taxonomy":"category","embeddable":true,"href":"https:\/\/www.hashtag.al\/index.php\/wp-json\/wp\/v2\/categories?post=739335"},{"taxonomy":"post_tag","embeddable":true,"href":"https:\/\/www.hashtag.al\/index.php\/wp-json\/wp\/v2\/tags?post=739335"}],"curies":[{"name":"wp","href":"https:\/\/api.w.org\/{rel}","templated":true}]}}