{"id":739296,"date":"2025-05-04T15:34:47","date_gmt":"2025-05-04T13:34:47","guid":{"rendered":"https:\/\/www.hashtag.al\/?p=739296"},"modified":"2025-05-04T15:34:47","modified_gmt":"2025-05-04T13:34:47","slug":"gazment-bardhi-denoncon-ndotjen-ne-roskovec-ajri-i-jagodines-po-vret-banoret","status":"publish","type":"post","link":"https:\/\/www.hashtag.al\/index.php\/2025\/05\/04\/gazment-bardhi-denoncon-ndotjen-ne-roskovec-ajri-i-jagodines-po-vret-banoret\/","title":{"rendered":"Gazment Bardhi denoncon ndotjen n\u00eb Roskovec: Ajri i Jagodin\u00ebs po vret banor\u00ebt","gt_translate_keys":[{"key":"rendered","format":"text"}]},"content":{"rendered":"<p><span style=\"color: #000000;\"><img loading=\"lazy\" decoding=\"async\" class=\"alignnone size-medium wp-image-739297\" src=\"https:\/\/www.hashtag.al\/wp-content\/uploads\/2025\/05\/bardhi-1-300x169.jpg\" alt=\"\" width=\"300\" height=\"169\" srcset=\"https:\/\/www.hashtag.al\/wp-content\/uploads\/2025\/05\/bardhi-1-300x169.jpg 300w, https:\/\/www.hashtag.al\/wp-content\/uploads\/2025\/05\/bardhi-1-1024x577.jpg 1024w, https:\/\/www.hashtag.al\/wp-content\/uploads\/2025\/05\/bardhi-1-768x433.jpg 768w, https:\/\/www.hashtag.al\/wp-content\/uploads\/2025\/05\/bardhi-1.jpg 1153w\" sizes=\"auto, (max-width: 300px) 100vw, 300px\" \/><\/span><\/p>\n<p><span style=\"color: #000000;\">Drejtuesi politik i Partis\u00eb Demokratike p\u00ebr Qarkun e Fierit, Gazment Bardhi, ka denoncuar nj\u00eb situat\u00eb t\u00eb r\u00ebnd\u00eb mjedisore n\u00eb fshatin Jagodin\u00eb t\u00eb Roskovecit, duke e cil\u00ebsuar at\u00eb si nj\u00eb &#8220;krim t\u00eb r\u00ebnd\u00eb&#8221; q\u00eb po k\u00ebrc\u00ebnon jet\u00ebn e banor\u00ebve.<\/span><\/p>\n<p><span style=\"color: #000000;\">N\u00eb nj\u00eb reagim t\u00eb publikuar sot, Bardhi deklaron se banor\u00ebt e zon\u00ebs jetojn\u00eb \u00e7do dit\u00eb n\u00ebn nj\u00eb re gazi t\u00eb padukshme, por shum\u00eb t\u00eb rrezikshme p\u00ebr sh\u00ebndetin dhe jetes\u00ebn.<\/span><\/p>\n<p><span style=\"color: #000000;\">Sipas tij, kjo ndotje ka prekur seriozisht tok\u00ebn bujq\u00ebsore dhe cil\u00ebsin\u00eb e ushqimit, nd\u00ebrsa ndikimet m\u00eb t\u00eb r\u00ebnda jan\u00eb sh\u00ebndet\u00ebsore.<\/span><\/p>\n<p><span style=\"color: #000000;\"><em>&#8220;Ky nuk \u00ebsht\u00eb thjesht nj\u00eb problem mjedisor. Kjo \u00ebsht\u00eb nj\u00eb k\u00ebrc\u00ebnim direkt p\u00ebr jet\u00ebn. Ky \u00ebsht\u00eb nj\u00eb krim i r\u00ebnd\u00eb,&#8221;<\/em> shkruan Bardhi, duke p\u00ebrmendur probleme t\u00eb r\u00ebnda sh\u00ebndet\u00ebsore te banor\u00ebt si v\u00ebshtir\u00ebsi n\u00eb frym\u00ebmarrje, alergji dhe s\u00ebmundje kronike.<\/span><\/p>\n<p><span style=\"color: #000000;\">Ai akuzon institucionet shtet\u00ebrore dhe lokale p\u00ebr heshtje t\u00eb q\u00ebllimshme dhe munges\u00eb reagimi p\u00ebrball\u00eb k\u00ebsaj krize, nd\u00ebrsa u b\u00ebn thirrje q\u00eb t\u00eb nd\u00ebrhyjn\u00eb urgjentisht p\u00ebr t\u00eb ndaluar ndotjen.<\/span><\/p>\n<p><span style=\"color: #000000;\"><em>&#8220;Banor\u00ebt nuk k\u00ebrkojn\u00eb m\u00ebshir\u00eb,&#8221;<\/em> thekson Bardhi. <em>&#8220;K\u00ebrkojn\u00eb aj\u00ebr t\u00eb past\u00ebr, tok\u00eb t\u00eb sh\u00ebndetshme dhe nj\u00eb t\u00eb ardhme t\u00eb sigurt. Personalisht do ta ndjek k\u00ebt\u00eb \u00e7\u00ebshtje kudo dhe do jem z\u00ebri i k\u00ebtyre banor\u00ebve.&#8221;<\/em><\/span><\/p>\n<p>&nbsp;<\/p>\n<p><span style=\"color: #000000;\">Postimi i Bardhit:<\/span><\/p>\n<p><span style=\"color: #000000;\"><em>AJRI Q\u00cb VRET \u2014 Krimi mjedisor n\u00eb Jagodin\u00eb, Roskovec<\/em><\/span><\/p>\n<p><span style=\"color: #000000;\"><em>\u00c7do dit\u00eb, banor\u00ebt e fshatit Jagodin\u00eb n\u00eb Roskovec zgjohen dhe jetojn\u00eb n\u00ebn nj\u00eb re gazi t\u00eb padukshme, por shum\u00eb t\u00eb rrezikshme. Ky nuk \u00ebsht\u00eb thjesht nj\u00eb problem mjedisor. Kjo \u00ebsht\u00eb nj\u00eb k\u00ebrc\u00ebnim direkt p\u00ebr jet\u00ebn! Ky \u00ebsht\u00eb nj\u00eb KRIM i r\u00ebnd\u00eb.<\/em><\/span><\/p>\n<p><span style=\"color: #000000;\"><em>Jagodina \u00ebsht\u00eb nj\u00eb zon\u00eb bujq\u00ebsore dhe me njer\u00ebz shum\u00eb pun\u00ebtor. Ndotja ka d\u00ebmtuar prodhimet bujq\u00ebsore, ka ulur rendimentin dhe cil\u00ebsin\u00eb e ushqimit q\u00eb vjen nga toka. Por m\u00eb e r\u00ebnda \u00ebsht\u00eb se kjo ndotje po d\u00ebmton sh\u00ebndetin e banor\u00ebve: probleme me frym\u00ebmarrjen, alergji, s\u00ebmundje kronike \u2014 e askush nuk mban p\u00ebrgjegj\u00ebsi. Institucionet shtet\u00ebrore e din\u00eb \u00e7far\u00eb po ndodh, por zgjedhin t\u00eb mos veprojn\u00eb, t\u00eb heshtin.<\/em><\/span><\/p>\n<p><span style=\"color: #000000;\"><em>I b\u00ebjm\u00eb thirrje t\u00eb gjitha institucioneve shtet\u00ebrore dhe lokale: ND\u00cbRHYNI TANI! Ndaleni menj\u00ebher\u00eb k\u00ebt\u00eb krim t\u00eb r\u00ebnd\u00eb ndaj jet\u00ebs dhe sh\u00ebndetit t\u00eb banor\u00ebve t\u00eb asaj zone. Banor\u00ebt nuk k\u00ebrkojn\u00eb m\u00ebshir\u00eb, k\u00ebrkojm\u00eb aj\u00ebr t\u00eb past\u00ebr, tok\u00eb t\u00eb sh\u00ebndetshme dhe nj\u00eb t\u00eb ardhme t\u00eb sigurt. Personalisht do ta ndjek k\u00ebt\u00eb \u00e7\u00ebshtje kudo, dhe do jem z\u00ebri i k\u00ebtyre banor\u00ebve, q\u00eb kan\u00eb koh\u00eb q\u00eb b\u00ebrtasin me z\u00eb t\u00eb lart, por p\u00ebr q\u00ebllime korruptive nuk i d\u00ebgjon askush, as bashkia, as qeveria dhe as prokuroria.<\/em><\/span><\/p>\n<p><iframe loading=\"lazy\" style=\"border: none; overflow: hidden;\" src=\"https:\/\/www.facebook.com\/plugins\/video.php?href=https%3A%2F%2Fwww.facebook.com%2Fgazmentbardhi.al%2Fvideos%2F2210182236065080%2F%3Fref%3Dembed_video&amp;show_text=0&amp;width=560\" width=\"560\" height=\"315\" frameborder=\"0\" scrolling=\"no\" allowfullscreen=\"allowfullscreen\"><\/iframe><\/p>\n","protected":false,"gt_translate_keys":[{"key":"rendered","format":"html"}]},"excerpt":{"rendered":"<p>Drejtuesi politik i Partis\u00eb Demokratike p\u00ebr Qarkun e Fierit, Gazment Bardhi, ka denoncuar nj\u00eb situat\u00eb t\u00eb r\u00ebnd\u00eb mjedisore n\u00eb fshatin Jagodin\u00eb t\u00eb Roskovecit, duke e cil\u00ebsuar at\u00eb si nj\u00eb &#8220;krim t\u00eb r\u00ebnd\u00eb&#8221; q\u00eb po k\u00ebrc\u00ebnon jet\u00ebn e banor\u00ebve. N\u00eb nj\u00eb reagim t\u00eb publikuar sot, Bardhi deklaron se banor\u00ebt e zon\u00ebs jetojn\u00eb \u00e7do dit\u00eb n\u00ebn nj\u00eb [&hellip;]<\/p>\n","protected":false,"gt_translate_keys":[{"key":"rendered","format":"html"}]},"author":32,"featured_media":739297,"comment_status":"closed","ping_status":"open","sticky":false,"template":"","format":"standard","meta":{"footnotes":""},"categories":[65],"tags":[],"class_list":["post-739296","post","type-post","status-publish","format-standard","has-post-thumbnail","hentry","category-lajme"],"gt_translate_keys":[{"key":"link","format":"url"}],"_links":{"self":[{"href":"https:\/\/www.hashtag.al\/index.php\/wp-json\/wp\/v2\/posts\/739296","targetHints":{"allow":["GET"]}}],"collection":[{"href":"https:\/\/www.hashtag.al\/index.php\/wp-json\/wp\/v2\/posts"}],"about":[{"href":"https:\/\/www.hashtag.al\/index.php\/wp-json\/wp\/v2\/types\/post"}],"author":[{"embeddable":true,"href":"https:\/\/www.hashtag.al\/index.php\/wp-json\/wp\/v2\/users\/32"}],"replies":[{"embeddable":true,"href":"https:\/\/www.hashtag.al\/index.php\/wp-json\/wp\/v2\/comments?post=739296"}],"version-history":[{"count":99999,"href":"https:\/\/www.hashtag.al\/index.php\/wp-json\/wp\/v2\/posts\/739296\/revisions"}],"predecessor-version":[{"id":739298,"href":"https:\/\/www.hashtag.al\/index.php\/wp-json\/wp\/v2\/posts\/739296\/revisions\/739298"}],"wp:featuredmedia":[{"embeddable":true,"href":"https:\/\/www.hashtag.al\/index.php\/wp-json\/wp\/v2\/media\/739297"}],"wp:attachment":[{"href":"https:\/\/www.hashtag.al\/index.php\/wp-json\/wp\/v2\/media?parent=739296"}],"wp:term":[{"taxonomy":"category","embeddable":true,"href":"https:\/\/www.hashtag.al\/index.php\/wp-json\/wp\/v2\/categories?post=739296"},{"taxonomy":"post_tag","embeddable":true,"href":"https:\/\/www.hashtag.al\/index.php\/wp-json\/wp\/v2\/tags?post=739296"}],"curies":[{"name":"wp","href":"https:\/\/api.w.org\/{rel}","templated":true}]}}