{"id":738967,"date":"2025-05-02T15:57:11","date_gmt":"2025-05-02T13:57:11","guid":{"rendered":"https:\/\/www.hashtag.al\/?p=738967"},"modified":"2025-05-02T15:57:11","modified_gmt":"2025-05-02T13:57:11","slug":"meta-akuzon-ministrin-manja-numri-ekstremisht-i-larte-i-te-paraburgosurve-tregues-i-regjimit-policor","status":"publish","type":"post","link":"https:\/\/www.hashtag.al\/index.php\/2025\/05\/02\/meta-akuzon-ministrin-manja-numri-ekstremisht-i-larte-i-te-paraburgosurve-tregues-i-regjimit-policor\/","title":{"rendered":"Meta akuzon ministrin Manja: Numri ekstremisht i lart\u00eb i t\u00eb paraburgosurve, tregues i regjimit policor","gt_translate_keys":[{"key":"rendered","format":"text"}]},"content":{"rendered":"<p><span style=\"color: #000000;\"><img loading=\"lazy\" decoding=\"async\" class=\"alignnone size-medium wp-image-693750\" src=\"https:\/\/www.hashtag.al\/wp-content\/uploads\/2024\/08\/meta-300x169.jpg\" alt=\"\" width=\"300\" height=\"169\" srcset=\"https:\/\/www.hashtag.al\/wp-content\/uploads\/2024\/08\/meta-300x169.jpg 300w, https:\/\/www.hashtag.al\/wp-content\/uploads\/2024\/08\/meta-768x433.jpg 768w, https:\/\/www.hashtag.al\/wp-content\/uploads\/2024\/08\/meta.jpg 780w\" sizes=\"auto, (max-width: 300px) 100vw, 300px\" \/><\/span><\/p>\n<p><span style=\"color: #000000;\">Ilir Meta, Presidenti i Partis\u00eb s\u00eb Liris\u00eb, ka akuzuar ashp\u00ebr ministrin e Drejt\u00ebsis\u00eb, Ulsi Manja dhe qeverin\u00eb e Edi Ram\u00ebs p\u00ebr abuzime t\u00eb r\u00ebnda n\u00eb sistemin penitenciar.<\/span><\/p>\n<p><span style=\"color: #000000;\">Ai denoncon gjendjen dramatike n\u00eb burgjet shqiptare, ku sipas tij, rreth 2\/3 e t\u00eb burgosurve jan\u00eb t\u00eb paraburgosur, shum\u00eb prej tyre pa akuza konkrete, duke e cil\u00ebsuar k\u00ebt\u00eb si d\u00ebshmi t\u00eb nj\u00eb regjimi policor dhe shkelje flagrante t\u00eb t\u00eb drejtave t\u00eb njeriut.<\/span><\/p>\n<p><span style=\"color: #000000;\">Meta p\u00ebrmend kritika t\u00eb p\u00ebrs\u00ebritura nga organizata nd\u00ebrkomb\u00ebtare si \u201cAmnesty International\u201d dhe K\u00ebshilli i Europ\u00ebs dhe thekson munges\u00ebn e transparenc\u00ebs, stafeve mjek\u00ebsore dhe trajtimin \u00e7njer\u00ebzor t\u00eb t\u00eb paraburgosurve.<\/span><\/p>\n<p><span style=\"color: #000000;\">Ai akuzon qeverin\u00eb p\u00ebr p\u00ebrdorim t\u00eb paraburgimit si mjet represiv dhe politik, nd\u00ebrsa premton reforma n\u00eb drejt\u00ebsi, lirimin e t\u00eb paraburgosurve pa akuza dhe nd\u00ebshkimin e kriminel\u00ebve elektoral\u00eb, n\u00ebse fiton zgjedhjet me \u201cAleanc\u00ebn p\u00ebr Shqip\u00ebrin\u00eb Madh\u00ebshtore\u201d.<\/span><\/p>\n<p>&nbsp;<\/p>\n<p><span style=\"color: #000000;\">Audio-mesazhi i Presidentit t\u00eb Partis\u00eb s\u00eb Liris\u00eb, Ilir Meta:<\/span><\/p>\n<p><span style=\"color: #000000;\"><em>Ministri famoz i Drejt\u00ebsis\u00eb, ai i \u201cDosjes 184\u201d, t\u00eb krimeve elektorale t\u00eb Dibr\u00ebs, i cili duhet t\u00eb ishte sot n\u00eb qeli, duke vuajtur d\u00ebnimin e tij p\u00ebr krimin elektoral q\u00eb tronditi edhe mediat europiane, Bundestagun dhe Parlamentin Europian dhe q\u00eb bllokoi\u00a0 p\u00ebr vite t\u00eb t\u00ebra integrimin.<\/em><\/span><\/p>\n<p><span style=\"color: #000000;\"><em>Por ai ishte dje n\u00eb emision, duke mashtruar publikisht p\u00ebr situat\u00ebn dramatike n\u00eb burgjet shqiptare, ku abuzimi me paraburgimin ua kalon edhe vendeve m\u00eb diktatoriale afrikane.<\/em><\/span><\/p>\n<p><span style=\"color: #000000;\"><em>Gati 2\/3 e qytetar\u00ebve, q\u00eb jan\u00eb sot n\u00eb burgje, jan\u00eb t\u00eb paraburgosur dhe mbi 1\/3 e tyre pa asnj\u00eb akuz\u00eb.<\/em><\/span><\/p>\n<p><span style=\"color: #000000;\"><em>N\u00ebse mesatarja n\u00eb vendet e Bashkimit Europian, \u00ebsht\u00eb 22\u201325% e totalit t\u00eb popullsis\u00eb n\u00eb burgje, n\u00eb Shqip\u00ebri, kjo mesatare \u00ebsht\u00eb gati 3 her\u00eb m\u00eb e lart\u00eb, duke sjell\u00eb nj\u00eb mbipopullim t\u00eb theksuar dhe kushte skandaloze.<\/em><\/span><\/p>\n<p><span style=\"color: #000000;\"><em>Numri ekstremisht i lart\u00eb i t\u00eb paraburgosurve, \u00ebsht\u00eb nj\u00eb nga treguesit m\u00eb demaskues t\u00eb regjimit policor dhe arbitrar t\u00eb Edi Ram\u00ebs, q\u00eb s\u2019ka asnj\u00eb lidhje me shtetin e s\u00eb drejt\u00ebs dhe standardeve europian\u00eb t\u00eb drejt\u00ebsis\u00eb.<\/em><\/span><\/p>\n<p><span style=\"color: #000000;\"><em>Ky num\u00ebr kaq i lart\u00eb i t\u00eb paraburgosurve n\u00eb Shqip\u00ebri, d\u00ebshmon abuzimin e hapur me paraburgimin, q\u00eb p\u00ebrdoret si mjet penal p\u00ebrpara se t\u00eb ket\u00eb vendim gjykate, gj\u00eb q\u00eb e b\u00ebn inekzistent parimin\u00a0 e pafaj\u00ebsis\u00eb deri sa t\u00eb provohet faji.<\/em><\/span><\/p>\n<p><span style=\"color: #000000;\"><em>Kjo sjell zvarritje pa fund t\u00eb proceseve gjyq\u00ebsore dhe k\u00ebtu, p\u00ebr fat t\u00eb keq ka njer\u00ebz, q\u00eb jan\u00eb marr\u00eb n\u00eb pyetje vet\u00ebm nj\u00eb her\u00eb, gjat\u00eb dy viteve paraburgim dhe pa asnj\u00eb akuz\u00eb.<\/em><\/span><\/p>\n<p><span style=\"color: #000000;\"><em>Ndaj, jo vet\u00ebm \u201cAmnesty International\u201d, por edhe K\u00ebshilli i Europ\u00ebs edhe\u00a0 Komiteti\u00a0 p\u00ebr Parandalimin e Tortur\u00ebs,\u00a0 e kan\u00eb kritikuar vazhdimisht Shqip\u00ebrin\u00eb, p\u00ebr situat\u00ebn e r\u00ebnd\u00eb n\u00eb burgje, p\u00ebr munges\u00ebn e transparenc\u00ebs s\u00eb trajtimit\u00a0 t\u00eb ankesave t\u00eb t\u00eb burgosurve, p\u00ebr munges\u00ebn e stafit mjek\u00ebsor dhe terapeutik, q\u00eb ka \u00e7uar deri n\u00eb kushte t\u00eb trajtimit \u00e7njer\u00ebzor\u00a0 p\u00ebr qindra t\u00eb paraburgosur me probleme sh\u00ebndet\u00ebsore.<\/em><\/span><\/p>\n<p><span style=\"color: #000000;\"><em>Vet\u00ebm duke votuar p\u00ebr \u201cAleanc\u00ebn p\u00ebr Shqip\u00ebrin\u00eb Madh\u00ebshtore\u201d, Shqip\u00ebria do t\u00eb p\u00ebrmbushi standardet europiane t\u00eb t\u00eb drejtave t\u00eb njeriut dhe do t\u00eb garantoj\u00eb nj\u00eb sistem t\u00eb drejt\u00eb dhe human t\u00eb drejt\u00ebsis\u00eb penale.<\/em><\/span><\/p>\n<p><span style=\"color: #000000;\"><em>Si mund t\u00eb shqet\u00ebsohet p\u00ebr t\u00eb drejtat e njeriut n\u00eb burgje, nj\u00eb Kryeminist\u00ebr, q\u00eb 12 vite m\u00eb par\u00eb premtoi sh\u00ebndet\u00ebsi falas , nd\u00ebrsa tani edhe \u201cAmnesty International\u201d , si\u00e7 u detyrua dit\u00ebt e fundit, theksoi trajtimin \u00e7njer\u00ebzor t\u00eb qytetar\u00ebve t\u00eb lir\u00eb, si\u00e7 e din\u00eb t\u00eb gjith\u00eb dhe t\u00eb s\u00ebmur\u00eb, jo vet\u00ebm tek Onkologjiku.<\/em><\/span><\/p>\n<p><em><span style=\"color: #000000;\">Statistikat skandaloze me mij\u00ebra t\u00eb paraburgosur, ku mbi nj\u00eb mij\u00eb prej tyre nuk kan\u00eb akuz\u00eb, nuk e fshehin\u00a0 faktin se q\u00ebllimisht jan\u00eb l\u00ebshuar flet\u00eb-arrest fiktive, nd\u00ebrkoh\u00eb q\u00eb duhet t\u00eb ishin ndaluar prej koh\u00ebsh\u00a0 p\u00ebr kriminel\u00eb elektoral\u00eb t\u00eb provuar nga p\u00ebrgjimet nd\u00ebrkomb\u00ebtare, t\u00eb cil\u00ebt sot veprojn\u00eb p\u00ebr llogari t\u00eb Edi Ram\u00ebs, n\u00eb Elbasan, n\u00eb Durr\u00ebs, n\u00eb Lezh\u00eb, n\u00eb Shkod\u00ebr dhe n\u00eb zona t\u00eb tjera.<\/span><\/em><\/p>\n<p><em><span style=\"color: #000000;\">Por m\u00eb 11 Maj, ata t\u00eb gjith\u00eb do t\u00eb marrin p\u00ebrgjigjen e merituar, ne do t\u00eb rishikojm\u00eb Kodin Penal, n\u00eb p\u00ebrputhje me standardet europiane dhe qindra t\u00eb paraburgosur, do t\u00eb hetohen\u00a0 n\u00eb liri.<\/span><\/em><\/p>\n<p><em><span style=\"color: #000000;\">Nuk do ket\u00eb m\u00eb zvarritje t\u00eb proceseve hetimore\u00a0 dhe gjyq\u00ebsore.<\/span><\/em><\/p>\n<p><em><span style=\"color: #000000;\">Nd\u00ebrkoh\u00eb n\u00eb burgje, me prioritet, do t\u00eb vijn\u00eb kriminel\u00ebt elektoral\u00eb , q\u00eb nga ata t\u00eb dosjes\u00a0 q\u00eb fle t\u00eb Dibr\u00ebs dhe deri te k\u00ebta t\u00eb zgjedhjeve t\u00eb 11 Majit.<\/span><\/em><\/p>\n<p><em><span style=\"color: #000000;\">VOTO NR.1 \u2013 Koalicioni \u201cPD \u2013 Aleanca p\u00ebr Shqip\u00ebrin\u00eb Madh\u00ebshtore\u201d!<\/span><\/em><\/p>\n<p><em><span style=\"color: #000000;\">VOTO ILIR METAJ \u2013 QARKU TIRAN\u00cb<\/span><\/em><\/p>\n","protected":false,"gt_translate_keys":[{"key":"rendered","format":"html"}]},"excerpt":{"rendered":"<p>Ilir Meta, Presidenti i Partis\u00eb s\u00eb Liris\u00eb, ka akuzuar ashp\u00ebr ministrin e Drejt\u00ebsis\u00eb, Ulsi Manja dhe qeverin\u00eb e Edi Ram\u00ebs p\u00ebr abuzime t\u00eb r\u00ebnda n\u00eb sistemin penitenciar. Ai denoncon gjendjen dramatike n\u00eb burgjet shqiptare, ku sipas tij, rreth 2\/3 e t\u00eb burgosurve jan\u00eb t\u00eb paraburgosur, shum\u00eb prej tyre pa akuza konkrete, duke e cil\u00ebsuar k\u00ebt\u00eb [&hellip;]<\/p>\n","protected":false,"gt_translate_keys":[{"key":"rendered","format":"html"}]},"author":32,"featured_media":693750,"comment_status":"closed","ping_status":"open","sticky":false,"template":"","format":"standard","meta":{"footnotes":""},"categories":[65],"tags":[],"class_list":["post-738967","post","type-post","status-publish","format-standard","has-post-thumbnail","hentry","category-lajme"],"gt_translate_keys":[{"key":"link","format":"url"}],"_links":{"self":[{"href":"https:\/\/www.hashtag.al\/index.php\/wp-json\/wp\/v2\/posts\/738967","targetHints":{"allow":["GET"]}}],"collection":[{"href":"https:\/\/www.hashtag.al\/index.php\/wp-json\/wp\/v2\/posts"}],"about":[{"href":"https:\/\/www.hashtag.al\/index.php\/wp-json\/wp\/v2\/types\/post"}],"author":[{"embeddable":true,"href":"https:\/\/www.hashtag.al\/index.php\/wp-json\/wp\/v2\/users\/32"}],"replies":[{"embeddable":true,"href":"https:\/\/www.hashtag.al\/index.php\/wp-json\/wp\/v2\/comments?post=738967"}],"version-history":[{"count":99999,"href":"https:\/\/www.hashtag.al\/index.php\/wp-json\/wp\/v2\/posts\/738967\/revisions"}],"predecessor-version":[{"id":738969,"href":"https:\/\/www.hashtag.al\/index.php\/wp-json\/wp\/v2\/posts\/738967\/revisions\/738969"}],"wp:featuredmedia":[{"embeddable":true,"href":"https:\/\/www.hashtag.al\/index.php\/wp-json\/wp\/v2\/media\/693750"}],"wp:attachment":[{"href":"https:\/\/www.hashtag.al\/index.php\/wp-json\/wp\/v2\/media?parent=738967"}],"wp:term":[{"taxonomy":"category","embeddable":true,"href":"https:\/\/www.hashtag.al\/index.php\/wp-json\/wp\/v2\/categories?post=738967"},{"taxonomy":"post_tag","embeddable":true,"href":"https:\/\/www.hashtag.al\/index.php\/wp-json\/wp\/v2\/tags?post=738967"}],"curies":[{"name":"wp","href":"https:\/\/api.w.org\/{rel}","templated":true}]}}