{"id":738964,"date":"2025-05-02T15:40:14","date_gmt":"2025-05-02T13:40:14","guid":{"rendered":"https:\/\/www.hashtag.al\/?p=738964"},"modified":"2025-05-02T15:40:14","modified_gmt":"2025-05-02T13:40:14","slug":"kryeministri-edi-rama-pret-ne-tirane-mbretin-e-jordanise-abdullah-ii-ne-kuader-te-nje-vizite-zyrtare","status":"publish","type":"post","link":"https:\/\/www.hashtag.al\/index.php\/2025\/05\/02\/kryeministri-edi-rama-pret-ne-tirane-mbretin-e-jordanise-abdullah-ii-ne-kuader-te-nje-vizite-zyrtare\/","title":{"rendered":"Kryeministri Edi Rama pret n\u00eb Tiran\u00eb mbretin e Jordanis\u00eb Abdullah II n\u00eb kuad\u00ebr t\u00eb nj\u00eb vizite zyrtare","gt_translate_keys":[{"key":"rendered","format":"text"}]},"content":{"rendered":"<p class=\"\" data-start=\"197\" data-end=\"446\"><span style=\"color: #000000;\"><img decoding=\"async\" src=\"https:\/\/www.hashtag.al\/wp-content\/uploads\/2025\/05\/BeFunky-collage-7-600x599.jpg\" \/><\/span><\/p>\n<p class=\"\" data-start=\"197\" data-end=\"446\"><span style=\"color: #000000;\">Kryeministri Edi Rama ka pritur sot n\u00eb Tiran\u00eb Mbretin e Jordanis\u00eb, Abdullah II bin Al-Hussein, i cili po zhvillon nj\u00eb vizit\u00eb zyrtare n\u00eb Shqip\u00ebri. Vizita vjen n\u00eb kuad\u00ebr t\u00eb forcimit t\u00eb marr\u00ebdh\u00ebnieve dypal\u00ebshe dhe rritjes s\u00eb bashk\u00ebpunimit nd\u00ebrkomb\u00ebtar.<\/span><\/p>\n<p class=\"\" data-start=\"448\" data-end=\"701\"><span style=\"color: #000000;\">P\u00ebrpara takimit me kreun e qeveris\u00eb shqiptare, Mbreti Abdullah II zhvilloi nj\u00eb takim me Presidentin e Republik\u00ebs, Bajram Begaj. T\u00eb dy lider\u00ebt diskutuan p\u00ebr thellimin e dialogut politik mes dy vendeve, si dhe nxitjen e bashk\u00ebpunimit ekonomik dhe tregtar.<\/span><\/p>\n<p class=\"\" data-start=\"703\" data-end=\"900\"><span style=\"color: #000000;\">N\u00eb qend\u00ebr t\u00eb diskutimeve ishin gjithashtu koordinimi n\u00eb kuad\u00ebr t\u00eb organizatave nd\u00ebrkomb\u00ebtare dhe shk\u00ebmbimi i q\u00ebndrimeve mbi sfidat globale, me fokus n\u00eb sigurin\u00eb, paqen dhe zhvillimin e q\u00ebndruesh\u00ebm.<\/span><\/p>\n<p class=\"\" data-start=\"902\" data-end=\"1102\"><span style=\"color: #000000;\">Vizita e Mbretit t\u00eb Jordanis\u00eb konsiderohet nj\u00eb hap i r\u00ebnd\u00ebsish\u00ebm p\u00ebr forcimin e marr\u00ebdh\u00ebnieve mes Shqip\u00ebris\u00eb dhe Jordanis\u00eb, duke hapur rrug\u00eb p\u00ebr bashk\u00ebpunime t\u00eb reja n\u00eb fusha me interes t\u00eb p\u00ebrbashk\u00ebt.<\/span><\/p>\n","protected":false,"gt_translate_keys":[{"key":"rendered","format":"html"}]},"excerpt":{"rendered":"<p>Kryeministri Edi Rama ka pritur sot n\u00eb Tiran\u00eb Mbretin e Jordanis\u00eb, Abdullah II bin Al-Hussein, i cili po zhvillon nj\u00eb vizit\u00eb zyrtare n\u00eb Shqip\u00ebri. Vizita vjen n\u00eb kuad\u00ebr t\u00eb forcimit t\u00eb marr\u00ebdh\u00ebnieve dypal\u00ebshe dhe rritjes s\u00eb bashk\u00ebpunimit nd\u00ebrkomb\u00ebtar. P\u00ebrpara takimit me kreun e qeveris\u00eb shqiptare, Mbreti Abdullah II zhvilloi nj\u00eb takim me Presidentin e Republik\u00ebs, [&hellip;]<\/p>\n","protected":false,"gt_translate_keys":[{"key":"rendered","format":"html"}]},"author":32,"featured_media":738965,"comment_status":"closed","ping_status":"open","sticky":false,"template":"","format":"standard","meta":{"footnotes":""},"categories":[65],"tags":[],"class_list":["post-738964","post","type-post","status-publish","format-standard","has-post-thumbnail","hentry","category-lajme"],"gt_translate_keys":[{"key":"link","format":"url"}],"_links":{"self":[{"href":"https:\/\/www.hashtag.al\/index.php\/wp-json\/wp\/v2\/posts\/738964","targetHints":{"allow":["GET"]}}],"collection":[{"href":"https:\/\/www.hashtag.al\/index.php\/wp-json\/wp\/v2\/posts"}],"about":[{"href":"https:\/\/www.hashtag.al\/index.php\/wp-json\/wp\/v2\/types\/post"}],"author":[{"embeddable":true,"href":"https:\/\/www.hashtag.al\/index.php\/wp-json\/wp\/v2\/users\/32"}],"replies":[{"embeddable":true,"href":"https:\/\/www.hashtag.al\/index.php\/wp-json\/wp\/v2\/comments?post=738964"}],"version-history":[{"count":99999,"href":"https:\/\/www.hashtag.al\/index.php\/wp-json\/wp\/v2\/posts\/738964\/revisions"}],"predecessor-version":[{"id":738968,"href":"https:\/\/www.hashtag.al\/index.php\/wp-json\/wp\/v2\/posts\/738964\/revisions\/738968"}],"wp:featuredmedia":[{"embeddable":true,"href":"https:\/\/www.hashtag.al\/index.php\/wp-json\/wp\/v2\/media\/738965"}],"wp:attachment":[{"href":"https:\/\/www.hashtag.al\/index.php\/wp-json\/wp\/v2\/media?parent=738964"}],"wp:term":[{"taxonomy":"category","embeddable":true,"href":"https:\/\/www.hashtag.al\/index.php\/wp-json\/wp\/v2\/categories?post=738964"},{"taxonomy":"post_tag","embeddable":true,"href":"https:\/\/www.hashtag.al\/index.php\/wp-json\/wp\/v2\/tags?post=738964"}],"curies":[{"name":"wp","href":"https:\/\/api.w.org\/{rel}","templated":true}]}}