{"id":738906,"date":"2025-05-02T09:22:27","date_gmt":"2025-05-02T07:22:27","guid":{"rendered":"https:\/\/www.hashtag.al\/?p=738906"},"modified":"2025-05-02T09:22:27","modified_gmt":"2025-05-02T07:22:27","slug":"vidhet-dega-e-pd-se-ne-cerrik","status":"publish","type":"post","link":"https:\/\/www.hashtag.al\/index.php\/2025\/05\/02\/vidhet-dega-e-pd-se-ne-cerrik\/","title":{"rendered":"Vidhet dega e PD-s\u00eb n\u00eb C\u00ebrrik","gt_translate_keys":[{"key":"rendered","format":"text"}]},"content":{"rendered":"<p><span style=\"color: #000000;\"> <img loading=\"lazy\" decoding=\"async\" class=\"aligncenter size-full wp-image-738907\" src=\"https:\/\/www.hashtag.al\/wp-content\/uploads\/2025\/05\/800-450-1730717992xselia-e-pd-209-768x432-1.jpg\" alt=\"\" width=\"768\" height=\"432\" srcset=\"https:\/\/www.hashtag.al\/wp-content\/uploads\/2025\/05\/800-450-1730717992xselia-e-pd-209-768x432-1.jpg 768w, https:\/\/www.hashtag.al\/wp-content\/uploads\/2025\/05\/800-450-1730717992xselia-e-pd-209-768x432-1-300x169.jpg 300w\" sizes=\"auto, (max-width: 768px) 100vw, 768px\" \/><\/span><\/p>\n<p><span style=\"color: #000000;\">Dega e Partis\u00eb Demokratike n\u00eb C\u00ebrrik ka denoncuar vjedhjen e zyr\u00ebs elektorale.<\/span><\/p>\n<p><span style=\"color: #000000;\">Sipas pretendimit t\u00eb PD, personat q\u00eb kan\u00eb hyr\u00eb n\u00eb zyr\u00eb kan\u00eb marr\u00eb kompjutera dhe nj\u00eb televizor.<\/span><\/p>\n<p><span style=\"color: #000000;\">Policia \u00ebsht\u00eb ende n\u00eb proces verifikimi, por nga t\u00eb dh\u00ebnat paraprake nuk jan\u00eb konstatuar shenja thyerje, por po punohet zbardhjen e ngjarjes, raporton<a href=\"https:\/\/www.balkanweb.com\/dega-e-pd-ne-cerrik-denoncon-vjedhjen-e-zyres-kane-marre-kompjutera-dhe-nje-televizor\/#gsc.tab=0\"><span style=\"color: #0000ff;\"><strong> BW.<\/strong><\/span><\/a><\/span><\/p>\n","protected":false,"gt_translate_keys":[{"key":"rendered","format":"html"}]},"excerpt":{"rendered":"<p>Dega e Partis\u00eb Demokratike n\u00eb C\u00ebrrik ka denoncuar vjedhjen e zyr\u00ebs elektorale. Sipas pretendimit t\u00eb PD, personat q\u00eb kan\u00eb hyr\u00eb n\u00eb zyr\u00eb kan\u00eb marr\u00eb kompjutera dhe nj\u00eb televizor. Policia \u00ebsht\u00eb ende n\u00eb proces verifikimi, por nga t\u00eb dh\u00ebnat paraprake nuk jan\u00eb konstatuar shenja thyerje, por po punohet zbardhjen e ngjarjes, raporton BW.<\/p>\n","protected":false,"gt_translate_keys":[{"key":"rendered","format":"html"}]},"author":49,"featured_media":738907,"comment_status":"closed","ping_status":"open","sticky":false,"template":"","format":"standard","meta":{"footnotes":""},"categories":[65],"tags":[],"class_list":["post-738906","post","type-post","status-publish","format-standard","has-post-thumbnail","hentry","category-lajme"],"gt_translate_keys":[{"key":"link","format":"url"}],"_links":{"self":[{"href":"https:\/\/www.hashtag.al\/index.php\/wp-json\/wp\/v2\/posts\/738906","targetHints":{"allow":["GET"]}}],"collection":[{"href":"https:\/\/www.hashtag.al\/index.php\/wp-json\/wp\/v2\/posts"}],"about":[{"href":"https:\/\/www.hashtag.al\/index.php\/wp-json\/wp\/v2\/types\/post"}],"author":[{"embeddable":true,"href":"https:\/\/www.hashtag.al\/index.php\/wp-json\/wp\/v2\/users\/49"}],"replies":[{"embeddable":true,"href":"https:\/\/www.hashtag.al\/index.php\/wp-json\/wp\/v2\/comments?post=738906"}],"version-history":[{"count":99999,"href":"https:\/\/www.hashtag.al\/index.php\/wp-json\/wp\/v2\/posts\/738906\/revisions"}],"predecessor-version":[{"id":738908,"href":"https:\/\/www.hashtag.al\/index.php\/wp-json\/wp\/v2\/posts\/738906\/revisions\/738908"}],"wp:featuredmedia":[{"embeddable":true,"href":"https:\/\/www.hashtag.al\/index.php\/wp-json\/wp\/v2\/media\/738907"}],"wp:attachment":[{"href":"https:\/\/www.hashtag.al\/index.php\/wp-json\/wp\/v2\/media?parent=738906"}],"wp:term":[{"taxonomy":"category","embeddable":true,"href":"https:\/\/www.hashtag.al\/index.php\/wp-json\/wp\/v2\/categories?post=738906"},{"taxonomy":"post_tag","embeddable":true,"href":"https:\/\/www.hashtag.al\/index.php\/wp-json\/wp\/v2\/tags?post=738906"}],"curies":[{"name":"wp","href":"https:\/\/api.w.org\/{rel}","templated":true}]}}