{"id":738661,"date":"2025-04-30T19:27:55","date_gmt":"2025-04-30T17:27:55","guid":{"rendered":"https:\/\/www.hashtag.al\/?p=738661"},"modified":"2025-04-30T19:27:55","modified_gmt":"2025-04-30T17:27:55","slug":"spiropali-ne-terren-objektivi-eshte-20-mandate-ne-tirane","status":"publish","type":"post","link":"https:\/\/www.hashtag.al\/index.php\/2025\/04\/30\/spiropali-ne-terren-objektivi-eshte-20-mandate-ne-tirane\/","title":{"rendered":"Spiropali n\u00eb terren: Objektivi \u00ebsht\u00eb 20 mandate n\u00eb Tiran\u00eb","gt_translate_keys":[{"key":"rendered","format":"text"}]},"content":{"rendered":"<p class=\"\" data-start=\"228\" data-end=\"477\"><span style=\"color: #000000;\"><img decoding=\"async\" src=\"https:\/\/www.hashtag.al\/wp-content\/uploads\/2025\/03\/1742198909_elisaspiropali.jpg\" \/><\/span><\/p>\n<p class=\"\" data-start=\"228\" data-end=\"477\"><span style=\"color: #000000;\">Drejtuesja politike e PS-s\u00eb p\u00ebr qarkun Tiran\u00eb, Elisa Spiropali, po zhvillon nj\u00eb fushat\u00eb t\u00eb gjer\u00eb n\u00eb t\u00eb kat\u00ebrta bashkit\u00eb e qarkut \u2013 Kavaj\u00eb, Kam\u00ebz, Rrogozhin\u00eb dhe Vor\u00eb \u2013 me synimin e qart\u00eb p\u00ebr t\u00eb siguruar 20 mandate n\u00eb zgjedhjet e 11 majit.<\/span><\/p>\n<p class=\"\" data-start=\"479\" data-end=\"836\"><span style=\"color: #000000;\">Fushata p\u00ebrfshin nj\u00eb seri takimesh t\u00eb personalizuara dhe interaktive: vizita n\u00eb familje, biznese, bashk\u00ebbisedime me profesionist\u00eb, gra, t\u00eb rinj dhe fermer\u00eb, si dhe aktivitete motivuese me votues t\u00eb rinj. Spiropali po shoq\u00ebrohet n\u00eb terren nga figura t\u00eb njohura t\u00eb PS-s\u00eb si Pandeli Majko, Ilva Gjuzi, Eldi \u00c7epeli, Antonela Dedej, Lindita Nikolla dhe t\u00eb tjer\u00eb.<\/span><\/p>\n<p class=\"\" data-start=\"838\" data-end=\"1274\"><span style=\"color: #000000;\">N\u00eb Kavaj\u00eb, ajo u shpreh se qyteti \u00ebsht\u00eb gati p\u00ebr \u201cnj\u00eb nga fitoret m\u00eb t\u00eb bukura t\u00eb PS-s\u00eb\u201d, duke e konsideruar k\u00ebt\u00eb zon\u00eb pjes\u00eb t\u00eb r\u00ebnd\u00ebsishme t\u00eb Planit t\u00eb Rritjes s\u00eb Bashkimit Europian. \u201cKavaja nuk \u00ebsht\u00eb m\u00eb peng i askujt. M\u00eb 11 maj qytetar\u00ebt do t\u00eb votojn\u00eb p\u00ebr zhvillim dhe p\u00ebr Shqip\u00ebrin\u00eb europiane\u201d, deklaroi Spiropali, duke kritikuar ashp\u00ebr kund\u00ebrshtar\u00ebt politik\u00eb dhe duke risjell\u00eb n\u00eb v\u00ebmendje ngjarje historike si G\u00ebrdeci dhe 21 janari.<\/span><\/p>\n<p class=\"\" data-start=\"1276\" data-end=\"1538\"><span style=\"color: #000000;\">N\u00eb Rrogozhin\u00eb, Spiropali theksoi besimin e qytetar\u00ebve n\u00eb qeverisjen e PS-s\u00eb dhe n\u00eb drejt\u00ebsin\u00eb e pavarur.<\/span><\/p>\n<p class=\"\" data-start=\"1276\" data-end=\"1538\"><span style=\"color: #000000;\"><em>\u201cRrogozhina ka qen\u00eb dhe do t\u00eb jet\u00eb krah nesh. Pas 11 majit, ne do t\u00eb menaxhojm\u00eb fitoren, nd\u00ebrsa kund\u00ebrshtar\u00ebt do t\u00eb p\u00ebrballen me pasojat e gabimeve t\u00eb tyre.\u201d<\/em><\/span><\/p>\n<p class=\"\" data-start=\"1540\" data-end=\"1840\"><span style=\"color: #000000;\">Gjat\u00eb takimeve n\u00eb Luz t\u00eb Madh, ajo foli p\u00ebr transformimin q\u00eb po ndodh n\u00eb zon\u00eb p\u00ebrmes investimeve publike dhe p\u00ebrkushtimit t\u00eb qeveris\u00eb. Nd\u00ebrsa n\u00eb Kam\u00ebz, Spiropali vler\u00ebsoi ritmet e larta t\u00eb zhvillimit, duke premtuar m\u00eb shum\u00eb mb\u00ebshtetje n\u00eb kuad\u00ebr t\u00eb an\u00ebtar\u00ebsimit t\u00eb Shqip\u00ebris\u00eb n\u00eb BE deri n\u00eb vitin 2030.<\/span><\/p>\n<p class=\"\" data-start=\"1842\" data-end=\"2046\"><span style=\"color: #000000;\">Spiropali e p\u00ebrmbylli mesazhin e saj me besimin se qytetar\u00ebt do t\u00eb votojn\u00eb p\u00ebr drejt\u00ebsi, zhvillim dhe integrim europian, duke zgjedhur Partin\u00eb Socialiste si forc\u00ebn e vetme q\u00eb ofron garanci p\u00ebr t\u00eb ardhmen.<\/span><\/p>\n","protected":false,"gt_translate_keys":[{"key":"rendered","format":"html"}]},"excerpt":{"rendered":"<p>Drejtuesja politike e PS-s\u00eb p\u00ebr qarkun Tiran\u00eb, Elisa Spiropali, po zhvillon nj\u00eb fushat\u00eb t\u00eb gjer\u00eb n\u00eb t\u00eb kat\u00ebrta bashkit\u00eb e qarkut \u2013 Kavaj\u00eb, Kam\u00ebz, Rrogozhin\u00eb dhe Vor\u00eb \u2013 me synimin e qart\u00eb p\u00ebr t\u00eb siguruar 20 mandate n\u00eb zgjedhjet e 11 majit. Fushata p\u00ebrfshin nj\u00eb seri takimesh t\u00eb personalizuara dhe interaktive: vizita n\u00eb familje, biznese, [&hellip;]<\/p>\n","protected":false,"gt_translate_keys":[{"key":"rendered","format":"html"}]},"author":32,"featured_media":730435,"comment_status":"closed","ping_status":"open","sticky":false,"template":"","format":"standard","meta":{"footnotes":""},"categories":[65],"tags":[],"class_list":["post-738661","post","type-post","status-publish","format-standard","has-post-thumbnail","hentry","category-lajme"],"gt_translate_keys":[{"key":"link","format":"url"}],"_links":{"self":[{"href":"https:\/\/www.hashtag.al\/index.php\/wp-json\/wp\/v2\/posts\/738661","targetHints":{"allow":["GET"]}}],"collection":[{"href":"https:\/\/www.hashtag.al\/index.php\/wp-json\/wp\/v2\/posts"}],"about":[{"href":"https:\/\/www.hashtag.al\/index.php\/wp-json\/wp\/v2\/types\/post"}],"author":[{"embeddable":true,"href":"https:\/\/www.hashtag.al\/index.php\/wp-json\/wp\/v2\/users\/32"}],"replies":[{"embeddable":true,"href":"https:\/\/www.hashtag.al\/index.php\/wp-json\/wp\/v2\/comments?post=738661"}],"version-history":[{"count":99999,"href":"https:\/\/www.hashtag.al\/index.php\/wp-json\/wp\/v2\/posts\/738661\/revisions"}],"predecessor-version":[{"id":738662,"href":"https:\/\/www.hashtag.al\/index.php\/wp-json\/wp\/v2\/posts\/738661\/revisions\/738662"}],"wp:featuredmedia":[{"embeddable":true,"href":"https:\/\/www.hashtag.al\/index.php\/wp-json\/wp\/v2\/media\/730435"}],"wp:attachment":[{"href":"https:\/\/www.hashtag.al\/index.php\/wp-json\/wp\/v2\/media?parent=738661"}],"wp:term":[{"taxonomy":"category","embeddable":true,"href":"https:\/\/www.hashtag.al\/index.php\/wp-json\/wp\/v2\/categories?post=738661"},{"taxonomy":"post_tag","embeddable":true,"href":"https:\/\/www.hashtag.al\/index.php\/wp-json\/wp\/v2\/tags?post=738661"}],"curies":[{"name":"wp","href":"https:\/\/api.w.org\/{rel}","templated":true}]}}