{"id":738635,"date":"2025-04-30T17:27:53","date_gmt":"2025-04-30T15:27:53","guid":{"rendered":"https:\/\/www.hashtag.al\/?p=738635"},"modified":"2025-04-30T17:27:53","modified_gmt":"2025-04-30T15:27:53","slug":"ilir-proda-takim-me-keshillin-e-prinderve-te-tiranes-angazhim-maksimal-dhe-bashkepunim-per-sigurine-e-femijeve","status":"publish","type":"post","link":"https:\/\/www.hashtag.al\/index.php\/2025\/04\/30\/ilir-proda-takim-me-keshillin-e-prinderve-te-tiranes-angazhim-maksimal-dhe-bashkepunim-per-sigurine-e-femijeve\/","title":{"rendered":"Ilir Proda takim me K\u00ebshillin e Prind\u00ebrve t\u00eb Tiran\u00ebs: Angazhim maksimal dhe bashk\u00ebpunim p\u00ebr sigurin\u00eb e f\u00ebmij\u00ebve","gt_translate_keys":[{"key":"rendered","format":"text"}]},"content":{"rendered":"<p><span style=\"color: #000000;\"><img loading=\"lazy\" decoding=\"async\" class=\"alignnone size-medium wp-image-738636\" src=\"https:\/\/www.hashtag.al\/wp-content\/uploads\/2025\/04\/proda-1536x1089-1-300x213.jpg\" alt=\"\" width=\"300\" height=\"213\" srcset=\"https:\/\/www.hashtag.al\/wp-content\/uploads\/2025\/04\/proda-1536x1089-1-300x213.jpg 300w, https:\/\/www.hashtag.al\/wp-content\/uploads\/2025\/04\/proda-1536x1089-1-1024x726.jpg 1024w, https:\/\/www.hashtag.al\/wp-content\/uploads\/2025\/04\/proda-1536x1089-1-768x545.jpg 768w, https:\/\/www.hashtag.al\/wp-content\/uploads\/2025\/04\/proda-1536x1089-1-700x500.jpg 700w, https:\/\/www.hashtag.al\/wp-content\/uploads\/2025\/04\/proda-1536x1089-1.jpg 1536w\" sizes=\"auto, (max-width: 300px) 100vw, 300px\" \/><\/span><\/p>\n<p><span style=\"color: #000000;\">Drejtori i P\u00ebrgjithsh\u00ebm i Policis\u00eb s\u00eb Shtetit, Drejtues Madhor Ilir Proda, priti n\u00eb nj\u00eb takim t\u00eb r\u00ebnd\u00ebsis\u00eb s\u00eb ve\u00e7ant\u00eb, K\u00ebshillin e Prind\u00ebrve t\u00eb Tiran\u00ebs.<\/span><\/p>\n<p><span style=\"color: #000000;\">Objektivi i takimit ishte diskutimi dhe marrja e masave, p\u00ebr koordinimin m\u00eb t\u00eb mir\u00eb t\u00eb zinxhirit t\u00eb p\u00ebrgjegj\u00ebsive, me q\u00ebllim p\u00ebrmbushjen e nj\u00eb prej prioriteteve absolute t\u00eb pun\u00ebs s\u00eb Policis\u00eb s\u00eb Shtetit, garantimin e siguris\u00eb s\u00eb f\u00ebmij\u00ebve.<\/span><\/p>\n<p><span style=\"color: #000000;\">Disa nga temat e diskutuara gjat\u00eb takimit ishin:<\/span><\/p>\n<p><span style=\"color: #000000;\">-siguria e nx\u00ebn\u00ebsve n\u00eb ambientet e shkoll\u00ebs dhe p\u00ebrreth saj;<\/span><\/p>\n<p><span style=\"color: #000000;\">-siguria rrugore p\u00ebrreth shkollave;<\/span><\/p>\n<p><span style=\"color: #000000;\">-siguria kibernetike dhe mbrojtja e f\u00ebmij\u00ebve, online;<\/span><\/p>\n<p><span style=\"color: #000000;\">-garantimi i siguris\u00eb gjat\u00eb aktiviteteve sociale, n\u00eb t\u00eb cilat jan\u00eb t\u00eb p\u00ebrfshir\u00eb f\u00ebmij\u00eb dhe t\u00eb rinj.<\/span><\/p>\n<p><span style=\"color: #000000;\">-bashk\u00ebpunimi midis komunitetit t\u00eb prind\u00ebrve dhe Policis\u00eb s\u00eb Shtetit.<\/span><\/p>\n<p><span style=\"color: #000000;\">Drejtori i P\u00ebrgjithsh\u00ebm e vler\u00ebsoi shum\u00eb t\u00eb r\u00ebnd\u00ebsish\u00ebm k\u00ebt\u00eb takim dhe rekomandimet e p\u00ebrcjella nga K\u00ebshilli i Prind\u00ebrve t\u00eb Tiran\u00ebs, pasi kishin t\u00eb b\u00ebjn\u00eb me sigurin\u00eb e f\u00ebmij\u00ebve, t\u00eb cil\u00ebt jan\u00eb e ardhmja e vendit.<\/span><\/p>\n<p><span style=\"color: #000000;\">Drejtori garantoi K\u00ebshillin e Prind\u00ebrve t\u00eb Tiran\u00ebs, se strukturat e Policis\u00eb s\u00eb Shtetit, n\u00eb t\u00eb gjith\u00eb vendin, jan\u00eb maksimalisht t\u00eb angazhuara p\u00ebr t\u00eb bashk\u00ebpunuar dhe p\u00ebr t\u00eb koordinuar veprimet me t\u00eb gjith\u00eb aktor\u00ebt e zinxhirit t\u00eb siguris\u00eb n\u00eb shkolla.<\/span><\/p>\n<p><span style=\"color: #000000;\">Nd\u00ebr t\u00eb tjera, gjat\u00eb takimit, Drejtor Proda u shpreh: \u201c<em>Policia e Shtetit e ka prioritetet sigurin\u00eb n\u00eb shkolla. Policia vler\u00ebson maksimalisht \u00e7do konflikt, edhe ato t\u00eb vogla nd\u00ebrmjet bashk\u00ebmoshatar\u00ebve, n\u00eb bashk\u00ebpunim me oficer\u00ebt e siguris\u00eb, drejtuesit e shkollave dhe patjet\u00ebr, me bordet e prind\u00ebrve q\u00eb kan\u00eb nj\u00eb rol thelb\u00ebsor n\u00eb k\u00ebt\u00eb proces. Kam dh\u00ebn\u00eb porosi t\u00eb ve\u00e7ant\u00eb q\u00eb pavar\u00ebsisht ngarkes\u00ebs q\u00eb kan\u00eb sh\u00ebrbimet policore, t\u00eb intensifikojn\u00eb monitorimet n\u00eb shkolla, sidomos gjat\u00eb jav\u00ebve t\u00eb fundit t\u00eb m\u00ebsimit, duke bashk\u00ebpunuar ngusht\u00ebsisht me oficer\u00ebt e siguris\u00eb, punonj\u00ebsit social\u00eb dhe me policit\u00eb bashkiake.\u201d<\/em><\/span><\/p>\n","protected":false,"gt_translate_keys":[{"key":"rendered","format":"html"}]},"excerpt":{"rendered":"<p>Drejtori i P\u00ebrgjithsh\u00ebm i Policis\u00eb s\u00eb Shtetit, Drejtues Madhor Ilir Proda, priti n\u00eb nj\u00eb takim t\u00eb r\u00ebnd\u00ebsis\u00eb s\u00eb ve\u00e7ant\u00eb, K\u00ebshillin e Prind\u00ebrve t\u00eb Tiran\u00ebs. Objektivi i takimit ishte diskutimi dhe marrja e masave, p\u00ebr koordinimin m\u00eb t\u00eb mir\u00eb t\u00eb zinxhirit t\u00eb p\u00ebrgjegj\u00ebsive, me q\u00ebllim p\u00ebrmbushjen e nj\u00eb prej prioriteteve absolute t\u00eb pun\u00ebs s\u00eb Policis\u00eb s\u00eb [&hellip;]<\/p>\n","protected":false,"gt_translate_keys":[{"key":"rendered","format":"html"}]},"author":32,"featured_media":738636,"comment_status":"closed","ping_status":"open","sticky":false,"template":"","format":"standard","meta":{"footnotes":""},"categories":[65],"tags":[],"class_list":["post-738635","post","type-post","status-publish","format-standard","has-post-thumbnail","hentry","category-lajme"],"gt_translate_keys":[{"key":"link","format":"url"}],"_links":{"self":[{"href":"https:\/\/www.hashtag.al\/index.php\/wp-json\/wp\/v2\/posts\/738635","targetHints":{"allow":["GET"]}}],"collection":[{"href":"https:\/\/www.hashtag.al\/index.php\/wp-json\/wp\/v2\/posts"}],"about":[{"href":"https:\/\/www.hashtag.al\/index.php\/wp-json\/wp\/v2\/types\/post"}],"author":[{"embeddable":true,"href":"https:\/\/www.hashtag.al\/index.php\/wp-json\/wp\/v2\/users\/32"}],"replies":[{"embeddable":true,"href":"https:\/\/www.hashtag.al\/index.php\/wp-json\/wp\/v2\/comments?post=738635"}],"version-history":[{"count":99999,"href":"https:\/\/www.hashtag.al\/index.php\/wp-json\/wp\/v2\/posts\/738635\/revisions"}],"predecessor-version":[{"id":738637,"href":"https:\/\/www.hashtag.al\/index.php\/wp-json\/wp\/v2\/posts\/738635\/revisions\/738637"}],"wp:featuredmedia":[{"embeddable":true,"href":"https:\/\/www.hashtag.al\/index.php\/wp-json\/wp\/v2\/media\/738636"}],"wp:attachment":[{"href":"https:\/\/www.hashtag.al\/index.php\/wp-json\/wp\/v2\/media?parent=738635"}],"wp:term":[{"taxonomy":"category","embeddable":true,"href":"https:\/\/www.hashtag.al\/index.php\/wp-json\/wp\/v2\/categories?post=738635"},{"taxonomy":"post_tag","embeddable":true,"href":"https:\/\/www.hashtag.al\/index.php\/wp-json\/wp\/v2\/tags?post=738635"}],"curies":[{"name":"wp","href":"https:\/\/api.w.org\/{rel}","templated":true}]}}