{"id":737678,"date":"2025-04-25T12:27:24","date_gmt":"2025-04-25T10:27:24","guid":{"rendered":"https:\/\/www.hashtag.al\/?p=737678"},"modified":"2025-04-25T12:27:24","modified_gmt":"2025-04-25T10:27:24","slug":"rruga-e-re-shengjin-velipoje-rama-do-fuqizoje-ekonomine-e-shkodres-dhe-lezhes","status":"publish","type":"post","link":"https:\/\/www.hashtag.al\/index.php\/2025\/04\/25\/rruga-e-re-shengjin-velipoje-rama-do-fuqizoje-ekonomine-e-shkodres-dhe-lezhes\/","title":{"rendered":"Rruga e Re Sh\u00ebngjin-Velipoj\u00eb, Rama: Do fuqizoj\u00eb ekonomin\u00eb e Shkodr\u00ebs dhe Lezh\u00ebs","gt_translate_keys":[{"key":"rendered","format":"text"}]},"content":{"rendered":"<p><span style=\"color: #000000;\"><img loading=\"lazy\" decoding=\"async\" class=\"aligncenter size-full wp-image-737679\" src=\"https:\/\/www.hashtag.al\/wp-content\/uploads\/2025\/04\/edi-rama-ne-740x450-1.jpg\" alt=\"\" width=\"740\" height=\"450\" srcset=\"https:\/\/www.hashtag.al\/wp-content\/uploads\/2025\/04\/edi-rama-ne-740x450-1.jpg 740w, https:\/\/www.hashtag.al\/wp-content\/uploads\/2025\/04\/edi-rama-ne-740x450-1-300x182.jpg 300w\" sizes=\"auto, (max-width: 740px) 100vw, 740px\" \/><\/span><\/p>\n<p><span style=\"color: #000000;\">N\u00eb nj\u00eb takim me p\u00ebrfaq\u00ebsues t\u00eb bizneseve, kryetari i Partis\u00eb Socialiste, Edi Rama, tha se rruga e re Sh\u00ebngjin-Velipoj\u00eb do t&#8217;u jap\u00eb turist\u00ebve mund\u00ebsin\u00eb t\u00eb zbulojn\u00eb pjes\u00ebt magjike t\u00eb Shqip\u00ebris\u00eb, duke fuqizuar nj\u00ebkoh\u00ebsisht ekonomin\u00eb vendore t\u00eb Shkodr\u00ebs dhe Lezh\u00ebs, si edhe ekonomin\u00eb komb\u00ebtare.<\/span><\/p>\n<p><span style=\"color: #000000;\">Ai theksoi se fal\u00eb stokut t\u00eb projekteve t\u00eb reja n\u00eb Lezh\u00eb, Shkod\u00ebr dhe m\u00eb gjer\u00eb, vendi po p\u00ebrjeton nj\u00eb gjenerat\u00eb t\u00eb re zhvillimi n\u00eb shum\u00eb fusha. Rama foli edhe p\u00ebr pjes\u00ebmarrjen e Shqip\u00ebris\u00eb n\u00eb Bienalen e Arkitektur\u00ebs n\u00eb Venecia, ku nj\u00eb rrjet arkitekt\u00ebsh t\u00eb rinj do t\u00eb p\u00ebrfaq\u00ebsoj\u00eb vendin me nj\u00eb mozaik t\u00eb jasht\u00ebzakonsh\u00ebm.<\/span><\/p>\n<p><span style=\"color: #000000;\">N\u00eb vijim, kryesocialisti n\u00ebnvizoi r\u00ebnd\u00ebsin\u00eb e krijimit t\u00eb nj\u00eb infrastrukture t\u00eb re dhe cil\u00ebsore t\u00eb mikpritjes, me synim t\u00ebrheqjen e turist\u00ebve q\u00eb shpenzojn\u00eb m\u00eb shum\u00eb.<\/span><\/p>\n<p><span style=\"color: #000000;\"><em>\u201cP\u00ebrfundimi i k\u00ebsaj rruge t\u00eb re \u00ebsht\u00eb moment leht\u00ebsimi se me k\u00ebt\u00eb rrug\u00eb t\u00eb re, dhe me segmente t\u00eb tjera t\u00eb k\u00ebsaj natyre q\u00eb kemi investuar dhe vazhdojm\u00eb t\u2019i investojm\u00eb i zbulojn\u00eb nj\u00eb pjes\u00ebz t\u00eb magjishme Shqip\u00ebri\u00eb q\u00eb deri dje nuk ishte e aksesueshme. <\/em><\/span><\/p>\n<p><span style=\"color: #000000;\"><em>Fuqizojm\u00eb mb\u00ebshtetjen p\u00ebr ekonomin\u00eb e Shkodr\u00ebs dhe t\u00eb Lezh\u00ebs, nuk diskutohet q\u00eb shtojm\u00eb t\u00eb ardhurat t\u00eb tjera p\u00ebr ekonomin\u00eb tona komb\u00ebtare. <\/em><\/span><\/p>\n<p><span style=\"color: #000000;\"><em>Jam optimist duke pasur parasysh stokun e projekteve t\u00eb reja, tuajat, t\u00eb sip\u00ebrmarrjes, n\u00eb Lezh\u00eb e Shkod\u00ebr, por edhe t\u00eb shum\u00ebkujt tjet\u00ebr q\u00eb nuk \u00ebsht\u00eb k\u00ebtu me ju sot, se jan\u00eb projekte t\u00eb nj\u00eb gjenerate tjet\u00ebr n\u00eb t\u00eb gjitha drejtimet.<\/em><\/span><\/p>\n<p><span style=\"color: #000000;\"><em> Kemi mbledhur dhe krijuar nj\u00eb rrjet unikal arkitekt\u00ebsh, t\u00eb cil\u00ebt do t\u00eb jen\u00eb edhe pjes\u00eb e pavionit t\u00eb Shqip\u00ebris\u00eb n\u00eb Bienalen e Arkitektur\u00ebs n\u00eb Venecias q\u00eb japet s\u00eb shpejti, do t\u2019ju sugjeroja t\u00eb shkoni ta shihni. <\/em><\/span><\/p>\n<p><span style=\"color: #000000;\"><em>Krenari e madhe q\u00eb Shqip\u00ebria n\u00eb k\u00ebt\u00eb edicion t\u00eb Bienales do t\u00eb p\u00ebrfaq\u00ebsohet me nj\u00eb mozaik t\u00eb jasht\u00ebzakonsh\u00ebm arkitekt\u00ebsh. T\u00eb t\u00ebrheqim k\u00ebtu at\u00eb q\u00eb ne na mungon, fuqin\u00eb e madhe t\u00eb konsumit nga ana e kategoris\u00eb s\u00eb turist\u00ebve q\u00eb shpenzojn\u00eb shum\u00eb. <\/em><\/span><\/p>\n<p><span style=\"color: #000000;\"><em>Natyrisht ata kan\u00eb nevoj\u00eb p\u00ebr k\u00ebt\u00eb infrastruktur\u00eb t\u00eb re mikpritjeje q\u00eb po krijojm\u00eb dhe pastaj t\u00eb ardhurat rriten, ashtu sikund\u00ebr rritet edhe mund\u00ebsia por edhe nevoja p\u00ebr t\u00eb paguar shum\u00eb m\u00eb tep\u00ebr stafet sepse e gjitha lidhet me cil\u00ebsin\u00eb. Do t\u2019ju thosha q\u00eb t\u00eb synoni maksimumin e cil\u00ebsis\u00eb, do t\u00eb jemi shum\u00eb mb\u00ebshtet\u00ebs por edhe rigoroz p\u00ebr zhvillimet n\u00eb k\u00ebto hap\u00ebsira t\u00eb reja.<\/em><\/span><\/p>\n<p><span style=\"color: #000000;\"><em> Kemi b\u00ebr\u00eb si vend shum\u00eb gabime n\u00eb t\u00eb shkuar\u00ebn, n\u00eb zhvillimin e bregdetit ton\u00eb n\u00eb t\u00eb shkuar\u00ebn, pa llogaritur furit\u00eb e nd\u00ebrtimeve absurde n\u00eb fillimet e tranzicionit, por kemi akoma mund\u00ebsi p\u00ebr t\u00eb krijuar nj\u00eb insfrastruktur\u00eb mikpritjeje dhe shembullore.&#8221;,<\/em> tha Rama.<\/span><\/p>\n","protected":false,"gt_translate_keys":[{"key":"rendered","format":"html"}]},"excerpt":{"rendered":"<p>N\u00eb nj\u00eb takim me p\u00ebrfaq\u00ebsues t\u00eb bizneseve, kryetari i Partis\u00eb Socialiste, Edi Rama, tha se rruga e re Sh\u00ebngjin-Velipoj\u00eb do t&#8217;u jap\u00eb turist\u00ebve mund\u00ebsin\u00eb t\u00eb zbulojn\u00eb pjes\u00ebt magjike t\u00eb Shqip\u00ebris\u00eb, duke fuqizuar nj\u00ebkoh\u00ebsisht ekonomin\u00eb vendore t\u00eb Shkodr\u00ebs dhe Lezh\u00ebs, si edhe ekonomin\u00eb komb\u00ebtare. Ai theksoi se fal\u00eb stokut t\u00eb projekteve t\u00eb reja n\u00eb Lezh\u00eb, Shkod\u00ebr [&hellip;]<\/p>\n","protected":false,"gt_translate_keys":[{"key":"rendered","format":"html"}]},"author":49,"featured_media":737679,"comment_status":"closed","ping_status":"open","sticky":false,"template":"","format":"standard","meta":{"footnotes":""},"categories":[65],"tags":[],"class_list":["post-737678","post","type-post","status-publish","format-standard","has-post-thumbnail","hentry","category-lajme"],"gt_translate_keys":[{"key":"link","format":"url"}],"_links":{"self":[{"href":"https:\/\/www.hashtag.al\/index.php\/wp-json\/wp\/v2\/posts\/737678","targetHints":{"allow":["GET"]}}],"collection":[{"href":"https:\/\/www.hashtag.al\/index.php\/wp-json\/wp\/v2\/posts"}],"about":[{"href":"https:\/\/www.hashtag.al\/index.php\/wp-json\/wp\/v2\/types\/post"}],"author":[{"embeddable":true,"href":"https:\/\/www.hashtag.al\/index.php\/wp-json\/wp\/v2\/users\/49"}],"replies":[{"embeddable":true,"href":"https:\/\/www.hashtag.al\/index.php\/wp-json\/wp\/v2\/comments?post=737678"}],"version-history":[{"count":99999,"href":"https:\/\/www.hashtag.al\/index.php\/wp-json\/wp\/v2\/posts\/737678\/revisions"}],"predecessor-version":[{"id":737680,"href":"https:\/\/www.hashtag.al\/index.php\/wp-json\/wp\/v2\/posts\/737678\/revisions\/737680"}],"wp:featuredmedia":[{"embeddable":true,"href":"https:\/\/www.hashtag.al\/index.php\/wp-json\/wp\/v2\/media\/737679"}],"wp:attachment":[{"href":"https:\/\/www.hashtag.al\/index.php\/wp-json\/wp\/v2\/media?parent=737678"}],"wp:term":[{"taxonomy":"category","embeddable":true,"href":"https:\/\/www.hashtag.al\/index.php\/wp-json\/wp\/v2\/categories?post=737678"},{"taxonomy":"post_tag","embeddable":true,"href":"https:\/\/www.hashtag.al\/index.php\/wp-json\/wp\/v2\/tags?post=737678"}],"curies":[{"name":"wp","href":"https:\/\/api.w.org\/{rel}","templated":true}]}}