{"id":737612,"date":"2025-04-24T22:08:57","date_gmt":"2025-04-24T20:08:57","guid":{"rendered":"https:\/\/www.hashtag.al\/?p=737612"},"modified":"2025-04-24T22:09:02","modified_gmt":"2025-04-24T20:09:02","slug":"tabaku-hetimit-per-incineratorin-e-tiranes-do-i-shkohet-deri-ne-fund-do-e-rihapim","status":"publish","type":"post","link":"https:\/\/www.hashtag.al\/index.php\/2025\/04\/24\/tabaku-hetimit-per-incineratorin-e-tiranes-do-i-shkohet-deri-ne-fund-do-e-rihapim\/","title":{"rendered":"Tabaku: Hetimit p\u00ebr incineratorin e Tiran\u00ebs do i shkohet deri n\u00eb fund, do e rihapim","gt_translate_keys":[{"key":"rendered","format":"text"}]},"content":{"rendered":"<p><a href=\"https:\/\/www.hashtag.al\/index.php\/2025\/04\/24\/tabaku-hetimit-per-incineratorin-e-tiranes-do-i-shkohet-deri-ne-fund-do-e-rihapim\/tabaku-122\/\" rel=\"attachment wp-att-737615\"><img loading=\"lazy\" decoding=\"async\" class=\"aligncenter size-full wp-image-737615\" src=\"https:\/\/www.hashtag.al\/wp-content\/uploads\/2025\/04\/tabaku-2.png\" alt=\"\" width=\"964\" height=\"468\" srcset=\"https:\/\/www.hashtag.al\/wp-content\/uploads\/2025\/04\/tabaku-2.png 964w, https:\/\/www.hashtag.al\/wp-content\/uploads\/2025\/04\/tabaku-2-300x146.png 300w, https:\/\/www.hashtag.al\/wp-content\/uploads\/2025\/04\/tabaku-2-768x373.png 768w\" sizes=\"auto, (max-width: 964px) 100vw, 964px\" \/><\/a><\/p>\n<p><span style=\"color: #000000;\">Kandidatja e PD-s\u00eb p\u00ebr Tiran\u00ebn, Jorida Tabaku, tha mbr\u00ebmjen e sotme, se fushata e PS-s\u00eb nuk ka asnj\u00eb program, asnj\u00eb bilanc p\u00ebr pun\u00ebt e b\u00ebra po vet\u00ebm sulm e gjuh\u00eb denigruese ndaj opozit\u00ebs.<\/span><\/p>\n<p><span style=\"color: #000000;\">E ftuar n\u00eb \u201c\u00c7im Peka Live\u201d, demokratja tha se kandidat\u00ebt e PS-s\u00eb po blejn\u00eb vota kund\u00ebr nj\u00ebri-tjetrit.<\/span><\/p>\n<p><span style=\"color: #000000;\"><em>\u201cP\u00ebrve\u00e7 faktit se ne do diskutojm\u00eb, pa p\u00ebrballje, pa debat pa asnj\u00eb p\u00ebrmbajtje \u00e7far\u00eb ofron sot mazhoranca e PS-s\u00eb, ne nuk i shohim as n\u00eb terren. Jan\u00eb kthyer portretet e kandidat\u00ebt e PS-s\u00eb, vet\u00ebm n\u00eb flet\u00ebpalosjet e l\u00ebna posht\u00eb dyerve. Ne po na ndodh nj\u00eb fenomen n\u00eb fakt, deputet\u00eb socialist\u00eb t\u00eb list\u00ebs s\u00eb hapur, vijn\u00eb e ankohen n\u00eb zyrat tona se, \u2018x\u2019 deputet i list\u00ebs s\u00eb hapur po blen vota te socialist\u00eb, \u2018y\u2019 i list\u00ebs s\u00eb hapur t\u00eb PS, po blen k\u00ebtu. Ka filluar nj\u00eb luft\u00eb e brendshme n\u00eb k\u00ebt\u00eb nivel q\u00eb nuk \u00ebsht\u00eb as n\u00eb fushat\u00eb as n\u00eb terren, por po p\u00ebrpiqen me makinacionet e p\u00ebrhershme t\u00eb tyre, p\u00ebr t\u00eb rikuperuar k\u00ebt\u00eb gj\u00ebn\u00eb q\u00eb mungon nga p\u00ebrmbajtja dhe p\u00ebrballja programore.\u201d<\/em> &#8211; tha Tabaku.<\/span><\/p>\n<p><span style=\"color: #000000;\">Ajo shtoi m\u00eb tej se PD-ja do i fitoj\u00eb zgjedhjet nd\u00ebrsa paralajm\u00ebroi se hetimi p\u00ebr incineratorin e Tiran\u00ebes do hapet.<\/span><br \/>\n<span style=\"color: #000000;\"><em>\u201cDuhet q\u00eb vota t\u00eb shkoj\u00eb t\u00eb oferta e par\u00eb opozitare. Ndryshe vota digjet, n\u00ebse nuk prodhon mandat i shkon mazhoranc\u00ebs. Pse t\u00eb mos ket\u00eb paqe 365 dit\u00eb m\u00eb biznesin po vet\u00ebm p\u00ebr fushat\u00eb. Pse t\u00eb mos ket\u00eb mb\u00ebshtetje p\u00ebr pensionist\u00ebt, p\u00ebr qytetar\u00ebt 365 dit\u00ebt e vitit po vet\u00ebm p\u00ebr fushat\u00eb. P\u00ebr mua hetimi p\u00ebr incineratorin e Tiran\u00ebs nuk \u00ebsht\u00eb i plot\u00eb, ka d\u00ebshtuar. Pavar\u00ebsisht vendimit t\u00eb gjykat\u00ebs pak dit\u00eb m\u00eb par\u00eb, k\u00ebsaja dosjeje do i shkohet deri n\u00eb fund. Nuk ka amnisti p\u00ebr ata q\u00eb kan\u00eb grabitur qytetar\u00ebt. PD do i fitoj\u00eb zgjedhjet. D\u00ebshira ime \u00ebsht\u00eb q\u00eb t\u00eb jem n\u00eb parlament, t\u00eb b\u00ebj betej\u00ebn time. Gjithmon\u00eb brenda PD-s\u00eb. N\u00eb nj\u00eb parti duhen t\u00eb gjith\u00eb.\u201d<\/em> &#8211; shtoi Tabaku.<\/span><\/p>\n","protected":false,"gt_translate_keys":[{"key":"rendered","format":"html"}]},"excerpt":{"rendered":"<p>Kandidatja e PD-s\u00eb p\u00ebr Tiran\u00ebn, Jorida Tabaku, tha mbr\u00ebmjen e sotme, se fushata e PS-s\u00eb nuk ka asnj\u00eb program, asnj\u00eb bilanc p\u00ebr pun\u00ebt e b\u00ebra po vet\u00ebm sulm e gjuh\u00eb denigruese ndaj opozit\u00ebs. E ftuar n\u00eb \u201c\u00c7im Peka Live\u201d, demokratja tha se kandidat\u00ebt e PS-s\u00eb po blejn\u00eb vota kund\u00ebr nj\u00ebri-tjetrit. \u201cP\u00ebrve\u00e7 faktit se ne do [&hellip;]<\/p>\n","protected":false,"gt_translate_keys":[{"key":"rendered","format":"html"}]},"author":51,"featured_media":737615,"comment_status":"closed","ping_status":"open","sticky":false,"template":"","format":"standard","meta":{"footnotes":""},"categories":[65],"tags":[],"class_list":["post-737612","post","type-post","status-publish","format-standard","has-post-thumbnail","hentry","category-lajme"],"gt_translate_keys":[{"key":"link","format":"url"}],"_links":{"self":[{"href":"https:\/\/www.hashtag.al\/index.php\/wp-json\/wp\/v2\/posts\/737612","targetHints":{"allow":["GET"]}}],"collection":[{"href":"https:\/\/www.hashtag.al\/index.php\/wp-json\/wp\/v2\/posts"}],"about":[{"href":"https:\/\/www.hashtag.al\/index.php\/wp-json\/wp\/v2\/types\/post"}],"author":[{"embeddable":true,"href":"https:\/\/www.hashtag.al\/index.php\/wp-json\/wp\/v2\/users\/51"}],"replies":[{"embeddable":true,"href":"https:\/\/www.hashtag.al\/index.php\/wp-json\/wp\/v2\/comments?post=737612"}],"version-history":[{"count":99999,"href":"https:\/\/www.hashtag.al\/index.php\/wp-json\/wp\/v2\/posts\/737612\/revisions"}],"predecessor-version":[{"id":737617,"href":"https:\/\/www.hashtag.al\/index.php\/wp-json\/wp\/v2\/posts\/737612\/revisions\/737617"}],"wp:featuredmedia":[{"embeddable":true,"href":"https:\/\/www.hashtag.al\/index.php\/wp-json\/wp\/v2\/media\/737615"}],"wp:attachment":[{"href":"https:\/\/www.hashtag.al\/index.php\/wp-json\/wp\/v2\/media?parent=737612"}],"wp:term":[{"taxonomy":"category","embeddable":true,"href":"https:\/\/www.hashtag.al\/index.php\/wp-json\/wp\/v2\/categories?post=737612"},{"taxonomy":"post_tag","embeddable":true,"href":"https:\/\/www.hashtag.al\/index.php\/wp-json\/wp\/v2\/tags?post=737612"}],"curies":[{"name":"wp","href":"https:\/\/api.w.org\/{rel}","templated":true}]}}